{"id":75301,"date":"2022-10-28T10:14:34","date_gmt":"2022-10-28T16:14:34","guid":{"rendered":"http:\/\/amanecerhuasteco.com\/portal\/?p=75301"},"modified":"2022-10-28T10:14:34","modified_gmt":"2022-10-28T16:14:34","slug":"gobierno-del-cambio-se-suma-al-mes-de-la-cultura-del-agua","status":"publish","type":"post","link":"https:\/\/amanecerhuasteco.com\/portal\/gobierno-del-cambio-se-suma-al-mes-de-la-cultura-del-agua\/","title":{"rendered":"Gobierno del cambio se suma al mes de la cultura del agua"},"content":{"rendered":"<p>GOBIERNO DEL CAMBIO SE SUMA AL MES DE LA CULTURA DEL AGUA<br \/>\n\u2022 A trav\u00e9s de la Comisi\u00f3n Estatal del Agua, realiza actividades de concientizaci\u00f3n del cuidado y aprovechamiento del vital l\u00edquido<\/p>\n<p>Como parte de la encomienda del Gobernador Ricardo Gallardo Cardona de garantizar el acceso al agua potable para las y los potosinos, la Comisi\u00f3n Estatal del Agua (CEA) se sum\u00f3 al \u201cMes de la Cultura del Agua\u201d a fin de concientizar sobre el cuidado y aprovechamiento del vital l\u00edquido y asegurar el abasto a las pr\u00f3ximas generaciones.<br \/>\nLa direcci\u00f3n de Cultura del Agua de la CEA, realiz\u00f3 un curso de capacitaci\u00f3n a los directores de los organismos operadores municipales, y capacit\u00f3 a las y los trabajadores de dichos organismos de: El Naranjo, zona metropolitana, Cerritos, Ciudad Fern\u00e1ndez, San Ciro de Acosta, Rioverde, El Refugio, Matehuala, Ray\u00f3n y Ciudad Valles, adem\u00e1s de actividades l\u00fadicas y deportivas para alumnos de los diferentes niveles acad\u00e9micos, incluyendo universidades a los que se les llevaron \u201ccaravanas del agua\u201d en las plazas principales de dichos municipios.<br \/>\nAdem\u00e1s, a trav\u00e9s del Programa PROAGUA en el que se aporta 50 por ciento de recurso federal y 50 estatal, se entreg\u00f3 hipoclorito de calcio e hipoclorito de sodio a Alaquines, Rioverde, El Refugio, Villa de Guadalupe, Ciudad Fern\u00e1ndez y Charcas, a fin de que lleven a cabo el correcto tratamiento del agua potable que es enviada a los hogares.<br \/>\n\u201cEl objetivo es crear estrategias de difusi\u00f3n para sensibilizar a la poblaci\u00f3n sobre el cuidado del agua y una conciencia de uso responsable que, si no lo valoramos y garantizamos su ciclo natural, no habr\u00e1 suficiente, lo que significar\u00e1 crisis en el futuro\u201d, dijo el director general de la CEA, Benjam\u00edn P\u00e9rez \u00c1lvarez al momento de hacer un llamado a las y los funcionarios de los organismos operadores municipales para sumar esfuerzos por un bien com\u00fan: el agua.<br \/>\nFinalmente, dijo que el Gobierno del cambio generar\u00e1 la infraestructura necesaria para garantizar el acceso al agua potable y el saneamiento en todo el estado, pero ser\u00e1n las y los funcionarios municipales los que deber\u00e1n garantizar su correcto funcionamiento y aprovechamiento y llevarla a todos los hogares, el campo, la industria, y la sustentabilidad para el turismo, una de las principales actividades econ\u00f3micas en la zona Huasteca y del Estado.<\/p>\n","protected":false},"excerpt":{"rendered":"<p>GOBIERNO DEL CAMBIO SE SUMA AL MES DE LA CULTURA DEL AGUA \u2022 A trav\u00e9s de la Comisi\u00f3n Estatal del Agua, realiza actividades de concientizaci\u00f3n del cuidado y aprovechamiento del vital l\u00edquido Como parte de la encomienda del Gobernador Ricardo Gallardo Cardona de garantizar el &hellip; <\/p>\n","protected":false},"author":1,"featured_media":75302,"comment_status":"open","ping_status":"open","sticky":false,"template":"","format":"standard","meta":{"footnotes":""},"categories":[7,11,4,12,5],"tags":[],"class_list":["post-75301","post","type-post","status-publish","format-standard","has-post-thumbnail","hentry","category-ciudad","category-estado","category-inicio","category-nacional","category-politica"],"_links":{"self":[{"href":"https:\/\/amanecerhuasteco.com\/portal\/wp-json\/wp\/v2\/posts\/75301","targetHints":{"allow":["GET"]}}],"collection":[{"href":"https:\/\/amanecerhuasteco.com\/portal\/wp-json\/wp\/v2\/posts"}],"about":[{"href":"https:\/\/amanecerhuasteco.com\/portal\/wp-json\/wp\/v2\/types\/post"}],"author":[{"embeddable":true,"href":"https:\/\/amanecerhuasteco.com\/portal\/wp-json\/wp\/v2\/users\/1"}],"replies":[{"embeddable":true,"href":"https:\/\/amanecerhuasteco.com\/portal\/wp-json\/wp\/v2\/comments?post=75301"}],"version-history":[{"count":1,"href":"https:\/\/amanecerhuasteco.com\/portal\/wp-json\/wp\/v2\/posts\/75301\/revisions"}],"predecessor-version":[{"id":75303,"href":"https:\/\/amanecerhuasteco.com\/portal\/wp-json\/wp\/v2\/posts\/75301\/revisions\/75303"}],"wp:featuredmedia":[{"embeddable":true,"href":"https:\/\/amanecerhuasteco.com\/portal\/wp-json\/wp\/v2\/media\/75302"}],"wp:attachment":[{"href":"https:\/\/amanecerhuasteco.com\/portal\/wp-json\/wp\/v2\/media?parent=75301"}],"wp:term":[{"taxonomy":"category","embeddable":true,"href":"https:\/\/amanecerhuasteco.com\/portal\/wp-json\/wp\/v2\/categories?post=75301"},{"taxonomy":"post_tag","embeddable":true,"href":"https:\/\/amanecerhuasteco.com\/portal\/wp-json\/wp\/v2\/tags?post=75301"}],"curies":[{"name":"wp","href":"https:\/\/api.w.org\/{rel}","templated":true}]}}