{"id":75322,"date":"2022-10-28T10:36:01","date_gmt":"2022-10-28T16:36:01","guid":{"rendered":"http:\/\/amanecerhuasteco.com\/portal\/?p=75322"},"modified":"2022-10-28T10:36:01","modified_gmt":"2022-10-28T16:36:01","slug":"exquisito-y-monumental-altar-de-muertos-en-palacio-de-gobierno","status":"publish","type":"post","link":"https:\/\/amanecerhuasteco.com\/portal\/exquisito-y-monumental-altar-de-muertos-en-palacio-de-gobierno\/","title":{"rendered":"Exquisito y monumental altar de muertos en palacio de gobierno"},"content":{"rendered":"<p>&nbsp;<\/p>\n<ul>\n<li><strong>Lleno de misticismo y elegancia, el Altar de Muertos del Palacio de Gobierno en la edici\u00f3n 2022 del Xantolo en tu Ciudad, supera a todos los instalados en a\u00f1os anteriores<\/strong><\/li>\n<\/ul>\n<p>&nbsp;<\/p>\n<p>Superando todos los altares que por el D\u00eda de Muertos se han instalado en el Palacio de Gobierno en los \u00faltimos a\u00f1os, en esta ocasi\u00f3n se erigi\u00f3 en el patio central del inmueble un Altar monumental, fastuoso y colorido por parte de las Secretar\u00edas Particular y direcci\u00f3n de Relaciones P\u00fablicas del Gobierno del Estado.<\/p>\n<p>El altar monumental fue realizado por el personal de Palacio de Gobierno apoyado por el artista Eduardo Medina en homenaje a la \u00c9poca de Oro del Cine Mexicano.<\/p>\n<p>Cuenta con m\u00e1s de 200 atados de flores de cempas\u00fachil, dos catrinas de cinco metros de altura hechas de papel mach\u00e9, pintadas a mano por Eduardo Medina; 640 velas, m\u00e1s de 600 tiras de papel picado de colores colocadas en sobre el altar, 10 calaveritas de dulce grandes y 30 medianas; canastas y platos con fruta y dulces t\u00edpicos, manteles de pell\u00f3n picado, canastas con pan de muerto y el colorido tapete de aserr\u00edn con m\u00e1scaras de Xantolo; 50 velas puntal, tradicionalmente usadas en altares de Xantolo.<\/p>\n<p>En apego a la m\u00edstica de trabajo de la presente administraci\u00f3n de hacer las cosas siempre de manera profesional, el altar supera, incluso, al instalado por este Gobierno el a\u00f1o pasado y ser\u00e1, sin duda, uno de los principales atractivos para parroquianos y visitantes que acudan al Centro Hist\u00f3rico a disfrutar de las actividades programadas dentro del Festival Xantolo en tu Ciudad, a desarrollarse este fin de semana.<\/p>\n","protected":false},"excerpt":{"rendered":"<p>&nbsp; Lleno de misticismo y elegancia, el Altar de Muertos del Palacio de Gobierno en la edici\u00f3n 2022 del Xantolo en tu Ciudad, supera a todos los instalados en a\u00f1os anteriores &nbsp; Superando todos los altares que por el D\u00eda de Muertos se han instalado &hellip; <\/p>\n","protected":false},"author":1,"featured_media":75323,"comment_status":"open","ping_status":"open","sticky":false,"template":"","format":"standard","meta":{"footnotes":""},"categories":[7,11,4,5],"tags":[],"class_list":["post-75322","post","type-post","status-publish","format-standard","has-post-thumbnail","hentry","category-ciudad","category-estado","category-inicio","category-politica"],"_links":{"self":[{"href":"https:\/\/amanecerhuasteco.com\/portal\/wp-json\/wp\/v2\/posts\/75322","targetHints":{"allow":["GET"]}}],"collection":[{"href":"https:\/\/amanecerhuasteco.com\/portal\/wp-json\/wp\/v2\/posts"}],"about":[{"href":"https:\/\/amanecerhuasteco.com\/portal\/wp-json\/wp\/v2\/types\/post"}],"author":[{"embeddable":true,"href":"https:\/\/amanecerhuasteco.com\/portal\/wp-json\/wp\/v2\/users\/1"}],"replies":[{"embeddable":true,"href":"https:\/\/amanecerhuasteco.com\/portal\/wp-json\/wp\/v2\/comments?post=75322"}],"version-history":[{"count":1,"href":"https:\/\/amanecerhuasteco.com\/portal\/wp-json\/wp\/v2\/posts\/75322\/revisions"}],"predecessor-version":[{"id":75324,"href":"https:\/\/amanecerhuasteco.com\/portal\/wp-json\/wp\/v2\/posts\/75322\/revisions\/75324"}],"wp:featuredmedia":[{"embeddable":true,"href":"https:\/\/amanecerhuasteco.com\/portal\/wp-json\/wp\/v2\/media\/75323"}],"wp:attachment":[{"href":"https:\/\/amanecerhuasteco.com\/portal\/wp-json\/wp\/v2\/media?parent=75322"}],"wp:term":[{"taxonomy":"category","embeddable":true,"href":"https:\/\/amanecerhuasteco.com\/portal\/wp-json\/wp\/v2\/categories?post=75322"},{"taxonomy":"post_tag","embeddable":true,"href":"https:\/\/amanecerhuasteco.com\/portal\/wp-json\/wp\/v2\/tags?post=75322"}],"curies":[{"name":"wp","href":"https:\/\/api.w.org\/{rel}","templated":true}]}}