{"id":75325,"date":"2022-10-28T10:39:45","date_gmt":"2022-10-28T16:39:45","guid":{"rendered":"http:\/\/amanecerhuasteco.com\/portal\/?p=75325"},"modified":"2022-10-28T10:39:45","modified_gmt":"2022-10-28T16:39:45","slug":"fomentan-autoridades-educativas-tradicion-de-dia-de-muertos-con-altares","status":"publish","type":"post","link":"https:\/\/amanecerhuasteco.com\/portal\/fomentan-autoridades-educativas-tradicion-de-dia-de-muertos-con-altares\/","title":{"rendered":"Fomentan autoridades educativas tradici\u00f3n de d\u00eda de muertos con altares"},"content":{"rendered":"<p>&nbsp;<\/p>\n<p>\u2022 La SEGE coloc\u00f3 su ofrenda en honor a Jos\u00e9 Vasconcelos, el SEER a personal administrativo y docentes, mientras que el Archivo Hist\u00f3rico homenaje\u00f3 a Eduardo L\u00f3pez Cruz \u00abCalek\u00bb<\/p>\n<p>En el marco de la celebraci\u00f3n de Xantolo en tu Ciudad, promovida e impulsada por el Gobernador de San Luis Potos\u00ed Ricardo Gallardo Cardona, y como parte de las actividades de fomento y preservaci\u00f3n de la cultura mexicana, autoridades educativas como la Secretar\u00eda de Educaci\u00f3n de Gobierno del Estado (SEGE), el Sistema Educativo Estatal Regular (SEER) y el Archivo Hist\u00f3rico del Estado \u201cLic. Antonio Rocha\u201d, conmemoraron el d\u00eda de muertos con el montaje de altares en cada una de las dependencias.<br \/>\nEl altar instalado en la SEGE fue en honor a Jos\u00e9 Vasconcelos, licenciado, pol\u00edtico, escritor y maestro, quien adem\u00e1s fund\u00f3 la Secretar\u00eda de Educaci\u00f3n P\u00fablica, siendo as\u00ed el primer secretario de Educaci\u00f3n en M\u00e9xico. La dependencia tambi\u00e9n decidi\u00f3 homenajear a personal administrativo y docente que perdieron la vida a causa de la pandemia.<br \/>\nEn el lobby del SEER, fue colocado un altar de muertos en honor a personal administrativo y docente, estar\u00e1 abierto al p\u00fablico de 8:00 a 15:00 horas y este viernes de 18:00 a 20:00 horas, en Coronel Romero # 660, colonia Jardines del Estadio.<br \/>\nEl director general de esta dependencia, Cris\u00f3gono S\u00e1nchez Lara, dijo que \u201cpara el SEER participar de esta celebraci\u00f3n constituye una forma de contribuir a mantener nuestra cultura mexicana y nutrir los v\u00ednculos que nos hermanan como integrantes de cada centro de trabajo\u201d.<br \/>\nEl Archivo Hist\u00f3rico decidi\u00f3 homenajear a Eduardo L\u00f3pez Cruz, mejor conocido como \u201cCalek\u201d, quien de manera habitual sol\u00eda visitar el recinto del Archivo Hist\u00f3rico con la finalidad de llevar a cabo la revisi\u00f3n concienzuda de contenidos que a la postre servir\u00edan de soporte a sus argumentaciones period\u00edsticas. La dependencia hizo extensiva la invitaci\u00f3n para que las y los potosinos conozcan la ofrenda instalada en la dependencia ubicada en Arista No. 400, Zona Centro.<\/p>\n<p><img decoding=\"async\" class=\"alignnone size-full wp-image-75327\" src=\"https:\/\/amanecerhuasteco.com\/portal\/wp-content\/uploads\/2022\/10\/5aec44b9-cd98-4441-96f8-2a1a85a6b976.jpg\" alt=\"\" width=\"1280\" height=\"576\" \/><\/p>\n","protected":false},"excerpt":{"rendered":"<p>&nbsp; \u2022 La SEGE coloc\u00f3 su ofrenda en honor a Jos\u00e9 Vasconcelos, el SEER a personal administrativo y docentes, mientras que el Archivo Hist\u00f3rico homenaje\u00f3 a Eduardo L\u00f3pez Cruz \u00abCalek\u00bb En el marco de la celebraci\u00f3n de Xantolo en tu Ciudad, promovida e impulsada por &hellip; <\/p>\n","protected":false},"author":1,"featured_media":75326,"comment_status":"open","ping_status":"open","sticky":false,"template":"","format":"standard","meta":{"footnotes":""},"categories":[7,11,4,5],"tags":[],"class_list":["post-75325","post","type-post","status-publish","format-standard","has-post-thumbnail","hentry","category-ciudad","category-estado","category-inicio","category-politica"],"_links":{"self":[{"href":"https:\/\/amanecerhuasteco.com\/portal\/wp-json\/wp\/v2\/posts\/75325","targetHints":{"allow":["GET"]}}],"collection":[{"href":"https:\/\/amanecerhuasteco.com\/portal\/wp-json\/wp\/v2\/posts"}],"about":[{"href":"https:\/\/amanecerhuasteco.com\/portal\/wp-json\/wp\/v2\/types\/post"}],"author":[{"embeddable":true,"href":"https:\/\/amanecerhuasteco.com\/portal\/wp-json\/wp\/v2\/users\/1"}],"replies":[{"embeddable":true,"href":"https:\/\/amanecerhuasteco.com\/portal\/wp-json\/wp\/v2\/comments?post=75325"}],"version-history":[{"count":1,"href":"https:\/\/amanecerhuasteco.com\/portal\/wp-json\/wp\/v2\/posts\/75325\/revisions"}],"predecessor-version":[{"id":75328,"href":"https:\/\/amanecerhuasteco.com\/portal\/wp-json\/wp\/v2\/posts\/75325\/revisions\/75328"}],"wp:featuredmedia":[{"embeddable":true,"href":"https:\/\/amanecerhuasteco.com\/portal\/wp-json\/wp\/v2\/media\/75326"}],"wp:attachment":[{"href":"https:\/\/amanecerhuasteco.com\/portal\/wp-json\/wp\/v2\/media?parent=75325"}],"wp:term":[{"taxonomy":"category","embeddable":true,"href":"https:\/\/amanecerhuasteco.com\/portal\/wp-json\/wp\/v2\/categories?post=75325"},{"taxonomy":"post_tag","embeddable":true,"href":"https:\/\/amanecerhuasteco.com\/portal\/wp-json\/wp\/v2\/tags?post=75325"}],"curies":[{"name":"wp","href":"https:\/\/api.w.org\/{rel}","templated":true}]}}