{"id":75633,"date":"2022-11-07T07:30:18","date_gmt":"2022-11-07T13:30:18","guid":{"rendered":"http:\/\/amanecerhuasteco.com\/portal\/?p=75633"},"modified":"2022-11-08T07:34:53","modified_gmt":"2022-11-08T13:34:53","slug":"entre-columnas-540","status":"publish","type":"post","link":"https:\/\/amanecerhuasteco.com\/portal\/entre-columnas-540\/","title":{"rendered":"ENTRE COLUMNAS"},"content":{"rendered":"<p><img decoding=\"async\" class=\"alignnone size-full wp-image-73200\" src=\"https:\/\/amanecerhuasteco.com\/portal\/wp-content\/uploads\/2022\/09\/IMG-20220904-WA0001.jpg\" alt=\"\" width=\"1080\" height=\"1061\" srcset=\"https:\/\/amanecerhuasteco.com\/portal\/wp-content\/uploads\/2022\/09\/IMG-20220904-WA0001.jpg 1080w, https:\/\/amanecerhuasteco.com\/portal\/wp-content\/uploads\/2022\/09\/IMG-20220904-WA0001-300x295.jpg 300w, https:\/\/amanecerhuasteco.com\/portal\/wp-content\/uploads\/2022\/09\/IMG-20220904-WA0001-1024x1006.jpg 1024w\" sizes=\"(max-width: 1080px) 100vw, 1080px\" \/><\/p>\n<p>USUARIOS\u00a0 DE\u00a0 DAPAS\u00a0 ESPERAN QUE LA\u00a0 C.E.A. EVITE INCREMENTAR TARIFAS DE AGUA EN VALLES.<\/p>\n<p>En la\u00a0 ciudad capital y su zona conurbada\u00a0 la CEA vot\u00f3 en contra del incremento a la tarifa del agua propuesta por Interapas. \u201cNo hay condiciones para pedir un aumento, se debe optar por eficientizar el servicio por parte del organismo operador\u201d declar\u00f3 el director Benjam\u00edn P\u00e9rez \u00c1lvarez<\/p>\n<p>Gobierno del Estado a trav\u00e9s de la Comisi\u00f3n Estatal del Agua (CEA) vot\u00f3 en contra del incremento del 24 por ciento a la tarifa de agua potable solicitada por el organismo Intermunicipal INTERAPAS.<\/p>\n<p>La votaci\u00f3n se realiz\u00f3 en la sesi\u00f3n ordinaria de la Junta de Gobierno del INTERAPAS. En contra votaron las alcaldesas de Soledad, Cerr\u00f3 de San Pedro y sus dos regidores, sumando cinco votos en contra con el de la CEA.<\/p>\n<p>SUSPENDEN APLICAR NUEVO MODELO EDUCATIVO EN EL ESTADO.<\/p>\n<p>La\u00a0 CONADEU en su reciente sesi\u00f3n inform\u00f3 a los secretarios\u00a0 de\u00a0 educaci\u00f3n de todo el pa\u00eds, la\u00a0 decisi\u00f3n de suspender temporalmente la aplicaci\u00f3n\u00a0 del pilotaje.<\/p>\n<p>De\u00a0 acuerdo a un comunicado; La Secretar\u00eda de Educaci\u00f3n de Gobierno del Estado (SEGE) atender\u00e1 las indicaciones de la Secretar\u00eda de Educaci\u00f3n P\u00fablica (SEP) en cuanto a la suspensi\u00f3n temporal de la aplicaci\u00f3n del programa piloto del nuevo modelo educativo.<\/p>\n<p>El secretario de Educaci\u00f3n de Gobierno del Estado, Juan Carlos Torres Cedillo, detall\u00f3 que, derivado de la \u00faltima reuni\u00f3n del Consejo Nacional de Autoridades Educativas (Conaedu) la titular de la SEP, Leticia Ram\u00edrez, inform\u00f3 que, la dependencia seguir\u00e1 de manera puntual, los juicios de amparo promovidos contra el art\u00edculo cuarto transitorio del Acuerdo 14\/08\/22 publicado en el Diario Oficial de la Federaci\u00f3n (DOF), motivo por el cual, en respeto al Estado de derecho, no se aplicar\u00e1 el programa piloto.<\/p>\n<p>\u201cEn San Luis Potos\u00ed, ya est\u00e1bamos listos con las indicaciones y el proceso a seguir para que, en las 30 instituciones seleccionadas previamente, se pudiera comenzar a finales de octubre, como se ten\u00eda prevista la aplicaci\u00f3n piloto del Plan de Estudios para preescolar, primaria y secundaria, sin embargo, acatamos las indicaciones que nos acaba de dar a conocer la SEP\u201d, dijo Torres Cedillo.<\/p>\n<p>Es importante mencionar que la SEP interpuso los recursos previstos en la ley, de los cuales se espera pronta resoluci\u00f3n a favor del inter\u00e9s superior de los ni\u00f1os y adolescentes del pa\u00eds, el secretario de Educaci\u00f3n, Juan Carlos Torres Cedillo, enfatiz\u00f3 que, lo que no se detendr\u00e1 es la formaci\u00f3n continua para las y los docentes potosinos sobre el nuevo modelo educativo, para as\u00ed estar preparados en cuanto se d\u00e9 la resoluci\u00f3n del amparo.<\/p>\n<p>+++++++++++++++<\/p>\n<p>ENCUESTA\u00a0 REVELA QUE\u00a0 EL GOBERNADOR POTOSINO COMO EL MEJOR.<\/p>\n<p>+.- Gallardo Cardona se\u00a0 ubica por encima de Yucat\u00e1n, Guerrero, Coahuila y Chihuahua en cuanto a desempe\u00f1o y cercan\u00eda con la ciudadan\u00eda.<\/p>\n<p>El gobernador, Ricardo Gallardo Cardona, se ubic\u00f3 en \u00a0el primer lugar a nivel nacional por el mejor desempe\u00f1o de acuerdo a la evaluaci\u00f3n ciudadana de la empresa Rubrum, con un 6.59 de calificaci\u00f3n, donde 9 es la calificaci\u00f3n m\u00e1s alta, y 1 la m\u00e1s baja, durante el mes de octubre, lo que es reflejo de que la pol\u00edtica social, las obras de infraestructura y acciones en todos los rubros, son bien recibidos por las y los potosinos.<\/p>\n<p>La encuesta, realizada de manera autom\u00e1tica y aleatoria entre el 20 y 21 de octubre de 2022, resalta que el Mandatario potosino, es el de la mejor calificaci\u00f3n.<\/p>\n<p>Tambi\u00e9n obtuvo el mejor resultado con 6.34 de calificaci\u00f3n, en el rubro de cercan\u00eda con la poblaci\u00f3n, donde 9 es la calificaci\u00f3n m\u00e1s alta, y 1 es la m\u00e1s baja, resultado de la calidez y trato humano que da el Mandatario en sus diferentes eventos y giras por las cuatro regiones del Estado.\u00a0\u00a0 Un estudio de El Financiero que lo ubica tambi\u00e9n en primer lugar de todo M\u00e9xico con 63 por ciento.<\/p>\n<p>El Gobernador Potosino ha destacado por las diversas obras que se realizan con una inversi\u00f3n de 5 mil 500 millones de pesos, inversi\u00f3n en salud, programas sociales como apoyos a madres solteras y a personas adultas mayores, becas alimentarias, un impulso a la educaci\u00f3n con el programa de construcci\u00f3n de escuelas, mochilas y \u00fatiles escolares, zapatos gratuitos, entre m\u00faltiples acciones a favor de la ciudadan\u00eda.<\/p>\n<p>++++++++++++++<\/p>\n<p>Eventualmente solicitar\u00eda licencia para\u00a0 separarse del cargo temporalmente.<\/p>\n<p>LA PRENSA\u00a0 INDEPENDIENTE CAPITALINA, HACE\u00a0 ESTA\u00a0 PREOCUPANTE OBSERVACION.<\/p>\n<p>Los hermanos Medina Salazar, en la mira de Gallardo Cardona<\/p>\n<p>24 octubre, 20226:33 pmAutor: Juan Pablo MorenoCapital Destacada Municipios Noticias Opinion\u00a0\u00a0 La clase pol\u00edtica de Valles y varias asociaciones de litigantes han comentado que el alcalde David Medina Salazar, se podr\u00eda ausentar del ayuntamiento, pues le endilgaron la penosa tarea de juntar 430 millones de pesos, so pena de irse a la c\u00e1rcel, junto con su hermano, el ex titular de la Comisi\u00f3n Estatal del Agua, Jes\u00fas Alfonso Medina Salazar, acusados por el ex diputado federal de Morena, Ricardo del Sol, de un fraude que supera los 3 mil millones de pesos, cometidos en obras p\u00fablicas deficientes e infladas, coludidos con su jefe, el ex gobernador Juan Manuel Carreras, al que el mandatario Ricardo Gallardo Cardona acusa de un peculado que supera los 20 mil millones de pesos. \u2026.\u00a0 Toda\u00a0 la informaci\u00f3n en:<\/p>\n<p>LA\u00a0 NOTICIA\u00a0 SAN\u00a0 LLUIS\u00a0\u00a0 OCT\u00a0 24 22<\/p>\n<p>++++++++++++++++<\/p>\n<p>&nbsp;<\/p>\n<p>CIUDADAN\u00cdA AP\u00c1TICA, NO DENUNCIA HECHOS DELICTIVOS, LOS DELINCUENTES NO SON CASTIGADOS.<\/p>\n<p>Una Polic\u00eda uniformada municipal deficiente en Ciudad Valles y la presunci\u00f3n de contubernio\u00a0 con delincuentes\u00a0 del orden com\u00fan que cometen robos y atracos domiciliarios, aunado a que la ciudadan\u00eda\u00a0 ha perdido la confianza\u00a0 en la aplicaci\u00f3n de la Ley,\u00a0 propicia\u00a0 que en esta ciudad\u00a0 la\u00a0 ola de hechos delictivos\u00a0 van en aumento, si bien cuando atrapan a uno, horas\u00a0 despues\u00a0 son puestos en libertad\u00a0 por\u00a0 la Fiscal\u00eda debido a dos causales; una ley benevolente y una consignaci\u00f3n deficiente, lo que da origen a que los afectados prefieran no denunciar o ratificar\u00a0 la demanda. NO HAY CONFIANZA.<\/p>\n<p>Ante esta situaci\u00f3n el Gobierno del estadfo\u00a0 implement\u00f3 un programa de reuniones\u00a0 con la poblaci\u00f3n\u00a0 en las\u00a0 que participan desde los alcaldes\u00a0 y las autoridades de seguridad de los tres niveles de gobierno, para ecuchar y atender en directo a los ciudadanos\u00a0 que han sufrido el flagelo de robo y asalgos\u00a0 domiciliarios.<\/p>\n<p>En el caso de Valles en la reciente reuni\u00f3n del Consejo Municipal de Seguridad que se llev\u00f3 a cabo se generaron acuerdos \u00a0para que cada jueves, se estar\u00e1n celebrando reuniones con consejeros y presidentes de las colonias de los diversos sectores del municipio, con el objetivo de fomentar entre la poblaci\u00f3n la presentaci\u00f3n de denuncias ante la autoridad correspondiente, esto, debido al \u00edndice de hechos delictivos que se han venido registrando como lo es el robo a casa habitaci\u00f3n.<\/p>\n<p>En\u00a0 estas\u00a0 reuniones\u00a0 asistir\u00e1n el\u00a0 Alcalde los titulares de la Direcci\u00f3n de Seguridad P\u00fablica y Tr\u00e1nsito Municipal, la Guardia Civil Estatal, Guardia Nacional, M\u00e9todos de Investigaci\u00f3n, Fiscal\u00eda y Defensor\u00eda Social, esto con la finalidad de impulsar la presentaci\u00f3n de denuncias, sobre todo de hechos delictivos como lo son los robos en casa habitaci\u00f3n y violencia, por ello, buscan generar una responsabilidad entre la poblaci\u00f3n y el gobierno, para establecer estos v\u00ednculos que permita dar el adecuado seguimiento a las denuncias.<\/p>\n<p>+++++++++++++<\/p>\n<p>CARROCERIAS\u00a0 BUSTOS<\/p>\n<p>Reforma y Lerdo de tejada Col. Altavista.<\/p>\n<p>Cd Valles SLP\u00a0 Tel. 3824777.<\/p>\n<p>En carrocer\u00edas para camiones y camionetas nadie nos compite.<\/p>\n<p>+++++++++++++++<\/p>\n<p>&nbsp;<\/p>\n<p>MORENA \u00a0NO\u00a0\u00a0 CALUMNIO A PRIISTAS NI MC POR\u00a0 LLAMARLOS TRAIDORES.<\/p>\n<p>La Sala Especializada del Tribunal Electoral del Poder Judicial del Federaci\u00f3n (TEPJF) consider\u00f3 que Morena no hizo uso indebido de la pauta y tampoco calumni\u00f3 al PRI ni a Movimiento Ciudadano (MC), al difundir dos promocionales en los que llam\u00f3 traidores a M\u00e9xico a partidos de la oposici\u00f3n, por votar contra la reforma el\u00e9ctrica. No calumni\u00f3 al PRI y al MC al llamarlos \u00abtraidores a M\u00e9xico.\u00a0 La controversia que finalmente se dirimi\u00f3, surgi\u00f3 cuando la oposici\u00f3n vot\u00f3 contra la reforma el\u00e9ctrica y en opini\u00f3n de Morena eso es dar la espalda al pueblo<\/p>\n<p>El proyecto de sentencia aprobado establece que la palabra M\u00e9xico puede utilizarse como sin\u00f3nimo de pueblo, patria, pa\u00eds, estado, instituciones. Al no ser un\u00edvoca la interpretaci\u00f3n del mensaje, no existen elementos para considerar que en los spots se acuse de la comisi\u00f3n del delito contemplado en el art\u00edculo 123 del C\u00f3digo Penal Federal, de traici\u00f3n a la patria.<\/p>\n<p>Para que haya calumnia se requiere que se acuse de la comisi\u00f3n de un delito, esto es, nombrar el tipo penal de la infracci\u00f3n que se reprocha y no una expresi\u00f3n distinta, expone el documento.<\/p>\n<p>El tema fue llevado a la sala especializada por el PRI y MC, consideraron que Morena hizo un uso indebido de la pauta al difundir dos spots con contenido calumnioso, ya que a su parecer se les imputa traici\u00f3n a la patria.<\/p>\n<p>Los anuncios referidos plantean que la oposici\u00f3n vot\u00f3 contra la reforma el\u00e9ctrica y en opini\u00f3n de Morena eso es dar la espalda al pueblo, por lo que la historia la recordar\u00e1 como traidores a M\u00e9xico.<\/p>\n<p>Los magistrados insistieron en que se requiere una imputaci\u00f3n clara, directa y evidente para determinar que hubo calumnia. Si no ocurre as\u00ed y se sanciona, se caer\u00eda en una restricci\u00f3n a la libertad de expresi\u00f3n injustificada.<\/p>\n<p>+++++++++++<\/p>\n<p>+++++++++++++<\/p>\n<p>EST\u00c1\u00a0 URGIDO DE DINERO?<\/p>\n<p>Pr\u00e9stamos\u00a0\u00a0\u00a0 de\u00a0 dinero inmediatos a pensionados\u00a0\u00a0 CFE, ISSSTE.FFCC, SCT, PEMEX,\u00a0 ACTIVOS Y JUBILADIS\u00a0 IMSS\u00a0\u00a0 SIN AFECTAR TARJETON.\u00a0\u00a0\u00a0 Ll\u00e1menos las 24 hrs del d\u00eda\u00a0 4811039565\u00a0 CREDITO INMEDIATO<\/p>\n<p>++++++++++++<\/p>\n<p>En espacios cerrados, mantente puesto el cubre bocas y si estas al aire libre y te lo quitas, recuerda mantener una distancia de al menos 2 metros de otras personas.<\/p>\n<p>La pandemia no ha terminado; mant\u00e9n las medidas de prevenci\u00f3n y \u00a1corta el contagio!<\/p>\n<p>+++++++++++<\/p>\n<p>QFB\u00a0 FABIOLA GARCIA ALVAREZ<\/p>\n<p>Perito dictaminador en an\u00e1lisis bacteriol\u00f3gico de agua y alimentos con n\u00famero GES-PD 0705<\/p>\n<p>Perito dictaminador en\u00a0 estupefacientes GES-PD0523<\/p>\n<p>Maestr\u00eda\u00a0 en an\u00e1lisis cl\u00ednicos 1301 \u2013 368068<\/p>\n<p>Ced\u00a0 prof\u00a0 8664204\u00a0\u00a0 Tel. 38 1 66 64<\/p>\n<p>Asesor\u00eda,\u00a0 auditor\u00eda\u00a0 y gesti\u00f3n ambiental.<\/p>\n<ol>\n<li>Victoria No. 8 zona centro Cd Valles SLP.<\/li>\n<\/ol>\n<p>+++<\/p>\n<p>&nbsp;<\/p>\n<p>INICIATIVA PROPONE QUITAR ESCOLTAS A FUNCIONARIOS DEL ESTADO.<\/p>\n<p>La ciudadan\u00eda\u00a0 exige al Gobierno del<\/p>\n<p>Estado mayor seguridad social, pero las\u00a0 mismas autoridades\u00a0 admiten falta de personal\u00a0 cuando una gran parte\u00a0 de\u00a0 efectivos\u00a0 son escoltas de funcionarios, comisionados a\u00a0 familia de los jefes, dependencias oficiales o enviados a otras dependencias\u00a0 como es l caso de los inspectores de las SCT\u00a0 son polic\u00edas\u00a0 de seguridad p\u00fablica estatal a\u00a0 quienes se desv\u00eda la verdadera\u00a0 funci\u00f3n como servior p\u00fablico.<\/p>\n<p>Ante\u00a0 la situaci\u00f3n expuesta, la iniciativa de\u00a0 quitar las\u00a0 escoltas\u00a0 a funcionarios para su protecci\u00f3n del diputado local, Edmundo Torrescano Medina, es\u00a0 bienvenida,\u00a0 propuso reformar diversos art\u00edculos de\u00a0 la Ley de Responsabilidades Administrativas para el Estado y Municipios de San Luis Potos, para dotar de herramientas a la legislaci\u00f3n estatal en el combate a la corrupci\u00f3n y sancionar a todos los funcionarios p\u00fablicos que incurran en estas malas pr\u00e1cticas.<\/p>\n<p>La iniciativa establece que los servidores p\u00fablicos no podr\u00e1n disponer del servicio de elementos \u00a0de alguna corporaci\u00f3n policiaca, seguridad p\u00fablica o de las fuerzas armadas, en el ejercicio de sus funciones, para otorgar seguridad personal, salvo en los casos en que la normativa que regule su actividad lo contemple o por las circunstancias se considere necesario proveer de dicha seguridad, siempre que se encuentre debidamente justificada a juicio del titular de las propias corporaciones de seguridad y previo informe a los \u00f3rganos internos de control respectivo.\u00a0 Busca terminar con esa pr\u00e1ctica que actualmente \u00a0desv\u00eda la verdadera funci\u00f3n de un agente de seguridad y que es la de servir y proteger a la ciudadan\u00eda en general.<\/p>\n<p>De\u00a0 acuerdo con el comunicado a los medios informativos; En lo relacionado con el ejercicio de contrataci\u00f3n indebida, tendr\u00e1 responsabilidad el servidor p\u00fablico que intervenga o promueva, por s\u00ed o por interp\u00f3sita persona, en la selecci\u00f3n, nombramiento o designaci\u00f3n de personas para el servicio p\u00fablico en funci\u00f3n de intereses de negocios.<\/p>\n<p>Y se indica que comete simulaci\u00f3n de acto jur\u00eddico, el servidor p\u00fablico que utilice personalidad jur\u00eddica distinta a la suya para obtener, en beneficio propio o de alg\u00fan familiar hasta el cuarto grado por consanguinidad o afinidad, recursos p\u00fablicos en forma contraria a la ley.<\/p>\n<p>Tambi\u00e9n se indica que cometer\u00e1 nepotismo el servidor p\u00fablico que, vali\u00e9ndose de las atribuciones o facultades de su empleo, cargo o comisi\u00f3n, directa o indirectamente, designe, nombre o intervenga para que se contrate como personal de confianza, de estructura, de base o por honorarios en el ente p\u00fablico en que ejerza sus funciones, a personas con las que tenga lazos de parentesco por consanguinidad hasta el cuarto grado, de afinidad hasta el segundo grado, o v\u00ednculo de matrimonio o concubinato.<\/p>\n<p>El legislador indica en su exposici\u00f3n de motivos, que la corrupci\u00f3n, como problema social, es un fen\u00f3meno complejo que debe abordarse desde un enfoque multidimensional para mejorar la comprensi\u00f3n de sus alcances y efectos en nuestra sociedad.<\/p>\n<p>\u201cEn ese tenor de ideas es necesario establecer ordenamientos jur\u00eddicos que proh\u00edban la corrupci\u00f3n, que impidan la aparici\u00f3n de la problem\u00e1tica, al fomentar por un lado la cultura de la legalidad y honestidad, tanto para los particulares como para los servidores p\u00fablicos, as\u00ed como al reducir escenarios que puedan propiciar la aparici\u00f3n de la corrupci\u00f3n\u201d<\/p>\n<p>Esta \u00a0iniciativa se turn\u00f3 para su an\u00e1lisis a las comisiones de Gobernaci\u00f3n y Justicia.<\/p>\n<p>+++++++++++++<\/p>\n<p>El sitio ideal para\u00a0 sus fiestas\u2026<\/p>\n<p>\u201cFINCA\u00a0 SAN ISIDRO\u201d<\/p>\n<p>Sal\u00f3n para fiestas de todo tipo.<\/p>\n<p>Carretera Valles \u2013 R\u00edo Verde Km. 8<\/p>\n<p>Contrataciones al Tel. 01 481 179 09<\/p>\n<p>Cd. Valles SLP M\u00e9xico.<\/p>\n<p>+++++++++++++<\/p>\n<p>NO HAY DINERO PARA PAVIMENTACI\u00d3N.<\/p>\n<p>+- Para circo, maroma y teatro se\u00a0 tiene en abundancia.<\/p>\n<p>+.-\u00a0 Programa emergente: Solo\u00a0 rellenar\u00e1n baches.<\/p>\n<p>El recurso econ\u00f3mico para obras p\u00fablicas\u00a0 de erario municipal de hecho existe en una cuant\u00eda que\u00a0 da\u00a0 risa, la raz\u00f3n es que el rubro\u00a0 de obras\u00a0 al pueblo las\u00a0 capitaliza\u00a0 la Codesol, una\u00a0 especie de \u201cchiquiayuntamiento\u201d\u00a0 donde los\u00a0 consejeros\u00a0 que desempe\u00f1an un papel semejante al de\u00a0 Regidores y aprueban aquellas\u00a0 que llevan l\u00ednea\u00a0 del director\u00a0 de\u00a0 ese organismo, quien a su vez\u00a0 las\u00a0 recibe desde\u00a0 el palacio municipal, esos consejeros tienen un\u00a0 salario o compensaci\u00f3n econ\u00f3mica, porque\u00a0 tambi\u00e9n tienen bajo su responsabilidad el desarrollo\u00a0 de\u00a0 las obras en sus respectivas jurisdicciones territoriales.<\/p>\n<p>Publica\u00a0 el analista pol\u00edtico Jes\u00fas Sierra que \u201cDice el alcalde de nuestro querido pueblo, que el ayuntamiento solo tiene 4 millones de pesos para pavimentar calles, lo cual se ha convertido en una imperiosa emergencia para los ciudadanos, pues la mayor\u00eda se encuentran en deplorables condiciones.<\/p>\n<p>Por otro lado, el gasto de n\u00f3mina que publica en sus indicadores, correspondiente al mes de septiembre de 2022 es de 13 millones, 121 mil, 606 pesos. con 97 centavos.<\/p>\n<p>Creo que es hora de hacer ajustes.<\/p>\n<p>\u00bfQue opinan?<\/p>\n<p>&#8212;&#8212; Respecto de esos\u00a0 4 millones de pesos, el mun\u00edcipe declara\u00a0 que es el saldo disponible\u00a0 en lo que resta del a\u00f1o fiscal, el pr\u00f3ximo a\u00f1o \u201cser\u00e1 otro cantar\u201d Insistimos, el municipio a trav\u00e9s de Obras P\u00fablicas\u00a0 no realiza obras al pueblo, ahora\u00a0 ese\u00a0 negocio es de la Codesol.\u00a0 O. P.\u00a0 municipal es\u00a0 rectora del departamento de limpieza, alumbrado p\u00fablico, agua potable rural y otros\u00a0 quehaceres menores.<\/p>\n<p>+++++++++++++<\/p>\n<p>\u201cCAF\u00c9 Y RESTAURANT\u00a0 EL FAROLITO\u201d<\/p>\n<p>Lo mejor de la cocina Huasteca; el tradicional zacahuil y cazueladas.\u00a0\u00a0 Atendemos toda clase de\u00a0 festejos. Pedidos al Tel\u00a0 3821017 Ciudad Valles SLP.<\/p>\n<p>+++++++++++++<\/p>\n<p>DE\u00a0 V O \u00a0L\u00a0 A D A<\/p>\n<p>ANTOLIN RINDIO SU INFORME COMO LEGISLADOR DEL IV DISTRITO\u2026. El m\u00e9dico y\u00a0 diputado federal por el IV\u00a0 distrito federal con sede\u00a0 en Valles Antol\u00edn Guerrero M\u00e1rquez, su primer informe legislativo en el teatro del Centro Cultural, abordando dos\u00a0 temas de gran importancia;\u00a0 la Guardia\u00a0 Nacional\u00a0 y para esta regi\u00f3n Huasteca\u00a0 la instalaci\u00f3n\u00a0 en esta ciudad de\u00a0 una oficina de la Direcci\u00f3n general del Registro civil para hacer enmiendas\u00a0 a las actas de nacimiento\u00a0 que presenten errores y certificaciones de Curp para los adultos mayores.<\/p>\n<p>La incorporaci\u00f3n oficial dela\u00a0\u00a0 G\u00a0 N a\u00a0 la Sedena\u00a0 expuesta por el legislador mereci\u00f3 la\u00a0 aprobaci\u00f3n de\u00a0 la concurrencia\u00a0 al evento.<\/p>\n<p>++++++++++<\/p>\n<p>Y\u00a0 AHORA\u00a0 QUIEN PODRA\u00a0 SALVARNOS\u2026\u2026..\u00a0\u00a0 Por causa\u00a0 de\u00a0 la\u00a0 est\u00fapida guerra\u00a0 entre Rusia\u00a0 y los\u00a0 Yankees, perd\u00f3n\u00a0 con Ucrania, afectar\u00e1\u00a0 la producci\u00f3n de papel de ba\u00f1o, al prohibir las exportaciones de abedul Ruso ha provocado que los rollos de papel de ba\u00f1o sean m\u00e1s gruesos y m\u00e1s caros. En los medios\u00a0 informativos\u00a0 internacionales\u00a0 encontramos\u00a0 esta nota informativa: La guerra ha provocado desabasto energ\u00e9tico en Europa, adem\u00e1s de interrupci\u00f3n en las cadenas de producci\u00f3n, que podr\u00edan afectar la fabricaci\u00f3n de papel higi\u00e9nico.<\/p>\n<p>La prohibici\u00f3n de las exportaciones de abedul Ruso ha provocado que los rollos de papel de ba\u00f1o sean m\u00e1s gruesos y m\u00e1s caros, ya que la madera de esta especia contiene fibras cortas que hacen que los productos sanitarios sean m\u00e1s suaves.<\/p>\n<p>Desde marzo pasado, Rusia prohibi\u00f3 la exportaci\u00f3n de la madera de abedul en reacci\u00f3n a las sanciones impuestas por Occidente, por lo que no se contar\u00e1 con al menos 800 mil toneladas de pulpa para la producci\u00f3n del papel.<\/p>\n<p>Adem\u00e1s se debe sumar que los precios de la pulpa han subido un 45 por ciento en lo que va del a\u00f1o, ya que el costo del proceso de trituraci\u00f3n de las astillas de madera para convertirlas en celulosa se han disparado, por la crisis de energ\u00eda, tambi\u00e9n provocada por la guerra de Rusia en Ucrania.<\/p>\n<p>En Europa, Suecia y Finlandia son los dos grandes productores de pasta de papel, que se utiliza tambi\u00e9n para producir pa\u00f1uelos de papel.<\/p>\n<p>Casi el 10 por ciento del suministro de madera de Finlandia sol\u00eda proceder de Rusia. Otros \u00e1rboles del hemisferio norte son m\u00e1s adecuados para producir el papel higi\u00e9nico resistente al desgarro.<\/p>\n<p>La empresa finlandesa Stora ENso Oyj se ha visto en la necesidad de cambiar su receta para utilizar pulpa de fibras largas como resultado de la disminuci\u00f3n de la materia prima Rusia, lo que provoca que el papel sea m\u00e1s resistente, pero menos suave y m\u00e1s caro.<\/p>\n<p>No es la primera vez que se registra una crisis alrededor del papel de ba\u00f1o. Durante el inicio de la pandemia de covid-19 y ante el inminente confinamiento se registraron compras de p\u00e1nico en 2020.<\/p>\n<p>Abedul, un s\u00edmbolo de Rusia<\/p>\n<p>El abedul es el \u00e1rbol tradicional de Rusia y tiene m\u00faltiples usos en la vida cotidiana, como su aplicaci\u00f3n medicinal gracias a las hojas, la corteza y la savia en caso de infecciones, dolores, e incluso el alcoholismo y la caspa; y ser adem\u00e1s la materia prima para la elaboraci\u00f3n de las matrioshkas, entre otras artesan\u00edas, muebles y esqu\u00edes.<\/p>\n<p>Las ramas de abedul son tambi\u00e9n utilizadas para el ritual de la banya o sauna ruso, y algunas personas afirman cargarse de energ\u00eda positiva al abrazar durante algunos minutos el tronco erguido del \u00e1rbol.<\/p>\n<p>++++++++++++++<\/p>\n<p>Nota\u00a0 de la NASA.-<\/p>\n<p><a href=\"https:\/\/www.facebook.com\/photo\/?fbid=489510699867088&amp;set=pcb.489510773200414&amp;__cft__%5b0%5d=AZW6Gx4DBmFvMrPjwv3L-OChT1Oc2bkTuMRXQ9RCA7LX5YIbQDMLK0pm0WWAAsO9gW_0eOWecDdl2JDQWQkSWxJjzO8rYyqiAEQwrHeJi-bxIeVny8jO1576tHaS2JYQcFo&amp;__tn__=*bH-R\">Telescopio de James Webb tom\u00f3 sorprendentes im\u00e1genes de los Pilares de la Creaci\u00f3n<\/a><\/p>\n<p><a href=\"https:\/\/www.facebook.com\/photo\/?fbid=489510699867088&amp;set=pcb.489510773200414&amp;__cft__%5b0%5d=AZW6Gx4DBmFvMrPjwv3L-OChT1Oc2bkTuMRXQ9RCA7LX5YIbQDMLK0pm0WWAAsO9gW_0eOWecDdl2JDQWQkSWxJjzO8rYyqiAEQwrHeJi-bxIeVny8jO1576tHaS2JYQcFo&amp;__tn__=*bH-R\">\u00a0<\/a><\/p>\n<p><a href=\"https:\/\/www.facebook.com\/photo\/?fbid=489510699867088&amp;set=pcb.489510773200414&amp;__cft__%5b0%5d=AZW6Gx4DBmFvMrPjwv3L-OChT1Oc2bkTuMRXQ9RCA7LX5YIbQDMLK0pm0WWAAsO9gW_0eOWecDdl2JDQWQkSWxJjzO8rYyqiAEQwrHeJi-bxIeVny8jO1576tHaS2JYQcFo&amp;__tn__=*bH-R\">La NASA public\u00f3 este jueves una imagen tomada por el telescopio espacial James Webb que muestra los ic\u00f3nicos Pilares de la Creaci\u00f3n, una regi\u00f3n espacial en donde se forman nuevas estrellas dentro de densas nubes de gas y polvo.<\/a><\/p>\n<p><a href=\"https:\/\/www.facebook.com\/photo\/?fbid=489510699867088&amp;set=pcb.489510773200414&amp;__cft__%5b0%5d=AZW6Gx4DBmFvMrPjwv3L-OChT1Oc2bkTuMRXQ9RCA7LX5YIbQDMLK0pm0WWAAsO9gW_0eOWecDdl2JDQWQkSWxJjzO8rYyqiAEQwrHeJi-bxIeVny8jO1576tHaS2JYQcFo&amp;__tn__=*bH-R\">\u201cLlevo estudiando la nebulosa del \u00c1guila desde mediados de los a\u00f1os 90, intentando ver \u2018dentro\u2019 de los pilares que mostr\u00f3 el Hubble, buscando nuevas estrellas dentro de ellos\u201d, le dijo a la BBC el profesor Mark McCaughrean, consejero de Ciencia para la Agencia Espacial Europea.<\/a><\/p>\n<p><a href=\"https:\/\/www.facebook.com\/photo\/?fbid=489510699867088&amp;set=pcb.489510773200414&amp;__cft__%5b0%5d=AZW6Gx4DBmFvMrPjwv3L-OChT1Oc2bkTuMRXQ9RCA7LX5YIbQDMLK0pm0WWAAsO9gW_0eOWecDdl2JDQWQkSWxJjzO8rYyqiAEQwrHeJi-bxIeVny8jO1576tHaS2JYQcFo&amp;__tn__=*bH-R\">\u201cSiempre supe que cuando el James Webb captara fotograf\u00edas de ellos, ser\u00edan deslumbrantes. Y lo son\u201d.<\/a><\/p>\n<p><a href=\"https:\/\/www.facebook.com\/photo\/?fbid=489510699867088&amp;set=pcb.489510773200414&amp;__cft__%5b0%5d=AZW6Gx4DBmFvMrPjwv3L-OChT1Oc2bkTuMRXQ9RCA7LX5YIbQDMLK0pm0WWAAsO9gW_0eOWecDdl2JDQWQkSWxJjzO8rYyqiAEQwrHeJi-bxIeVny8jO1576tHaS2JYQcFo&amp;__tn__=*bH-R\">La diferencia entre la imagen del Hubble es que fue tomada con luz visible mientras que la nueva vista del Webb fue capturada con infrarrojo cercano.\u00a0 HASTALA PROXIMA SEMANA.<\/a><\/p>\n<p><a href=\"https:\/\/www.facebook.com\/photo\/?fbid=489510699867088&amp;set=pcb.489510773200414&amp;__cft__%5b0%5d=AZW6Gx4DBmFvMrPjwv3L-OChT1Oc2bkTuMRXQ9RCA7LX5YIbQDMLK0pm0WWAAsO9gW_0eOWecDdl2JDQWQkSWxJjzO8rYyqiAEQwrHeJi-bxIeVny8jO1576tHaS2JYQcFo&amp;__tn__=*bH-R\">\u00a0<\/a><\/p>\n<p>&nbsp;<\/p>\n<p>&nbsp;<\/p>\n<p>&nbsp;<\/p>\n<p>&nbsp;<\/p>\n<p>&nbsp;<\/p>\n","protected":false},"excerpt":{"rendered":"<p>USUARIOS\u00a0 DE\u00a0 DAPAS\u00a0 ESPERAN QUE LA\u00a0 C.E.A. EVITE INCREMENTAR TARIFAS DE AGUA EN VALLES. En la\u00a0 ciudad capital y su zona conurbada\u00a0 la CEA vot\u00f3 en contra del incremento a la tarifa del agua propuesta por Interapas. \u201cNo hay condiciones para pedir un aumento, se &hellip; <\/p>\n","protected":false},"author":1,"featured_media":73200,"comment_status":"open","ping_status":"open","sticky":false,"template":"","format":"standard","meta":{"footnotes":""},"categories":[17,4],"tags":[],"class_list":["post-75633","post","type-post","status-publish","format-standard","has-post-thumbnail","hentry","category-colaboraciones","category-inicio"],"_links":{"self":[{"href":"https:\/\/amanecerhuasteco.com\/portal\/wp-json\/wp\/v2\/posts\/75633","targetHints":{"allow":["GET"]}}],"collection":[{"href":"https:\/\/amanecerhuasteco.com\/portal\/wp-json\/wp\/v2\/posts"}],"about":[{"href":"https:\/\/amanecerhuasteco.com\/portal\/wp-json\/wp\/v2\/types\/post"}],"author":[{"embeddable":true,"href":"https:\/\/amanecerhuasteco.com\/portal\/wp-json\/wp\/v2\/users\/1"}],"replies":[{"embeddable":true,"href":"https:\/\/amanecerhuasteco.com\/portal\/wp-json\/wp\/v2\/comments?post=75633"}],"version-history":[{"count":1,"href":"https:\/\/amanecerhuasteco.com\/portal\/wp-json\/wp\/v2\/posts\/75633\/revisions"}],"predecessor-version":[{"id":75634,"href":"https:\/\/amanecerhuasteco.com\/portal\/wp-json\/wp\/v2\/posts\/75633\/revisions\/75634"}],"wp:featuredmedia":[{"embeddable":true,"href":"https:\/\/amanecerhuasteco.com\/portal\/wp-json\/wp\/v2\/media\/73200"}],"wp:attachment":[{"href":"https:\/\/amanecerhuasteco.com\/portal\/wp-json\/wp\/v2\/media?parent=75633"}],"wp:term":[{"taxonomy":"category","embeddable":true,"href":"https:\/\/amanecerhuasteco.com\/portal\/wp-json\/wp\/v2\/categories?post=75633"},{"taxonomy":"post_tag","embeddable":true,"href":"https:\/\/amanecerhuasteco.com\/portal\/wp-json\/wp\/v2\/tags?post=75633"}],"curies":[{"name":"wp","href":"https:\/\/api.w.org\/{rel}","templated":true}]}}