{"id":75928,"date":"2022-11-15T11:49:41","date_gmt":"2022-11-15T17:49:41","guid":{"rendered":"http:\/\/amanecerhuasteco.com\/portal\/?p=75928"},"modified":"2022-11-15T11:49:41","modified_gmt":"2022-11-15T17:49:41","slug":"entre-columnas-541","status":"publish","type":"post","link":"https:\/\/amanecerhuasteco.com\/portal\/entre-columnas-541\/","title":{"rendered":"ENTRE COLUMNAS"},"content":{"rendered":"<p><strong>\u00a0<\/strong><\/p>\n<p>LOCATARIOS\u00a0 DEL MERCADO\u00a0 GNS ESPERAN COLAPSO DEL EDIFICIO EN RUINAS<\/p>\n<p>Son evidentes a simple vista los\u00a0 da\u00f1os\u00a0 estructurales\u00a0 del edificio\u00a0 del mercado \u201cG.N.S.\u201d el factor de riesgo aumenta y apunta\u00a0 una eventual tragedia en cualquier momento, no solo est\u00e1n en riesgo\u00a0 los obstinados locatarios o posesionarios\u00a0\u00a0 (que se dicen due\u00f1os)\u00a0 tambi\u00e9n el p\u00fablico que concurre\u00a0 hacer sus compras.<\/p>\n<p>Si llegase\u00a0 a ocurrir\u00a0 un desenlace\u00a0 fatal\u00a0 ante el inminente colapso\u00a0 del edificio principal\u00a0 de\u00a0 los mercados p\u00fablicos, los locatarios\u00a0 que pagan una m\u00edsera cuota diaria por concepto de uso de piso, ellos\u00a0 o el grupo reducido\u00a0 que se opone a la\u00a0 reconstrucci\u00f3n del mercado, ser\u00e1n los\u00a0 responsables, en su momento el gobierno municipal dispuso de recursos\u00a0 econ\u00f3micos para\u00a0 la obra de\u00a0 reconstrucci\u00f3n pero ellos\u00a0 se opusieron llegando al amparo de la justicia federal, esto es del dominio p\u00fablico.<\/p>\n<p>Sobre el mismo tema, recientemente declar\u00f3 Lino Alberto Guti\u00e9rrez Ramos, director de Protecci\u00f3n Civil, que\u00a0 una vez\u00a0 concluido el diagn\u00f3stico de los centros de abasto y se determin\u00f3 que estos presentan da\u00f1os estructurales, principalmente el \u201cGNS\u201d\u00a0 construido all\u00e1 por\u00a0 el a\u00f1o 1948l desde\u00a0 entonces\u00a0 no ha tenido atenci\u00f3n material requerido y pueden apreciarse\u00a0 da\u00f1os en las instalaciones el\u00e9ctricas y de gas, as\u00ed como en la estructura de los tres Mercados Municipales.<\/p>\n<p>EN CONCLUSION, RECOMENDABLE ES\u00a0 CONSTRUIR UN NUEVO MERCADO\u00a0 Y DEL SITIO ACTUAL\u00a0 TRANFORMARLO EN UNA PLAZA\u00a0 DIGNA\u00a0 DE LA Puerta\u00a0 Grande de la Huasteca.<\/p>\n<p>++++++++++++<\/p>\n<p>DIPUTADA INDIGENA RINDE SU INFORME Y PRESUME BOLSA DE 10 MIL PESOS AL PUEBLO INDIGENA HUASTECO.<\/p>\n<p>Publicado por El Informador Huasteco.<\/p>\n<p>La Diputada Local del XV Distrito, rindi\u00f3 su primer informe legislativo, llevando vestimenta ind\u00edgena; pero presumiendo una bolsa (bolso de mano) de 10 mil pesos, marca Chanel, lo cual le criticaron, incluso algunos se\u00f1alaron que es un insulto para quienes forman parte de los pueblos originarios, quienes enfrentan pobreza y abandono, aun en estos tiempos.<\/p>\n<p>La priista Bernarda Reyes Hern\u00e1ndez, no da una y presume el nulo trabajo a favor de los Pueblos Originarios, que realmente ha sido poco, es de origen \u00e9tnico y es originaria de Tamazunchale, y del trabajo legislativo en favor de los que menos tienen, pr\u00e1cticamente no logro nada, solo el elevado salario que percibe, gracias al voto que le dio la ciudadan\u00eda que la llevo al Congreso del Estado.<\/p>\n<p>Pr\u00e1cticamente fue nulo su informe, pero trato de hacerse sentir y proyectar con el respaldo de los Pueblos Originarios; pero a quienes invito a este evento, solo fueron Servidores P\u00fablicos Estatales y Municipales, y se olvid\u00f3 de la gente que la llevo a ocupar el cargo, que son los ind\u00edgenas, quienes con el voto, le dieron su confianza para que hoy sea diputada, ganando por mes m\u00e1s de 120 mil pesos.<\/p>\n<p>Es de se\u00f1alar que la bolsa que llevaba, el precio es de m\u00e1s de 10 mil pesos, es decir que para un campesino o un ind\u00edgena, cuyo salario minino es de 172.87 pesos diarios, tendr\u00eda que trabajar alrededor de dos meses para poder adquirir un lujito de estos, que solo los diputados pueden darse, con dinero del pueblo, porque se les paga, se\u00f1alaron habitantes de la Huasteca Sur, con dinero que pagan todos los ciudadanos, v\u00eda impuestos.<\/p>\n<p>++++++++++<\/p>\n<p>+++++++++++++<\/p>\n<p>CARROCERIAS\u00a0 BUSTOS<\/p>\n<p>Reforma y Lerdo de tejada Col. Altavista.<\/p>\n<p>Cd Valles SLP\u00a0 Tel. 3824777.<\/p>\n<p>En carrocer\u00edas para camiones y camionetas nadie nos compite.<\/p>\n<p>+++<\/p>\n<p>MISMO CUENTO DE DIPUTADOS: QUE NO AUTORIZARAN AUMENTO DE AGUA\u00a0 EN VALLES.<\/p>\n<p>Si los sesudos\u00a0 representantes de la DAPAS logran convencerlos$$$$$$ como ocurri\u00f3 el pasado a\u00f1o, el compromiso de la Comisi\u00f3n de aguas\u00a0 del Congreso de no aumentar las\u00a0 de por si exageradas\u00a0 tarifas que\u00a0 aplica la\u00a0 Dapas en Valles, se\u00a0\u00a0 repetir\u00e1\u00a0 para\u00a0 el siguiente ejercicio, a los representantes populares\u00a0 no les\u00a0 caer\u00e1n mal otros ingresos\u00a0 extras para\u00a0 aprobar de \u00faltimo minuto \u00a0(como\u00a0 siempre\u00a0 ha\u00a0 ocurrido) la propuesta\u00a0 de\u00a0 nuevas tarifas\u00a0 que presentar\u00e1 o ya present\u00f3 la Dapas.<\/p>\n<p>La Comisi\u00f3n del Agua del Congreso del Estado no avalar\u00e1 ning\u00fan incremento a las cuotas y tarifas de agua potable en el estado si no\u201d est\u00e1n justificadas\u201d as\u00ed lo declar\u00f3 la diputada Dolores Eliza Garc\u00eda Rom\u00e1n, presidenta de esta comisi\u00f3n legislativa, los organismos operadores del agua tienen hasta el 5 de noviembre para presentar al Poder Legislativo su propuesta de actualizaci\u00f3n de cuotas y tarifas.<\/p>\n<p>La\u00a0 legisladora recomend\u00f3 a los organismos operadores no aumentar las tarifas de uso dom\u00e9stico, adem\u00e1s \u2013 LO MISMO DE SIEMPRE &#8211; \u00a0una austeridad en su n\u00f3mina, porque eso permite\u00a0 disponer\u00a0 de recursos para infraestructura.\u00a0\u00a0 Los mas de 55\u00a0 mil usuarios\u00a0 de\u00a0 Dapas\u00a0 en\u00a0 esta ciudad\u00a0 se\u00a0 quejan de\u00a0 incrementos y cargos\u00a0 cada mes\u00a0 sin explicaci\u00f3n alguna, la\u00a0 diputada explica\u00a0 que la Interapas\u00a0 en la capital va indexando al recibo cierto porcentaje m\u00ednimo, que est\u00e1 en la Ley de Cuotas y Tarifas que establece indexar el \u00edndice de precios al consumidor, pero dej\u00f3 en claro que no se aprobar\u00e1 ning\u00fan incremento desmedido ni justificado.<\/p>\n<p>++++++++++++<\/p>\n<p>OTRO COLABORADOR DE CARRERAS VINCULADO A PROCESO.<\/p>\n<p>+.-\u00a0 Habr\u00eda\u00a0 desviado recursos\u00a0 en provecho personal.<\/p>\n<p>En la \u00faltima semana del pasado mes, se sum\u00f3 a la lista de ex funcionarios Carreristas que\u00a0 aprovecharon el cargo para disponer\u00a0 de\u00a0 recursos econ\u00f3micos del estado, concretamente por sustraer y cobrar dos cheques destinados para el pago de \u00a0laudos, se\u00a0 trata de\u00a0 quien se desempe\u00f1aba como subdirector de relaciones laborales de la Oficial\u00eda Mayor del ejecutivo estatal durante la administraci\u00f3n de Juan Manuel Carreras L\u00f3pez, est\u00e1\u00a0 sujeto a proceso Luis Francisco N por ejercicio il\u00edcito de las funciones p\u00fablicas, inform\u00f3 la Fiscal\u00eda Especializada en Delitos relacionados con Hechos de Corrupci\u00f3n.<\/p>\n<p>Seg\u00fan el expediente, \u00e9ste ex servidor p\u00fablico en mayo de 2021 sustrajo de un escritorio de la oficina de su superior jer\u00e1rquico, los dos cheques, y los habr\u00eda aplicado para el pago a una persona, quebrantando la confianza de trabajo que ten\u00eda en\u00a0 la dependencia gubernamental.<\/p>\n<p>La autoridad judicial concedi\u00f3, tres meses para la investigaci\u00f3n complementaria, e impuso como medidas cautelares al acusado, la presentaci\u00f3n peri\u00f3dica ante esa instancia y la prohibici\u00f3n de salir del pa\u00eds sin autorizaci\u00f3n.<\/p>\n<p>+++++++++++++++++++++<\/p>\n<p>+++++++++++++<\/p>\n<p>EST\u00c1\u00a0 URGIDO DE DINERO?<\/p>\n<p>Pr\u00e9stamos\u00a0\u00a0\u00a0 de\u00a0 dinero inmediatos a pensionados\u00a0\u00a0 CFE, ISSSTE.FFCC, SCT, PEMEX,\u00a0 ACTIVOS Y JUBILADIS\u00a0 IMSS\u00a0\u00a0 SIN AFECTAR TARJETON.\u00a0\u00a0\u00a0 Ll\u00e1menos las 24 hrs del d\u00eda\u00a0 4811039565\u00a0 CREDITO INMEDIATO<\/p>\n<p>+++++<\/p>\n<p>LA TRADICION\u00a0 DE \u201cTODOS SANTOS\u201d AHORA\u00a0 DIVERSION Y COMERCIALIZACI\u00d3N.<\/p>\n<p>Todav\u00eda por\u00a0 el decenio 1950\/60 la celebraci\u00f3n tradicional\u00a0 del Dia de todos Santos o\u00a0 de Los Fieles Difuntos, ten\u00eda\u00a0 una solemnidad respetuosa\u00a0 entre las\u00a0 familias\u00a0 que\u00a0 daban la bienvenida a sus seres queridos difuntos con la\u00a0 quema\u00a0 de \u201dcuetes\u201d\u00a0 en la\u00a0 madrugada del 31 de octubre, al medio d\u00eda\u00a0 se\u00a0 repet\u00eda el mismo episodio\u00a0 por la llegada de los<\/p>\n<p>Angelitos, al siguiente d\u00eda\u00a0 (1\u00a0\u00a0 de nov) se\u00a0 despiden los\u00a0 visitantes ni\u00f1os y llegada de los \u201cdifuntos\u00a0 adultos\u201d igualmente\u00a0 recibidos con quema\u00a0 de p\u00f3lvora\u00a0 y\u00a0 despedidos el 2\u00a0 al medio d\u00eda. Ni para cuando la\u00a0 Huasteca\u00a0 estuviera invadida de comparsas carnavalescas, eran d\u00edas\u00a0 de\u00a0 absoluto respeto\u00a0 en memoria\u00a0 de los\u00a0 seres\u00a0 fallecidos. Los\u00a0 \u201cchichiliques\u201d eran obligaci\u00f3n en la ofrenda\u00a0 ante el altar y no hab\u00eda desfile de ni\u00f1os pidi\u00e9ndolos\u00a0 casa por casa\u00a0 como ahora. Cuando un vecino visitaba a otro\u00a0 en esos d\u00edas, llevaba sus\u00a0 \u201cchichiliques\u201d y\u00a0\u00a0 recib\u00eda otros. Asi fueron las costumbres\u00a0 hace pocos a\u00f1os atr\u00e1s.<\/p>\n<p>En cuanto al Xantolo no es propio de la Huasteca Tenek que en lugar de d\u00eda de muertos, el Gobierno del Estado Carrerista impuso \u00a0el Xantolo, que seg\u00fan el l\u00edder huasteco, Rogel del Rosal Valladares, \u201ces un t\u00e9rmino proveniente del lat\u00edn\u201d. Es sin\u00f3nimo de sanctorum, \u201cnada que ver con la identidad ind\u00edgena de entregar ofrendas a quienes se nos adelantaron\u201d. En Filipinas, equivale a una limosna para sostener al culto parroquial, que se cubre a partir de los 16 a\u00f1os.<\/p>\n<p>+++++++<\/p>\n<p>En espacios cerrados, mantente puesto el cubre bocas y si estas al aire libre y te lo quitas, recuerda mantener una distancia de al menos 2 metros de otras personas.<\/p>\n<p>La pandemia no ha terminado; mant\u00e9n las medidas de prevenci\u00f3n y \u00a1corta el contagio!<\/p>\n<p>+++++++++++<\/p>\n<p>QFB\u00a0 FABIOLA GARCIA ALVAREZ<\/p>\n<p>Perito dictaminador en an\u00e1lisis bacteriol\u00f3gico de agua y alimentos con n\u00famero GES-PD 0705<\/p>\n<p>Perito dictaminador en\u00a0 estupefacientes GES-PD0523<\/p>\n<p>Maestr\u00eda\u00a0 en an\u00e1lisis cl\u00ednicos 1301 \u2013 368068<\/p>\n<p>Ced\u00a0 prof\u00a0 8664204\u00a0\u00a0 Tel. 38 1 66 64<\/p>\n<p>Asesor\u00eda,\u00a0 auditor\u00eda\u00a0 y gesti\u00f3n ambiental.<\/p>\n<ol>\n<li>Victoria No. 8 zona centro Cd Valles SLP.<\/li>\n<\/ol>\n<p>+++<\/p>\n<p>HASTA\u00a0 PERMISOS\u00a0 TEMPORALES\u00a0 PARA VENTA Y CONSUMO DE BEBIDAS\u00a0 ALCOHOLICAS EN CAMPOS DEPORTIVOS.<\/p>\n<p>No\u00a0 existe tal\u00a0 campa\u00f1a\u00a0 de moralizaci\u00f3n en los\u00a0 campos deportivos municipales acordado por los\u00a0 regidores, solo es\u00a0 un pretexto para\u00a0 que ahora\u00a0 el mismo gobierno municipal imponga\u00a0 una\u00a0 cuota de 300 pesos\u00a0 por un \u201cpermiso temporal de fin de semana\u201d \u00a0para\u00a0 que\u00a0 los explotadores del vicio y el deporte\u00a0 de\u00a0 nueva cuenta vuelven a convertirlos en cantinas\u00a0 ambulantes, ah\u00a0 y tendr\u00e1n permiso hasta\u00a0 las 10\u00a0 de la noche.<\/p>\n<p>El campo Guadiana bajo control de la autoridad municipal,\u00a0 es\u00a0 uno de los sitios donde se han registrado ri\u00f1as entre jugadores y sus porras, tambi\u00e9n participa\u00a0 el p\u00fablici asistente que bajo los influjos del alcohol no les\u00a0 importa que haya\u00a0 familias y\u00a0 ni\u00f1os\u00a0 en el lugar, incluso hasta lesionados\u00a0 se an registrado.<\/p>\n<p>Primero la administraci\u00f3n anterior rescata la posici\u00f3n del campo Guadiana, el supuesto \u201cconcesionario\u201d se queja\u00a0 de despojo hasta llegar el caso a un Juez Federal\u00a0 que\u00a0 le\u00a0 dio la raz\u00f3n para\u00a0 seguir\u00a0 explotando el lugar\u00a0 p\u00fablico municipal y vuelve a operar como ente\u00a0 de su\u00a0 propiedad\u00a0 y venta de\u00a0 cerveza\u00a0 durante los eventos deportivos. El municipio a trav\u00e9s\u00a0 de la Direcci\u00f3n de Comercio proh\u00edbe la pr\u00e1ctica\u00a0 de\u00a0 vender bebidas embriagantes de\u00a0 acurdo con la misma Ley\u00a0 municipal y por si faltaba, el\u00a0 cabildo acuerda la misma disposici\u00f3n, pero\u00a0 el alcalde recula y \u201cdice mi mam\u00e1\u00a0 que siempre s\u00ed\u201d y\u00a0 aplica la cuota referida\u00a0 que\u00a0 seguramente\u00a0 ser\u00e1 canalizada\u00a0 al DIF de Valles\u00a0 para sus obras sociales.<\/p>\n<p>&nbsp;<\/p>\n<p>Entre los\u00a0 representantes\u00a0 de deportistas que obligadamente utilizan los campos deportivos, en el caso particular de El Guadiana, el supuesyo concesionario aplica una cuota por evento y\u00a0 con la venta de cerveza\u00a0 que el mismo tiene en exclusiva, atiende\u00a0 el mantenimiento de las canchas deportivas, pero estas est\u00e1n en deplorables condiciones.<\/p>\n<p>Antecedentes del caso se\u00f1alan que durante el \u00faltimo gobierno \u00b4priista en Valles\u00a0 el director del deporte otorg\u00f3 un permiso administrativo a un representante de liga deportiva y con ese documento no avalado por el cabildo mucho menos \u00b4por\u00a0 el Congreso se ostenta como \u00fanico beneficiario del lugar, argumentando el desinter\u00e9s de las autoridades en atender las necesidades\u00a0 del campo. Hay\u00a0\u00a0 algo de cierto.<\/p>\n<p>+++++++++++++++<\/p>\n<p>ENCONTRO LA\u00a0 A.S.E.\u00a0 EN INTERAPAS\u00a0 350 MDP DESAPARECIDOS\u00a0 Y\u00a0 EN LA DAPAS DE VALLES,\u00a0 CUANTO?<\/p>\n<p>La Auditor\u00eda Superior del Estado revel\u00f3 el resultado\u00a0 de las\u00a0 cuentas\u00a0 de\u00a0 organismos p\u00fablicos descentralizados como es el caso de Interapas\u00a0 de\u00a0 la\u00a0 capital potosina, mientras\u00a0 los Vallenses\u00a0 esperan conocer tambi\u00e9n en que condiciones\u00a0 est\u00e1n las cuentas\u00a0 de la Dapas en su primer a\u00f1o de\u00a0 la\u00a0 actual administraci\u00f3n municipal.<\/p>\n<p>Seg\u00fan la informaci\u00f3n , en el\u00a0\u00a0 Interapas, la\u00a0 ASE\u00a0 encontr\u00f3 irregularidades por m\u00e1s de 350 millones de pesos, espec\u00edficamente en los meses que corresponden al cierre de la administraci\u00f3n del ex alcalde capitalino Xavier Nava Palacios con posibles desv\u00edos de recursos p\u00fablicos, gastos indebidos en n\u00f3mina y falta de comprobaci\u00f3n en la aplicaci\u00f3n de recursos federales, entre una larga lista de inconsistencias por un total de 350 millones 252 mil pesos, mismas que se relacionan con la falta de pago de los Adeudos de Ejercicios Fiscales Anteriores, gastos en servicios personales injustificados, irregularidades en la contrataci\u00f3n de pipas, sueldos de funcionarios de primer nivel por arriba del tabulador y sin cumplir con el perfil previsto por la normatividad.\u00a0 , Adem\u00e1s de estas anomal\u00edas, autoridades de justicia, como la Fiscal\u00eda General del Estado, y federales, como la Auditor\u00eda Superior de la Federaci\u00f3n, han revelado que existen carpetas de investigaci\u00f3n por las inconsistencias y posibles delitos cometidos durante la administraci\u00f3n 2018-2021 de la capital, encabezada por Xavier Nava Palacios.<\/p>\n<p>+++++++++++++<\/p>\n<p>El sitio ideal para\u00a0 sus fiestas\u2026<\/p>\n<p>\u201cFINCA\u00a0 SAN ISIDRO\u201d<\/p>\n<p>Sal\u00f3n para fiestas de todo tipo.<\/p>\n<p>Carretera Valles \u2013 R\u00edo Verde Km. 8<\/p>\n<p>Contrataciones al Tel. 01 481 179 09<\/p>\n<p>Cd. Valles SLP M\u00e9xico.<\/p>\n<p>+++++++++++++<\/p>\n<p>\u00abES UNA DESGRACIA LO QUE SUCEDE EN EL TEMA DE LOS SINDICALIZADOS\u00bb: GOBERNADOR POR PUENTE DE 3 D\u00cdAS DE BUR\u00d3CRATAS<\/p>\n<p>San Luis Potos\u00ed, SLP.- Si usted la\u00a0 semana anterior\u00a0 tuvo problemas para\u00a0 realizar\u00a0 alg\u00fan tr\u00e1mite administrativo\u00a0 en dependencias\u00a0 de los gobiernos municipal y estatal, la\u00a0 causa\u00a0\u00a0 fue\u00a0 que la burocracia\u00a0 dorada\u00a0 por\u00a0 cualquier motivo o celebraci\u00f3n oficial disponen de\u00a0 d\u00edas de asueto, por\u00a0 ejemplo el pr\u00f3ximo lunes aniversario de la\u00a0 Revoluci\u00f3n Mexicana<\/p>\n<p>SE\u00a0 TOMAR\u00c1N EL D\u00cdA siguiente\u00a0 (lunes) porque\u00a0 la fecha\u00a0 cay\u00f3 en domingo\u00a0 d\u00eda de descanso com\u00fan y lo reponen\u00a0 con el siguiente d\u00eda laboral, gracias a un logro sindical, los bur\u00f3cratas de la Administraci\u00f3n Estatal, tendr\u00e1n ese puente de 3 d\u00edas; el gobernador del estado calific\u00f3 est\u00e1 situaci\u00f3n como una desgracia.<\/p>\n<p>El mandatario estatal destac\u00f3 que este tipo de situaciones generadas por los sindicatos, merma el trabajo del gobierno. Sin embargo tambi\u00e9n asegur\u00f3 que durante la pandemia del covid-19, la burocracia se resguard\u00f3 dos a\u00f1os, demostrando que sobran y que el gobierno puede salir adelante sin su presencia.<\/p>\n<p>En este mismo sentido, dio a conocer que algunos trabajadores basificados se est\u00e1n acoplando al ritmo de trabajo del actual gobierno, por lo que estos d\u00edas de descanso decidieron laborar.<\/p>\n<p>Gallardo reconoci\u00f3 y felicit\u00f3 a esta parte de la burocracia que se toma enserio el trabajo de la administraci\u00f3n p\u00fablica.<\/p>\n<p>Finalmente lament\u00f3 que algunos bur\u00f3cratas sindicalizados sigan en la din\u00e1mica de la herencia maldita, donde buscan la manera de sabotear el trabajo actual.<\/p>\n<p>+++++++++++++<\/p>\n<p>\u201cCAF\u00c9 Y RESTAURANT\u00a0 EL FAROLITO\u201d<\/p>\n<p>Lo mejor de la cocina Huasteca; el tradicional zacahuil y cazueladas.\u00a0\u00a0 Atendemos toda clase de\u00a0 festejos. Pedidos al Tel\u00a0 3821017 Ciudad Valles SLP.<\/p>\n<p>+++++++++++++<\/p>\n<p>DE\u00a0 V O\u00a0 L\u00a0 A D A<\/p>\n<p>AMBULANCIA CHOCADA POR ALCANCE\u2026.\u00a0 Pese\u00a0 a su precaria situaci\u00f3n econ\u00f3mica del patronato de la Cruz Roja\u00a0 de esta ciudad, cumple\u00a0 con obligaciones laborales\u00a0 y\u00a0 posee un\u00a0 veh\u00edculo habilitado como ambulancia para\u00a0 transporte de personal,\u00a0 pero otro veh\u00edculo lo choco por\u00a0 alcance por la\u00a0 colonia\u00a0 18 de marzo\u2026 No sab\u00edamos\u00a0 que la instituci\u00f3n ya\u00a0 dispusiera de\u00a0 transporte de personal, ni siquiera\u00a0\u00a0 en\u00a0 el IMSS\u00a0 ISSTE\u00a0 o en el Hospital general los trabajadores\u00a0 gozan de ese\u00a0 beneficio.<\/p>\n<p>+++++++++<\/p>\n<p>&nbsp;<\/p>\n<p>&nbsp;<\/p>\n<p>La civilizaci\u00f3n en este planeta tiene 103 millones de a\u00f1os y era extraterrestre.<\/p>\n<p><a href=\"https:\/\/ufoymisterios.es\/antiguas-culturas\/la-civilizacion-en-este-planeta-tiene-103-millones-de-anos-y-era-extraterrestre\/#comments\">\u00a02<\/a><\/p>\n<p>Hay una teor\u00eda que circula desde el principio de los tiempos. La teor\u00eda es bastante simple, simplemente afirma que no somos originarios del planeta Tierra.<\/p>\n<p>Seg\u00fan esta teor\u00eda, resid\u00edamos en Marte o en\u00a0 LA LUNA, pero luego, por razones desconocidas, decidimos cambiar de planeta. En nuestra b\u00fasqueda, nos encontramos con una Tierra muy agradable y decidimos no dejarla por un buen rato.<\/p>\n<p>Esto se explica por MISTERIOS INEXPLICADOS en su segmento llamado \u00abLa civilizaci\u00f3n en la Tierra tiene 103 millones de a\u00f1os y \u00bferan extraterrestres?\u00bb<\/p>\n<p>Pero, \u00bfpor qu\u00e9 alguien iba a creer en esta teor\u00eda? El hecho es que hay mucha evidencia de ello.<\/p>\n<p>Tomemos, por ejemplo, las m\u00faltiples pir\u00e1mides que fueron descubiertas recientemente por el Curiosity Rover en Marte.<\/p>\n<p>O quieren decir que los extraterrestres los construyeron ellos mismos en nuestro planeta o que, para empezar, nos inspiraron.<\/p>\n<p>Pero si lo hubieran construido en nuestro planeta, entonces f\u00e1cilmente podr\u00edan haberse quedado en el planeta desde entonces, convirti\u00e9ndolos en nuestros<\/p>\n<p>++++++++++++<\/p>\n<p>POR MALTRATAR\u00a0 A MAESTROS DESTITUYEN\u00a0 A FUNCIONARIA DE LA\u00a0 SEGE.\u00a0\u00a0\u00a0 A\u00a0 trav\u00e9s\u00a0 de un comunicado de la \u00a0Secretar\u00eda de Educaci\u00f3n del Gobierno del Estado inform\u00f3 que se destituido a la directora de Educaci\u00f3n Media Superior, Fanny Elizabeth Oma\u00f1a Castellanos, despu\u00e9s \u00a0de que se hiciera p\u00fablico un audio en el que insulta a un profesor, lo que desencaden\u00f3 una serie de denuncias que la se\u00f1alan como responsable de la comisi\u00f3n de diversas faltas.<\/p>\n<p>La dependencia inform\u00f3 que se abrir\u00e1 una investigaci\u00f3n dentro del marco de la ley \u201cporque no se permitir\u00e1 que ning\u00fan funcionario p\u00fablico vulnere a los trabajadores al servicio de la educaci\u00f3n\u201d.<\/p>\n<p>En el caso de la directora secretario Juan Carlos Torres Cedillo confirm\u00f3 que fue removida de manera inmediata del cargo que desempe\u00f1aba y que est\u00e1 a disposici\u00f3n de las autoridades educativas y de la Contralor\u00eda a fin de deslindar responsabilidades, asegur\u00f3 que existe el compromiso a favor de la educaci\u00f3n, de la ni\u00f1ez y de la juventud, de manera que toda conducta fuera de la norma ser\u00e1 sancionada.<\/p>\n<p>V\u00edctimas de la \u00a0ex funcionaria, dijeron que buscar\u00e1n la destituci\u00f3n del propio secretario Juan Carlos Torres porque, aseguraron, desde hace tiempo se le hab\u00eda informado de los abusos que su subordinada comet\u00eda sin que\u00a0 hubiera\u00a0 alguna\u00a0 respuesta.<\/p>\n<p><a href=\"https:\/\/www.facebook.com\/photo\/?fbid=489510699867088&amp;set=pcb.489510773200414&amp;__cft__%5b0%5d=AZW6Gx4DBmFvMrPjwv3L-OChT1Oc2bkTuMRXQ9RCA7LX5YIbQDMLK0pm0WWAAsO9gW_0eOWecDdl2JDQWQkSWxJjzO8rYyqiAEQwrHeJi-bxIeVny8jO1576tHaS2JYQcFo&amp;__tn__=*bH-R\">\u00a0HASTALA PROXIMA SEMANA.<\/a><\/p>\n<p><a href=\"https:\/\/www.facebook.com\/photo\/?fbid=489510699867088&amp;set=pcb.489510773200414&amp;__cft__%5b0%5d=AZW6Gx4DBmFvMrPjwv3L-OChT1Oc2bkTuMRXQ9RCA7LX5YIbQDMLK0pm0WWAAsO9gW_0eOWecDdl2JDQWQkSWxJjzO8rYyqiAEQwrHeJi-bxIeVny8jO1576tHaS2JYQcFo&amp;__tn__=*bH-R\">\u00a0<\/a><\/p>\n","protected":false},"excerpt":{"rendered":"<p>\u00a0 LOCATARIOS\u00a0 DEL MERCADO\u00a0 GNS ESPERAN COLAPSO DEL EDIFICIO EN RUINAS Son evidentes a simple vista los\u00a0 da\u00f1os\u00a0 estructurales\u00a0 del edificio\u00a0 del mercado \u201cG.N.S.\u201d el factor de riesgo aumenta y apunta\u00a0 una eventual tragedia en cualquier momento, no solo est\u00e1n en riesgo\u00a0 los obstinados locatarios &hellip; <\/p>\n","protected":false},"author":1,"featured_media":73200,"comment_status":"open","ping_status":"open","sticky":false,"template":"","format":"standard","meta":{"footnotes":""},"categories":[17,4],"tags":[],"class_list":["post-75928","post","type-post","status-publish","format-standard","has-post-thumbnail","hentry","category-colaboraciones","category-inicio"],"_links":{"self":[{"href":"https:\/\/amanecerhuasteco.com\/portal\/wp-json\/wp\/v2\/posts\/75928","targetHints":{"allow":["GET"]}}],"collection":[{"href":"https:\/\/amanecerhuasteco.com\/portal\/wp-json\/wp\/v2\/posts"}],"about":[{"href":"https:\/\/amanecerhuasteco.com\/portal\/wp-json\/wp\/v2\/types\/post"}],"author":[{"embeddable":true,"href":"https:\/\/amanecerhuasteco.com\/portal\/wp-json\/wp\/v2\/users\/1"}],"replies":[{"embeddable":true,"href":"https:\/\/amanecerhuasteco.com\/portal\/wp-json\/wp\/v2\/comments?post=75928"}],"version-history":[{"count":2,"href":"https:\/\/amanecerhuasteco.com\/portal\/wp-json\/wp\/v2\/posts\/75928\/revisions"}],"predecessor-version":[{"id":75930,"href":"https:\/\/amanecerhuasteco.com\/portal\/wp-json\/wp\/v2\/posts\/75928\/revisions\/75930"}],"wp:featuredmedia":[{"embeddable":true,"href":"https:\/\/amanecerhuasteco.com\/portal\/wp-json\/wp\/v2\/media\/73200"}],"wp:attachment":[{"href":"https:\/\/amanecerhuasteco.com\/portal\/wp-json\/wp\/v2\/media?parent=75928"}],"wp:term":[{"taxonomy":"category","embeddable":true,"href":"https:\/\/amanecerhuasteco.com\/portal\/wp-json\/wp\/v2\/categories?post=75928"},{"taxonomy":"post_tag","embeddable":true,"href":"https:\/\/amanecerhuasteco.com\/portal\/wp-json\/wp\/v2\/tags?post=75928"}],"curies":[{"name":"wp","href":"https:\/\/api.w.org\/{rel}","templated":true}]}}