{"id":75981,"date":"2022-11-05T13:39:55","date_gmt":"2022-11-05T19:39:55","guid":{"rendered":"http:\/\/amanecerhuasteco.com\/portal\/?p=75981"},"modified":"2022-11-15T13:40:42","modified_gmt":"2022-11-15T19:40:42","slug":"impulsan-acciones-para-evitar-la-discriminacion-en-la-funcion-publica","status":"publish","type":"post","link":"https:\/\/amanecerhuasteco.com\/portal\/impulsan-acciones-para-evitar-la-discriminacion-en-la-funcion-publica\/","title":{"rendered":"Impulsan acciones para evitar la discriminaci\u00f3n en la funci\u00f3n p\u00fablica  \u00a0"},"content":{"rendered":"<table width=\"100\">\n<tbody>\n<tr>\n<td width=\"100\"><\/td>\n<\/tr>\n<\/tbody>\n<\/table>\n<p><strong>\u00a0<\/strong><\/p>\n<p><strong>\u00a0<\/strong><\/p>\n<p><strong>FRACCIONES PARLAMENTARIAS DEL PVEM Y PT IMPULSAN INICIATIVAS PARA REFORMAR LA LEY DE LOS TRABAJADORES AL SERVICIO DEL ESTADO Y LA LEY PARA PREVENIR Y ERRADICAR LA DISCRIMINACI\u00d3N DEL ESTADO<\/strong><\/p>\n<p><strong>\u00a0<\/strong><\/p>\n<p>Las diputadas Nadia Esmeralda Ochoa Lim\u00f3n, Dolores Eliza Garc\u00eda Rom\u00e1n, Martha Patricia Aradillas Aradillas, Cinthia Ver\u00f3nica Segovia Colunga y los diputados Jos\u00e9 Luis Fern\u00e1ndez Mart\u00ednez, Eloy Franklin Sarabia, Roberto Ulises Mendoza Padr\u00f3n, Edgar Alejandro Anaya Escobedo, Edgar Alejandro Anaya Escobedo, Ren\u00e9 Oyarvide Ibarra y Salvador Isa\u00eds Rodr\u00edguez, presentaron iniciativa que reforma la Ley de los Trabajadores al Servicio del Estado de San Luis Potos\u00ed y la Ley para Prevenir y Erradicar la Discriminaci\u00f3n del Estado.<\/p>\n<p>&nbsp;<\/p>\n<p>La propuesta propone reformar el segundo p\u00e1rrafo del art\u00edculo 2\u00ba de la Ley de los Trabajadores al Servicio del Estado donde se establece que no podr\u00e1n existir distinciones entre las personas trabajadoras del servicio p\u00fablico por motivo de origen \u00e9tnico, nacional o regional, sexo, g\u00e9nero, edad, discapacidad, condici\u00f3n social, econ\u00f3mica o de salud, apariencia f\u00edsica, por embarazo, opiniones, preferencias sexuales, pol\u00edticas o culturales, estado civil.<\/p>\n<p>&nbsp;<\/p>\n<p>Tampoco por tener tatuajes o modificaciones corporales, costumbres, raza, ideolog\u00edas, creencias religiosas, migraci\u00f3n o cualquier otra condici\u00f3n que d\u00e9 origen a conductas que atenten contra la dignidad humana o que tengan por objeto anular o menoscabar los derechos y libertades de las personas.<\/p>\n<p>&nbsp;<\/p>\n<p>En la exposici\u00f3n de motivos se menciona que, es de suma importancia plasmar en las leyes textualmente las prohibiciones que deben existir respecto a la disposici\u00f3n de condicionar la elecci\u00f3n de una persona por tener o no tatuajes, as\u00ed como algunas otras causales que han sido motivo de discriminaci\u00f3n.<\/p>\n<p>&nbsp;<\/p>\n<p>Se explica que, la libertad de expresi\u00f3n es un derecho humano, de acuerdo con la Suprema Corte de Justicia de la Naci\u00f3n; tener un tatuaje es parte del desarrollo de la personalidad, por eso si un patr\u00f3n o empresa rechaza o despide a un trabajador por tatuarse, descubrir que est\u00e1 tatuado o no lo quiere contratar, estar\u00eda incurriendo en una acci\u00f3n discriminatoria con consecuencias legales, sin embargo es necesario que esta disposici\u00f3n se encuentre plasmada en la ley.<\/p>\n<p>&nbsp;<\/p>\n<p>La iniciativa fue turnada a las comisiones de Trabajo y Previsi\u00f3n Social y Derechos Humanos para su an\u00e1lisis y posteriormente, ser enviada al Pleno del Poder Legislativo para su discusi\u00f3n y en su caso ser votada.<\/p>\n<p>&nbsp;<\/p>\n","protected":false},"excerpt":{"rendered":"<p>\u00a0 \u00a0 FRACCIONES PARLAMENTARIAS DEL PVEM Y PT IMPULSAN INICIATIVAS PARA REFORMAR LA LEY DE LOS TRABAJADORES AL SERVICIO DEL ESTADO Y LA LEY PARA PREVENIR Y ERRADICAR LA DISCRIMINACI\u00d3N DEL ESTADO \u00a0 Las diputadas Nadia Esmeralda Ochoa Lim\u00f3n, Dolores Eliza Garc\u00eda Rom\u00e1n, Martha Patricia &hellip; <\/p>\n","protected":false},"author":1,"featured_media":75982,"comment_status":"open","ping_status":"open","sticky":false,"template":"","format":"standard","meta":{"footnotes":""},"categories":[23,11,4,5],"tags":[],"class_list":["post-75981","post","type-post","status-publish","format-standard","has-post-thumbnail","hentry","category-congreso","category-estado","category-inicio","category-politica"],"_links":{"self":[{"href":"https:\/\/amanecerhuasteco.com\/portal\/wp-json\/wp\/v2\/posts\/75981","targetHints":{"allow":["GET"]}}],"collection":[{"href":"https:\/\/amanecerhuasteco.com\/portal\/wp-json\/wp\/v2\/posts"}],"about":[{"href":"https:\/\/amanecerhuasteco.com\/portal\/wp-json\/wp\/v2\/types\/post"}],"author":[{"embeddable":true,"href":"https:\/\/amanecerhuasteco.com\/portal\/wp-json\/wp\/v2\/users\/1"}],"replies":[{"embeddable":true,"href":"https:\/\/amanecerhuasteco.com\/portal\/wp-json\/wp\/v2\/comments?post=75981"}],"version-history":[{"count":1,"href":"https:\/\/amanecerhuasteco.com\/portal\/wp-json\/wp\/v2\/posts\/75981\/revisions"}],"predecessor-version":[{"id":75983,"href":"https:\/\/amanecerhuasteco.com\/portal\/wp-json\/wp\/v2\/posts\/75981\/revisions\/75983"}],"wp:featuredmedia":[{"embeddable":true,"href":"https:\/\/amanecerhuasteco.com\/portal\/wp-json\/wp\/v2\/media\/75982"}],"wp:attachment":[{"href":"https:\/\/amanecerhuasteco.com\/portal\/wp-json\/wp\/v2\/media?parent=75981"}],"wp:term":[{"taxonomy":"category","embeddable":true,"href":"https:\/\/amanecerhuasteco.com\/portal\/wp-json\/wp\/v2\/categories?post=75981"},{"taxonomy":"post_tag","embeddable":true,"href":"https:\/\/amanecerhuasteco.com\/portal\/wp-json\/wp\/v2\/tags?post=75981"}],"curies":[{"name":"wp","href":"https:\/\/api.w.org\/{rel}","templated":true}]}}