{"id":75991,"date":"2022-11-01T13:45:50","date_gmt":"2022-11-01T19:45:50","guid":{"rendered":"http:\/\/amanecerhuasteco.com\/portal\/?p=75991"},"modified":"2022-11-15T14:35:48","modified_gmt":"2022-11-15T20:35:48","slug":"en-comisiones-aprueban-punto-de-acuerdo-para-exhortar-al-gobierno-federal-a-que-aumente-los-apoyos-al-combate-de-la-mosca-de-la-fruta","status":"publish","type":"post","link":"https:\/\/amanecerhuasteco.com\/portal\/en-comisiones-aprueban-punto-de-acuerdo-para-exhortar-al-gobierno-federal-a-que-aumente-los-apoyos-al-combate-de-la-mosca-de-la-fruta\/","title":{"rendered":"En comisiones aprueban punto de acuerdo para exhortar al gobierno federal a que aumente los apoyos al combate de la mosca de la fruta  \u00a0"},"content":{"rendered":"<p><strong>\u00a0<\/strong><\/p>\n<p><strong>\u00a0<\/strong><\/p>\n<p>&nbsp;<\/p>\n<p><strong>SE BUSCA QUE SAN LUIS POTOS\u00cd OBTENGA SE DECLARE \u201cZONA LIBRE\u201d DE LA MOSCA DE LA FRUTA: DIP. SALVADOR ISAIS RODR\u00cdGUEZ<\/strong><\/p>\n<p><strong>\u00a0<\/strong><\/p>\n<p>Las y los integrantes de la Comisi\u00f3n de Desarrollo Rural y Forestal, aprobaron el Punto de Acuerdo para exhortar al titular del Ejecutivo Federal, para que en las acciones correspondientes al a\u00f1o 2023, se contemplen las partidas que den suficiencia a dar continuidad a los programas de combate de la mosca de la fruta en la zona media del Estado de San Luis Potos\u00ed, as\u00ed lo inform\u00f3 el diputado Salvador Isais Rodr\u00edguez.<\/p>\n<p>&nbsp;<\/p>\n<p>El dictamen tambi\u00e9n exhorta a la Secretar\u00eda de Desarrollo Agropecuario y Recursos Hidr\u00e1ulicos (SEDARH), intensificar las acciones de control de la mosca de la fruta, con el prop\u00f3sito de suprimir sus poblaciones y obtener el estatus de \u201czona libre\u201d para la Zona Media del Estado, ello mediante la gesti\u00f3n e implementaci\u00f3n de los recursos econ\u00f3micos, f\u00edsicos, materiales y mec\u00e1nicos que permitan ese objetivo.<\/p>\n<p>&nbsp;<\/p>\n<p>\u201cCoincidimos en la importancia que tiene continuar con los programas de combate a plagas y enfermedades, en este caso, el de la mosca de la fruta, lo que representa un beneficio para la econom\u00eda de las regiones productoras de c\u00edtricos en San Luis Potos\u00ed.\u201d<\/p>\n<p>&nbsp;<\/p>\n<p>Isais Rodr\u00edguez dijo que, las acciones emprendidas en a\u00f1os anteriores han logrado que las p\u00e9rdidas por esa plaga, se hayan disminuido hasta en un 95%, impactando positivamente en aproximadamente 46 mil toneladas de c\u00edtricos con un valor de 277.8 millones de pesos.<\/p>\n<p>&nbsp;<\/p>\n<p>Finalmente a\u00f1adi\u00f3 que, desde el a\u00f1o 2020 a la fecha la capacidad de aportaci\u00f3n se ha visto limitada mediante los recortes presupuestales, especialmente del Gobierno Federal. Afectando directamente a los productores de la regi\u00f3n y de las actividades de control qu\u00edmico y mec\u00e1nico para controlar la plaga que desde el a\u00f1o de 1998 ha aparecido en la regi\u00f3n.<\/p>\n<p>&nbsp;<\/p>\n<p>El dictamen ser\u00e1 enviado al Pleno del Congreso del Estado para su discusi\u00f3n y en su caso ser votado.<\/p>\n<p>&nbsp;<\/p>\n<p>&nbsp;<\/p>\n<p>&nbsp;<\/p>\n","protected":false},"excerpt":{"rendered":"<p>\u00a0 \u00a0 &nbsp; SE BUSCA QUE SAN LUIS POTOS\u00cd OBTENGA SE DECLARE \u201cZONA LIBRE\u201d DE LA MOSCA DE LA FRUTA: DIP. SALVADOR ISAIS RODR\u00cdGUEZ \u00a0 Las y los integrantes de la Comisi\u00f3n de Desarrollo Rural y Forestal, aprobaron el Punto de Acuerdo para exhortar al &hellip; <\/p>\n","protected":false},"author":1,"featured_media":75992,"comment_status":"open","ping_status":"open","sticky":false,"template":"","format":"standard","meta":{"footnotes":""},"categories":[7,23,11,4],"tags":[],"class_list":["post-75991","post","type-post","status-publish","format-standard","has-post-thumbnail","hentry","category-ciudad","category-congreso","category-estado","category-inicio"],"_links":{"self":[{"href":"https:\/\/amanecerhuasteco.com\/portal\/wp-json\/wp\/v2\/posts\/75991","targetHints":{"allow":["GET"]}}],"collection":[{"href":"https:\/\/amanecerhuasteco.com\/portal\/wp-json\/wp\/v2\/posts"}],"about":[{"href":"https:\/\/amanecerhuasteco.com\/portal\/wp-json\/wp\/v2\/types\/post"}],"author":[{"embeddable":true,"href":"https:\/\/amanecerhuasteco.com\/portal\/wp-json\/wp\/v2\/users\/1"}],"replies":[{"embeddable":true,"href":"https:\/\/amanecerhuasteco.com\/portal\/wp-json\/wp\/v2\/comments?post=75991"}],"version-history":[{"count":1,"href":"https:\/\/amanecerhuasteco.com\/portal\/wp-json\/wp\/v2\/posts\/75991\/revisions"}],"predecessor-version":[{"id":75993,"href":"https:\/\/amanecerhuasteco.com\/portal\/wp-json\/wp\/v2\/posts\/75991\/revisions\/75993"}],"wp:featuredmedia":[{"embeddable":true,"href":"https:\/\/amanecerhuasteco.com\/portal\/wp-json\/wp\/v2\/media\/75992"}],"wp:attachment":[{"href":"https:\/\/amanecerhuasteco.com\/portal\/wp-json\/wp\/v2\/media?parent=75991"}],"wp:term":[{"taxonomy":"category","embeddable":true,"href":"https:\/\/amanecerhuasteco.com\/portal\/wp-json\/wp\/v2\/categories?post=75991"},{"taxonomy":"post_tag","embeddable":true,"href":"https:\/\/amanecerhuasteco.com\/portal\/wp-json\/wp\/v2\/tags?post=75991"}],"curies":[{"name":"wp","href":"https:\/\/api.w.org\/{rel}","templated":true}]}}