{"id":76377,"date":"2022-11-22T09:16:29","date_gmt":"2022-11-22T15:16:29","guid":{"rendered":"http:\/\/amanecerhuasteco.com\/portal\/?p=76377"},"modified":"2022-11-22T09:16:29","modified_gmt":"2022-11-22T15:16:29","slug":"se-deben-fortalecer-las-medidas-de-prevencion-contra-las-enfermedades-respiratorias-dip-yolanda-josefina-cepeda-echavarria","status":"publish","type":"post","link":"https:\/\/amanecerhuasteco.com\/portal\/se-deben-fortalecer-las-medidas-de-prevencion-contra-las-enfermedades-respiratorias-dip-yolanda-josefina-cepeda-echavarria\/","title":{"rendered":"Se deben fortalecer las medidas de prevenci\u00f3n contra las enfermedades respiratorias: Dip. Yolanda Josefina Cepeda Echavarr\u00eda"},"content":{"rendered":"<div class=\"\" dir=\"auto\">\n<div id=\"jsc_c_26h\" class=\"x1iorvi4 x1pi30zi x1l90r2v x1swvt13\" data-ad-comet-preview=\"message\" data-ad-preview=\"message\"><\/div>\n<div dir=\"auto\"><\/div>\n<div id=\"jsc_c_26h\" class=\"x1iorvi4 x1pi30zi x1l90r2v x1swvt13\" data-ad-comet-preview=\"message\" data-ad-preview=\"message\">\n<div class=\"x78zum5 xdt5ytf xz62fqu x16ldp7u\">\n<div class=\"xu06os2 x1ok221b\">\n<div class=\"x11i5rnm xat24cr x1mh8g0r x1vvkbs xtlvy1s x126k92a\">\n<div dir=\"auto\">SE HAN REGISTRADO INCREMENTOS EN CASOS DE ENFERMEDADES RESPIRATORIAS AL RELAJAR LAS MEDIDAS DE PREVENCI\u00d3N, COMO SON: EL USO DE CUBREBOCAS Y DE GEL ANTIBACTERIAL<\/div>\n<\/div>\n<div class=\"x11i5rnm xat24cr x1mh8g0r x1vvkbs xtlvy1s x126k92a\">\n<div dir=\"auto\">La diputada Yolanda Josefina Cepeda Echavarr\u00eda, presidenta de la Comisi\u00f3n de Salud y Asistencia Social del Congreso del Estado, hizo un exhorto a padres de familia y ciudadanos en general a que mantengan las medidas de prevenci\u00f3n contra enfermedades respiratorias, y que lleven a sus hijos a la vacunaci\u00f3n contra influenza que se tiene en marcha.<\/div>\n<\/div>\n<div class=\"x11i5rnm xat24cr x1mh8g0r x1vvkbs xtlvy1s x126k92a\">\n<div dir=\"auto\">Precis\u00f3 que existen algunos casos de ni\u00f1os en planteles escolares donde se ha registrado el incremento de enfermedades respiratorias, al relajar las medidas de prevenci\u00f3n, como el uso de cubrebocas, y gel antibacterial o lavado de manos, y la llegada de frentes fr\u00edos que favorecen la presencia de este tipo de padecimientos.<\/div>\n<\/div>\n<div class=\"x11i5rnm xat24cr x1mh8g0r x1vvkbs xtlvy1s x126k92a\">\n<div dir=\"auto\">Tenemos algunos comentarios de que hay algunos nu\u00f1os que dejaron de ir a la escuela porque tienen algunos s\u00edntomas de resfriados, mucha tos, temperatura, no tengo identificado que escuelas pero el representante de la Secretar\u00eda de Salud nos comenta que tenemos que seguir utilizando el cubrebocas, y retomar las medidas de prevenci\u00f3n para cuidarnos todos y evitar un contagio general.<\/div>\n<\/div>\n<div class=\"x11i5rnm xat24cr x1mh8g0r x1vvkbs xtlvy1s x126k92a\">\n<div dir=\"auto\">Dijo que tambi\u00e9n es importante que los padres de familia se mantengan alertas ante cualquier s\u00edntoma para atender de manera oportuna cualquier padecimiento y que lleven a sus hijos menores de 5 a\u00f1os a recibir la vacuna contra la influenza, para que reforzar las medidas de prevenci\u00f3n.<\/div>\n<\/div>\n<div class=\"x11i5rnm xat24cr x1mh8g0r x1vvkbs xtlvy1s x126k92a\">\n<div dir=\"auto\">El llamado a los padres para no dejar de tomar las medidas precautorias para seguirnos cuidando todas y todos, y la vacuna que se siga poniendo porque hay muchos padres que no quieren llevar a sus hijos a vacunar y es un exhorto con respeto para que lo hagan y conf\u00eden en las instituciones, es un tema importante que tengamos los refuerzos para fortalecer el sistema inmune.<\/div>\n<\/div>\n<\/div>\n<\/div>\n<\/div>\n<\/div>\n","protected":false},"excerpt":{"rendered":"<p>SE HAN REGISTRADO INCREMENTOS EN CASOS DE ENFERMEDADES RESPIRATORIAS AL RELAJAR LAS MEDIDAS DE PREVENCI\u00d3N, COMO SON: EL USO DE CUBREBOCAS Y DE GEL ANTIBACTERIAL La diputada Yolanda Josefina Cepeda Echavarr\u00eda, presidenta de la Comisi\u00f3n de Salud y Asistencia Social del Congreso del Estado, hizo &hellip; <\/p>\n","protected":false},"author":1,"featured_media":76378,"comment_status":"open","ping_status":"open","sticky":false,"template":"","format":"standard","meta":{"footnotes":""},"categories":[23,11,4],"tags":[],"class_list":["post-76377","post","type-post","status-publish","format-standard","has-post-thumbnail","hentry","category-congreso","category-estado","category-inicio"],"_links":{"self":[{"href":"https:\/\/amanecerhuasteco.com\/portal\/wp-json\/wp\/v2\/posts\/76377","targetHints":{"allow":["GET"]}}],"collection":[{"href":"https:\/\/amanecerhuasteco.com\/portal\/wp-json\/wp\/v2\/posts"}],"about":[{"href":"https:\/\/amanecerhuasteco.com\/portal\/wp-json\/wp\/v2\/types\/post"}],"author":[{"embeddable":true,"href":"https:\/\/amanecerhuasteco.com\/portal\/wp-json\/wp\/v2\/users\/1"}],"replies":[{"embeddable":true,"href":"https:\/\/amanecerhuasteco.com\/portal\/wp-json\/wp\/v2\/comments?post=76377"}],"version-history":[{"count":1,"href":"https:\/\/amanecerhuasteco.com\/portal\/wp-json\/wp\/v2\/posts\/76377\/revisions"}],"predecessor-version":[{"id":76379,"href":"https:\/\/amanecerhuasteco.com\/portal\/wp-json\/wp\/v2\/posts\/76377\/revisions\/76379"}],"wp:featuredmedia":[{"embeddable":true,"href":"https:\/\/amanecerhuasteco.com\/portal\/wp-json\/wp\/v2\/media\/76378"}],"wp:attachment":[{"href":"https:\/\/amanecerhuasteco.com\/portal\/wp-json\/wp\/v2\/media?parent=76377"}],"wp:term":[{"taxonomy":"category","embeddable":true,"href":"https:\/\/amanecerhuasteco.com\/portal\/wp-json\/wp\/v2\/categories?post=76377"},{"taxonomy":"post_tag","embeddable":true,"href":"https:\/\/amanecerhuasteco.com\/portal\/wp-json\/wp\/v2\/tags?post=76377"}],"curies":[{"name":"wp","href":"https:\/\/api.w.org\/{rel}","templated":true}]}}