{"id":76380,"date":"2022-11-22T09:18:32","date_gmt":"2022-11-22T15:18:32","guid":{"rendered":"http:\/\/amanecerhuasteco.com\/portal\/?p=76380"},"modified":"2022-11-22T09:18:32","modified_gmt":"2022-11-22T15:18:32","slug":"va-congreso-del-estado-por-reforma-para-que-la-auditoria-superior-del-estado-se-convierta-en-un-ente-moderno-funcional-y-eficiente","status":"publish","type":"post","link":"https:\/\/amanecerhuasteco.com\/portal\/va-congreso-del-estado-por-reforma-para-que-la-auditoria-superior-del-estado-se-convierta-en-un-ente-moderno-funcional-y-eficiente\/","title":{"rendered":"Va Congreso del Estado por reforma para que la auditor\u00eda superior del estado se convierta en un ente moderno, funcional y eficiente"},"content":{"rendered":"<div class=\"\" dir=\"auto\">\n<div id=\"jsc_c_27l\" class=\"x1iorvi4 x1pi30zi x1l90r2v x1swvt13\" data-ad-comet-preview=\"message\" data-ad-preview=\"message\">\n<div class=\"x78zum5 xdt5ytf xz62fqu x16ldp7u\">\n<div class=\"xu06os2 x1ok221b\">\n<div class=\"x11i5rnm xat24cr x1mh8g0r x1vvkbs xdj266r x126k92a\">\n<div dir=\"auto\"><\/div>\n<\/div>\n<div class=\"x11i5rnm xat24cr x1mh8g0r x1vvkbs xtlvy1s x126k92a\">\n<div dir=\"auto\">LA ENCARGADA DE DESPACHO EDITH MU\u00d1OZ ALEJ\u00d3 A LA INSTITUCI\u00d3N DEL REVANCHISMO Y HA TRABAJADO DE MANERA SERIA Y PROFESIONAL<\/div>\n<\/div>\n<div class=\"x11i5rnm xat24cr x1mh8g0r x1vvkbs xtlvy1s x126k92a\">\n<div dir=\"auto\">El presidente de la Junta de Coordinaci\u00f3n Pol\u00edtica del Congreso del Estado (JUCOPO), diputado Jos\u00e9 Luis Fern\u00e1ndez Mart\u00ednez asegur\u00f3 que, a la brevedad posible ser\u00e1 presentada la iniciativa que reforma el articulado para que la Auditor\u00eda Superior del Estado (ASE) se convierta en un ente moderno, funcional y eficiente.<\/div>\n<\/div>\n<div class=\"x11i5rnm xat24cr x1mh8g0r x1vvkbs xtlvy1s x126k92a\">\n<div dir=\"auto\">En breve se presentar\u00e1 la propuesta que dar\u00e1 paso a un \u00f3rgano de fiscalizaci\u00f3n con acceso a las tecnolog\u00edas, que revise en tiempo real el gasto de todos los entes auditables, que realice auditor\u00edas de desempe\u00f1o de manera m\u00e1s cercana y puntual.<\/div>\n<\/div>\n<div class=\"x11i5rnm xat24cr x1mh8g0r x1vvkbs xtlvy1s x126k92a\">\n<div dir=\"auto\">El objetivo es que los ciudadanos est\u00e9n plenamente tranquilos de que el recurso p\u00fablico se est\u00e1 ejerciendo de manera correcta, a trav\u00e9s de la generaci\u00f3n de informaci\u00f3n segura y confiable; tambi\u00e9n es necesario reducir los tiempos para la realizaci\u00f3n de auditor\u00edas y presentaci\u00f3n de los informes.<\/div>\n<\/div>\n<div class=\"x11i5rnm xat24cr x1mh8g0r x1vvkbs xtlvy1s x126k92a\">\n<div dir=\"auto\">Acabamos de aprobar los informes de las cuentas p\u00fablicas 2021, eso quiere decir que a finales de 2023 apenas vamos a estar revisando y votando los de este a\u00f1o; por ello preparamos una propuesta que soporte cualquier controversia, impugnaci\u00f3n o cr\u00edtica, no estamos trabajando sobre las rodillas sino con seriedad.<\/div>\n<\/div>\n<div class=\"x11i5rnm xat24cr x1mh8g0r x1vvkbs xtlvy1s x126k92a\">\n<div dir=\"auto\">El legislador Fern\u00e1ndez Mart\u00ednez a\u00f1adi\u00f3 que el objetivo es que el pr\u00f3ximo a\u00f1o la ASE cuente con esta reforma legal y podamos renovar a sus titulares en funci\u00f3n del nuevo ordenamiento, pues no hay que olvidar que hay una encargada de despacho, la contador Edith Mu\u00f1oz.<\/div>\n<\/div>\n<div class=\"x11i5rnm xat24cr x1mh8g0r x1vvkbs xtlvy1s x126k92a\">\n<div dir=\"auto\">Le hemos hecho un reconocimiento a su trabajo, pues la ASE se utilizaba para la promoci\u00f3n personal y ella, lejos de los reflectores, ha sido prudente y profesional con su trabajo, ayudando a que se alejen los fantasmas del revanchismo pol\u00edtico y de ser utilizado como brazo ejecutor contra los opositores y a favor de los aliados.<\/div>\n<\/div>\n<\/div>\n<\/div>\n<\/div>\n<\/div>\n<div id=\"jsc_c_27m\" class=\"x1n2onr6\"><\/div>\n","protected":false},"excerpt":{"rendered":"<p>LA ENCARGADA DE DESPACHO EDITH MU\u00d1OZ ALEJ\u00d3 A LA INSTITUCI\u00d3N DEL REVANCHISMO Y HA TRABAJADO DE MANERA SERIA Y PROFESIONAL El presidente de la Junta de Coordinaci\u00f3n Pol\u00edtica del Congreso del Estado (JUCOPO), diputado Jos\u00e9 Luis Fern\u00e1ndez Mart\u00ednez asegur\u00f3 que, a la brevedad posible ser\u00e1 &hellip; <\/p>\n","protected":false},"author":1,"featured_media":76381,"comment_status":"open","ping_status":"open","sticky":false,"template":"","format":"standard","meta":{"footnotes":""},"categories":[23,11,4,19],"tags":[],"class_list":["post-76380","post","type-post","status-publish","format-standard","has-post-thumbnail","hentry","category-congreso","category-estado","category-inicio","category-policia"],"_links":{"self":[{"href":"https:\/\/amanecerhuasteco.com\/portal\/wp-json\/wp\/v2\/posts\/76380","targetHints":{"allow":["GET"]}}],"collection":[{"href":"https:\/\/amanecerhuasteco.com\/portal\/wp-json\/wp\/v2\/posts"}],"about":[{"href":"https:\/\/amanecerhuasteco.com\/portal\/wp-json\/wp\/v2\/types\/post"}],"author":[{"embeddable":true,"href":"https:\/\/amanecerhuasteco.com\/portal\/wp-json\/wp\/v2\/users\/1"}],"replies":[{"embeddable":true,"href":"https:\/\/amanecerhuasteco.com\/portal\/wp-json\/wp\/v2\/comments?post=76380"}],"version-history":[{"count":1,"href":"https:\/\/amanecerhuasteco.com\/portal\/wp-json\/wp\/v2\/posts\/76380\/revisions"}],"predecessor-version":[{"id":76382,"href":"https:\/\/amanecerhuasteco.com\/portal\/wp-json\/wp\/v2\/posts\/76380\/revisions\/76382"}],"wp:featuredmedia":[{"embeddable":true,"href":"https:\/\/amanecerhuasteco.com\/portal\/wp-json\/wp\/v2\/media\/76381"}],"wp:attachment":[{"href":"https:\/\/amanecerhuasteco.com\/portal\/wp-json\/wp\/v2\/media?parent=76380"}],"wp:term":[{"taxonomy":"category","embeddable":true,"href":"https:\/\/amanecerhuasteco.com\/portal\/wp-json\/wp\/v2\/categories?post=76380"},{"taxonomy":"post_tag","embeddable":true,"href":"https:\/\/amanecerhuasteco.com\/portal\/wp-json\/wp\/v2\/tags?post=76380"}],"curies":[{"name":"wp","href":"https:\/\/api.w.org\/{rel}","templated":true}]}}