{"id":76743,"date":"2022-11-30T07:38:24","date_gmt":"2022-11-30T13:38:24","guid":{"rendered":"http:\/\/amanecerhuasteco.com\/portal\/?p=76743"},"modified":"2022-11-30T07:38:24","modified_gmt":"2022-11-30T13:38:24","slug":"captura-fiscalia-a-probable-participe-en-feminicidio-de-una-joven-de-ciudad-fernandez","status":"publish","type":"post","link":"https:\/\/amanecerhuasteco.com\/portal\/captura-fiscalia-a-probable-participe-en-feminicidio-de-una-joven-de-ciudad-fernandez\/","title":{"rendered":"Captura fiscal\u00eda a probable participe en feminicidio de una joven de Ciudad Fern\u00e1ndez"},"content":{"rendered":"<p><img decoding=\"async\" class=\"alignnone size-full wp-image-76745\" src=\"https:\/\/amanecerhuasteco.com\/portal\/wp-content\/uploads\/2022\/11\/317820097_518760443627482_2937019854260376048_n.jpg\" alt=\"\" width=\"1920\" height=\"1080\" \/><\/p>\n<p>\u2022 La v\u00edctima fue hallada hace unas semanas en un canal del ejido El Refugio<\/p>\n<p>Tras una ardua investigaci\u00f3n por parte de la Fiscal\u00eda General del Estado (FGE) para el esclarecimiento de la muerte violenta de una mujer en Ciudad Fern\u00e1ndez, se logr\u00f3 detener al presunto interviniente en ese hecho.<\/p>\n<p>La Polic\u00eda de Investigaci\u00f3n (PDI) de la Zona Media le cumpliment\u00f3 una orden de aprehensi\u00f3n por el delito de feminicidio a dicho individuo.<\/p>\n<p>Fue el 12 de noviembre de 2022 cuando se report\u00f3 a las autoridades, el hallazgo de una mujer sin vida en el sitio conocido como Canal Cinco, perteneciente al ejido El Refugio.<\/p>\n<p>De inmediato el personal de la FGE llev\u00f3 a cabo el procesamiento de la escena del crimen, levant\u00f3 indicios, y llev\u00f3 a cabo las indagatorias para dar con quien cometi\u00f3 ese il\u00edcito.<\/p>\n<p>Luego de la necropsia practicada, se determin\u00f3 que la v\u00edctima muri\u00f3 por asfixia, adem\u00e1s de que presentaba diversas agresiones.<\/p>\n<p>Con los datos de prueba obtenidos por la PDI y el trabajo del Ministerio P\u00fablico, as\u00ed como de los Servicios Periciales, se determin\u00f3 a un probable part\u00edcipe identificado como Alfonso \u201cN\u201d de 27 a\u00f1os de edad.<\/p>\n<p>En pr\u00f3ximas horas, el imputado ser\u00e1 llevado ante el Juez de Control para que se determine su situaci\u00f3n legal en la audiencia correspondiente.<\/p>\n<p>#Fiscal\u00edaSLPM\u00e1sCercanaALaGente<\/p>\n","protected":false},"excerpt":{"rendered":"<p>\u2022 La v\u00edctima fue hallada hace unas semanas en un canal del ejido El Refugio Tras una ardua investigaci\u00f3n por parte de la Fiscal\u00eda General del Estado (FGE) para el esclarecimiento de la muerte violenta de una mujer en Ciudad Fern\u00e1ndez, se logr\u00f3 detener al &hellip; <\/p>\n","protected":false},"author":1,"featured_media":76744,"comment_status":"open","ping_status":"open","sticky":false,"template":"","format":"standard","meta":{"footnotes":""},"categories":[11,4,19,30],"tags":[],"class_list":["post-76743","post","type-post","status-publish","format-standard","has-post-thumbnail","hentry","category-estado","category-inicio","category-policia","category-rioverde"],"_links":{"self":[{"href":"https:\/\/amanecerhuasteco.com\/portal\/wp-json\/wp\/v2\/posts\/76743","targetHints":{"allow":["GET"]}}],"collection":[{"href":"https:\/\/amanecerhuasteco.com\/portal\/wp-json\/wp\/v2\/posts"}],"about":[{"href":"https:\/\/amanecerhuasteco.com\/portal\/wp-json\/wp\/v2\/types\/post"}],"author":[{"embeddable":true,"href":"https:\/\/amanecerhuasteco.com\/portal\/wp-json\/wp\/v2\/users\/1"}],"replies":[{"embeddable":true,"href":"https:\/\/amanecerhuasteco.com\/portal\/wp-json\/wp\/v2\/comments?post=76743"}],"version-history":[{"count":1,"href":"https:\/\/amanecerhuasteco.com\/portal\/wp-json\/wp\/v2\/posts\/76743\/revisions"}],"predecessor-version":[{"id":76746,"href":"https:\/\/amanecerhuasteco.com\/portal\/wp-json\/wp\/v2\/posts\/76743\/revisions\/76746"}],"wp:featuredmedia":[{"embeddable":true,"href":"https:\/\/amanecerhuasteco.com\/portal\/wp-json\/wp\/v2\/media\/76744"}],"wp:attachment":[{"href":"https:\/\/amanecerhuasteco.com\/portal\/wp-json\/wp\/v2\/media?parent=76743"}],"wp:term":[{"taxonomy":"category","embeddable":true,"href":"https:\/\/amanecerhuasteco.com\/portal\/wp-json\/wp\/v2\/categories?post=76743"},{"taxonomy":"post_tag","embeddable":true,"href":"https:\/\/amanecerhuasteco.com\/portal\/wp-json\/wp\/v2\/tags?post=76743"}],"curies":[{"name":"wp","href":"https:\/\/api.w.org\/{rel}","templated":true}]}}