{"id":78833,"date":"2023-01-18T10:19:26","date_gmt":"2023-01-18T16:19:26","guid":{"rendered":"http:\/\/amanecerhuasteco.com\/portal\/?p=78833"},"modified":"2023-01-18T10:19:26","modified_gmt":"2023-01-18T16:19:26","slug":"general-guzmar-angel-gonzalez-castillo-encabezo-el-desarrollo-de-la-mesa-de-coordinacion-para-la-construccion-de-la-paz-en-las-instalaciones-de-la-secretaria-de-seguridad-estatal","status":"publish","type":"post","link":"https:\/\/amanecerhuasteco.com\/portal\/general-guzmar-angel-gonzalez-castillo-encabezo-el-desarrollo-de-la-mesa-de-coordinacion-para-la-construccion-de-la-paz-en-las-instalaciones-de-la-secretaria-de-seguridad-estatal\/","title":{"rendered":"General Guzmar \u00c1ngel Gonz\u00e1lez Castillo encabez\u00f3 el desarrollo de la Mesa de Coordinaci\u00f3n para la Construcci\u00f3n de la Paz en las instalaciones de la Secretar\u00eda de Seguridad Estatal,"},"content":{"rendered":"<p>San Luis Potos\u00ed.- En aras de continuar con la din\u00e1mica gubernamental de paz y seguridad para todas y todos los potosinos, este d\u00eda, el General Guzmar \u00c1ngel Gonz\u00e1lez Castillo encabez\u00f3 el desarrollo de la Mesa de Coordinaci\u00f3n para la Construcci\u00f3n de la Paz en las instalaciones de la Secretar\u00eda de Seguridad Estatal, en la cual se conocieron los resultados de las diferentes corporaciones de seguridad en el Estado, de las \u00faltimas horas.<\/p>\n<p>Acorde a la instrucci\u00f3n del Gobernador del Estado, Ricardo Gallardo Cardona, el jefe policiaco reafirm\u00f3 los esfuerzos permanentes y actuales en contra del fen\u00f3meno delictivo, mediante operativos coordinados con las fuerzas federales y municipales, as\u00ed como las acciones de informaci\u00f3n e inteligencia para atacar los intentos de quienes pretendan perturbar el orden p\u00fablico.<\/p>\n<p>Destac\u00f3 las labores de la Guardia Civil Estatal en la protecci\u00f3n de los derechos fundamentales de personas migrantes, al informar del rescate a dos personas y dos menores de edad durante recorridos en los alrededores de la carretera 57\u00b4, a quienes se les traslad\u00f3 a las instancias correspondientes.<\/p>\n","protected":false},"excerpt":{"rendered":"<p>San Luis Potos\u00ed.- En aras de continuar con la din\u00e1mica gubernamental de paz y seguridad para todas y todos los potosinos, este d\u00eda, el General Guzmar \u00c1ngel Gonz\u00e1lez Castillo encabez\u00f3 el desarrollo de la Mesa de Coordinaci\u00f3n para la Construcci\u00f3n de la Paz en las &hellip; <\/p>\n","protected":false},"author":1,"featured_media":78834,"comment_status":"open","ping_status":"open","sticky":false,"template":"","format":"standard","meta":{"footnotes":""},"categories":[11,4,19],"tags":[],"class_list":["post-78833","post","type-post","status-publish","format-standard","has-post-thumbnail","hentry","category-estado","category-inicio","category-policia"],"_links":{"self":[{"href":"https:\/\/amanecerhuasteco.com\/portal\/wp-json\/wp\/v2\/posts\/78833","targetHints":{"allow":["GET"]}}],"collection":[{"href":"https:\/\/amanecerhuasteco.com\/portal\/wp-json\/wp\/v2\/posts"}],"about":[{"href":"https:\/\/amanecerhuasteco.com\/portal\/wp-json\/wp\/v2\/types\/post"}],"author":[{"embeddable":true,"href":"https:\/\/amanecerhuasteco.com\/portal\/wp-json\/wp\/v2\/users\/1"}],"replies":[{"embeddable":true,"href":"https:\/\/amanecerhuasteco.com\/portal\/wp-json\/wp\/v2\/comments?post=78833"}],"version-history":[{"count":1,"href":"https:\/\/amanecerhuasteco.com\/portal\/wp-json\/wp\/v2\/posts\/78833\/revisions"}],"predecessor-version":[{"id":78835,"href":"https:\/\/amanecerhuasteco.com\/portal\/wp-json\/wp\/v2\/posts\/78833\/revisions\/78835"}],"wp:featuredmedia":[{"embeddable":true,"href":"https:\/\/amanecerhuasteco.com\/portal\/wp-json\/wp\/v2\/media\/78834"}],"wp:attachment":[{"href":"https:\/\/amanecerhuasteco.com\/portal\/wp-json\/wp\/v2\/media?parent=78833"}],"wp:term":[{"taxonomy":"category","embeddable":true,"href":"https:\/\/amanecerhuasteco.com\/portal\/wp-json\/wp\/v2\/categories?post=78833"},{"taxonomy":"post_tag","embeddable":true,"href":"https:\/\/amanecerhuasteco.com\/portal\/wp-json\/wp\/v2\/tags?post=78833"}],"curies":[{"name":"wp","href":"https:\/\/api.w.org\/{rel}","templated":true}]}}