{"id":79859,"date":"2023-02-09T22:49:54","date_gmt":"2023-02-10T04:49:54","guid":{"rendered":"http:\/\/amanecerhuasteco.com\/portal\/?p=79859"},"modified":"2023-02-09T22:49:54","modified_gmt":"2023-02-10T04:49:54","slug":"entre-columnas-552","status":"publish","type":"post","link":"https:\/\/amanecerhuasteco.com\/portal\/entre-columnas-552\/","title":{"rendered":"ENTRE COLUMNAS"},"content":{"rendered":"<p><strong>Nuevos distritos electorales en SLP<\/strong><\/p>\n<p><strong>AHORA\u00a0 EL XII DISTRITO DE VALLES, SERA EL\u00a0\u00a0 XIII.<\/strong><\/p>\n<p><strong>\u00a0 El XII\u00a0 cambia a C\u00e1rdenas.<\/strong><\/p>\n<p><strong>\u00a0<\/strong><\/p>\n<p><strong>El Consejo Estatal Electoral y de Participaci\u00f3n Ciudadana (Ceepac) dispuso la reestructuraron los 15 distritos electorales en la entidad, cambios que estar\u00e1n vigentes para el pr\u00f3ximo proceso electoral. Ya\u00a0 fue\u00a0 aprobado por\u00a0 el INE.<\/strong><\/p>\n<p><strong>Inform\u00f3 que las modificaciones cambian los distritos de l\u00edmites territoriales con base en el \u00faltimo conteo de poblaci\u00f3n y modificaciones demogr\u00e1ficas.\u00a0 El estado se integra por 15 Distritos Electorales Locales, los cuales quedaron conformados la siguiente forma:<\/strong><\/p>\n<p><strong>Distrito 01, con cabecera en Matehuala, integrado por los municipios de Catorce, Cedral, Charcas, Matehuala, Vanegas, Villa de Guadalupe y Villa de la Paz, conformado por 159 secciones electorales.<\/strong><\/p>\n<p><strong>Distrito 02, con cabecera Salinas, se integra por los municipios de Ahualulco, Mexquitic de Carmona, Moctezuma, Salinas, Santo Domingo, Venado, Villa de Arriaga y Villa de Ramos, conformado por 181 secciones electorales.<\/strong><\/p>\n<p><strong>Distrito 03, con Cabecera Distrital ubicada en la localidad Santa Mar\u00eda Del R\u00edo se integra por los municipios de Armadillo de los Infante, Cerro de San Pedro, Guadalc\u00e1zar, San Nicol\u00e1s Tolentino, Santa Maria del Rio, Tierra Nueva, Villa de Arista, Villa de Reyes,<br \/>\nVilla Hidalgo y Zaragoza conformado por 186 secciones electorales.<\/strong><\/p>\n<p><strong>Los distritos 04, 05, 06, 07, 08 tienen Cabecera en San Luis Potos\u00ed, los cuales quedan comprendidos as\u00ed: el Distrito 04 integrado por 59 secciones, el Distrito 06 integrado por 49 secciones, el Distrito 07, integrado por 65 secciones y el Distrito 08, integrado por 73 secciones.<\/strong><\/p>\n<p><strong>Soledad de Graciano Sanchez ser\u00e1 la cabecera de los distritos 09 y 10.<\/strong><\/p>\n<p><strong>El distrito 09, se integra por 47 secciones y el distrito 10, se compone de 53 secciones.<\/strong><\/p>\n<p><strong>El Distrito 11 con cabecera en Rioverde, lo integran los municipios de Cerritos, Ciudad Fern\u00e1ndez, Lagunillas, Rioverde, San Ciro de Acosta y Villa Ju\u00e1rez, se conforma por 189 secciones electorales.<\/strong><\/p>\n<p><strong>El Distrito 12, con cabecera en C\u00e1rdenas, cabe se\u00f1alar que cuenta con 52 % de poblaci\u00f3n ind\u00edgena y\/o afromexicana, por tanto es considerado distrito ind\u00edgena; se compone de los municipios de Alaquines, Aquism\u00f3n, C\u00e1rdenas, Ciudad Del Ma\u00edz, Tancanhuitz, Huehuetl\u00e1n, Ray\u00f3n, Santa Catarina y Tamasopo; conformado por 165 secciones electorales.<\/strong><\/p>\n<p><strong>AQU\u00cd\u00a0 ENTRA VALLES\u2026El distrito 13 con cabecera en Ciudad Valles se compone de Ciudad Valles y El Naranjo, conformado por un total de 122 secciones electorales.<\/strong><\/p>\n<p><strong>El Distrito 14, con cabecera en Tamu\u00edn, cuenta con un 65% de poblaci\u00f3n ind\u00edgena y\/o afromexicana, por lo tanto, es considerado distrito ind\u00edgena. Se compone por los municipios de Coxcatl\u00e1n, \u00c9bano, San Antonio, San Vicente Tancuayalab, Tampamol\u00f3n Corona, Tamu\u00edn, Tanlaj\u00e1s, Tanqui\u00e1n de Escobedo y Axtla de Terrazas, conformado por 172 secciones electorales.<\/strong><\/p>\n<p><strong>El Distrito 15, con cabecera en Tamazunchale, cuenta con un 74% de poblaci\u00f3n ind\u00edgena y\/o afromexicana, es considerado distrito ind\u00edgena, lo conforman los municipios de San Martin Chalchicuautla, Tamazunchale, Tampac\u00e1n, Xilitla y Matlapa, Integrado por 159 Secciones Electorales.<\/strong><\/p>\n<p><strong>Los criterios y reglas operativas tomados en cuenta en la conformaci\u00f3n del proyecto de la demarcaci\u00f3n territorial de los distritos electorales uninominales locales en que se divide el estado de San Luis Potos\u00ed fueron:<\/strong><\/p>\n<p><strong>El equilibrio poblacional, distritos integrados con municipios de poblaci\u00f3n ind\u00edgena o afromexicana, integridad municipal, compacidad, tiempos de traslado, continuidad geogr\u00e1fica y factores socioecon\u00f3micos y por \u00faltimo accidentes geogr\u00e1ficos.<\/strong><\/p>\n<p><strong>CARROCERIAS\u00a0 BUSTOS<\/strong><\/p>\n<p><strong>Reforma y Lerdo de tejada Col. Altavista.<\/strong><\/p>\n<p><strong>Cd Valles SLP\u00a0 Tel. 3824777.<\/strong><\/p>\n<p><strong>En carrocer\u00edas para camiones y camionetas nadie nos compite<\/strong><\/p>\n<p><strong>+++++++++++++++++++<\/strong><\/p>\n<p><strong>VALLES\u00a0\u00a0 RETROCEDE EN COMUNCACION TELEVISIVA ABIERTA.<\/strong><\/p>\n<p><strong>+.-\u00a0 Televalles\u00a0 sale\u00a0 del aire definitivamente.<\/strong><\/p>\n<p><strong>+.- La compa\u00f1\u00eda perteneci\u00f3 a la familia Esper, que tambi\u00e9n opera una estaci\u00f3n de radio<\/strong><\/p>\n<p><strong>+.-La frecuencia XHVSL-TDT 8.1 digital ten\u00eda una cobertura habilitada para radiar sobre 78 kil\u00f3metros de territorio, desde Ciudad Valles.<\/strong><\/p>\n<p><strong>\u00b4+.- En la capital del Estado Canal 7 de\u00a0 la Familia Valladares\u00a0\u00a0 tambi\u00e9n sale del aire.<\/strong><\/p>\n<p><strong>+++++++++++++++++++<\/strong><\/p>\n<p><strong>Publicado por Nicol\u00e1s\u00a0 Lucas \u2013 Bartolo en El Economista.<\/strong><\/p>\n<p><strong>Periodista de negocios\u00a0 con especialidad\u00a0 en telecomunicaciones\u2026\u2026..<\/strong><\/p>\n<p><strong>Televalles sali\u00f3 del aire en la Huasteca potosina y tamaulipeca tras caer en la insolvencia financiera, dejando a los televidentes sin una televisora con origen netamente de Ciudad Valles y con poca programaci\u00f3n local.<\/strong><\/p>\n<p><strong>El canal \u201cTelevalles\u201d, propiedad de la empresa concesionaria\u00a0TV Ocho S.A. de C.V., apag\u00f3 su se\u00f1al por una insostenibilidad financiera de operaci\u00f3n.<\/strong><\/p>\n<p><strong>El canal hubiera cumplido treinta a\u00f1os al aire este viernes 3 de febrero de 2023 y ten\u00eda habilitada una cobertura sobre Ciudad Valles, Xilitla, Tamazunchale y otras veinte poblaciones de\u00a0San Luis Potos\u00ed, as\u00ed como Ciudad Mante, en Tamaulipas.<\/strong><\/p>\n<p><strong>La salida del aire de\u00a0Televalles canal 8.1\u00a0significa que medio mill\u00f3n de personas de esa regi\u00f3n del noreste mexicano perdieron una alternativa del servicio de\u00a0televisi\u00f3n abierta\u00a0de car\u00e1cter local, pues los otros seis canales con cobertura all\u00ed tambi\u00e9n, retransmiten mucho contenido producido por las televisoras de alcance nacional y con origen en la Ciudad de M\u00e9xico.<\/strong><\/p>\n<p><strong>La se\u00f1al originalmente fue otorgada en los a\u00f1os 90 al empresario\u00a0Alfonso Esper Bujaidar, que la hered\u00f3 luego a sus descendientes y \u00e9stos\u00a0<\/strong><a href=\"https:\/\/www.eleconomista.com.mx\/empresas\/Un-concesionario-telecom-tambien-gano-un-cargo-politico-el-1-de-julio-20180708-0004.html\"><strong>se decantaron por hacer carrera en la pol\u00edtica<\/strong><\/a><strong>\u00a0de San Luis Potos\u00ed.<\/strong><\/p>\n<p><strong>\u201cLos costos operativos y las obligaciones de mantener una frecuencia son muy altos econ\u00f3micamente, y la zona no tiene grandes marcas comerciales (\u2026) Legalmente, cumplimos con todo y sobrevivimos a la pandemia, pero esta nueva era viene dif\u00edcil para todos los negocios de televisi\u00f3n\u201d, dijo Gabriel Castillo Vidales, representante legal de\u00a0TV Ocho, citado por el portal\u00a0<em>En Frecuencia<\/em>.<\/strong><\/p>\n<p><strong>El canal par\u00f3 sus transmisiones aun tras haber conseguido una pr\u00f3rroga a su concesi\u00f3n de espectro. El Registro P\u00fablico de Concesiones del Instituto Federal de Telecomunicaciones (IFT) ya confirma que el canal se encuentra con transmisiones cesadas.<\/strong><\/p>\n<p><strong>La empresa retorn\u00f3 la frecuencia de televisi\u00f3n al\u00a0Instituto Federal de Telecomunicaciones, autoridad que valorar\u00e1 la posibilidad de volver a adjudicarla a un tercer concesionario o una entidad civil, p\u00fablica o de gobierno que se interese en la se\u00f1al, y despu\u00e9s de que \u00e9stas manifiesten ese inter\u00e9s de manera formal al IFT.<\/strong><\/p>\n<p><strong>XHVSL-TDT 8.1 digital<\/strong><strong>\u00a0ten\u00eda una cobertura habilitada para radiar sobre 78 kil\u00f3metros de territorio, desde Ciudad Valles, una poblaci\u00f3n con 180,000 habitantes en 2020, y hasta Ciudad Mante, como punto m\u00e1s al norte, que a su vez es habitada por 110,000 personas.<\/strong><\/p>\n<p><strong>La cobertura permitida por el\u00a0IFT\u00a0a este canal tambi\u00e9n le daba la posibilidad de cubrir las plazas de Tamu\u00edn, Xilitla, Tamasopo, Axtla de Terrazas, El Naranjo y Aquism\u00f3n, que, sin contabilizar otra docena de poblados de menor tama\u00f1o, suman 490,000 habitantes, una poblaci\u00f3n combinada superior a la suma de los habitantes de las alcald\u00edas Azcapotzalco, Benito Ju\u00e1rez o Miguel Hidalgo de la Ciudad de M\u00e9xico.<\/strong><\/p>\n<p><strong>El\u00a0canal 8 de Ciudad Valles\u00a0tambi\u00e9n lleg\u00f3 a retransmitir contenidos de Grupo Televisa. Al convertirse esta otra compa\u00f1\u00eda en el agente econ\u00f3mico preponderante de la industria de radiodifusi\u00f3n, el\u00a0IFT\u00a0aplic\u00f3 una pol\u00edtica regulatoria asim\u00e9trica que impact\u00f3 a aquellos concesionarios radiodifusores que ten\u00edan tratos comerciales con Televisa.<\/strong><\/p>\n<p><strong>De esta manera,\u00a0TV Ocho S.A. de C.V.\u00a0estuvo obligada a presentar informes contables al\u00a0IFT\u00a0e informar el tiempo aire utilizado para retransmitir tambi\u00e9n contenidos de Televisa. La regulaci\u00f3n del IFT quer\u00eda\u00a0<\/strong><a href=\"https:\/\/www.eleconomista.com.mx\/empresas\/Corporacion-Tapatia-de-Television-libra-las-medidas-de-preponderancia-y-se-refrenda-con-Radio-Centro-y-El-Heraldo-20220214-0058.html\"><strong>evitar que Televisa tuviera demasiada influencia<\/strong><\/a><strong>\u00a0en el mercado de la televisi\u00f3n, aqu\u00ed, en Ciudad Valles y que ello afectara a la competencia en esa regi\u00f3n.<\/strong><\/p>\n<p><strong>TV Ocho S.A. de C.V.<\/strong><strong>\u00a0dej\u00f3 de pertenecer al agente econ\u00f3mico preponderante de radiodifusi\u00f3n y su \u00faltimo informe al IFT fue enviado a esa autoridad en 2020.<\/strong><\/p>\n<p><strong>La compa\u00f1\u00eda perteneci\u00f3 a la familia Esper, que tambi\u00e9n opera una estaci\u00f3n de radio y tuvo en concesi\u00f3n diversos bloques de espectro para servicios de televisi\u00f3n de paga y de telefon\u00eda e Internet en la banda de los 2.5 GHz, pero que no lleg\u00f3 a explotar y entonces\u00a0<\/strong><a href=\"https:\/\/www.eleconomista.com.mx\/empresas\/IFT-valida-titulos-de-concesion-a-ocho-operadores-de-la-banda-del-2.5-GHz-20180207-0071.html\"><strong>todas las frecuencias fueron recuperadas por el IFT<\/strong><\/a><strong>.<\/strong><\/p>\n<p><strong>La prensa de\u00a0Ciudad Valles\u00a0cita que el solar donde se ubic\u00f3 la torre de transmisi\u00f3n de Televalles ser\u00e1 ocupado ahora por una unidad de las tiendas Oxxo.<\/strong><\/p>\n<p><strong>++++++++++++++<\/strong><\/p>\n<p><strong>EST\u00c1\u00a0 URGIDO DE DINERO?<\/strong><\/p>\n<p><strong>Pr\u00e9stamos\u00a0\u00a0\u00a0 de\u00a0 dinero inmediatos a pensionados\u00a0\u00a0 CFE, ISSSTE.FFCC, SCT, PEMEX,\u00a0 ACTIVOS Y JUBILADOS\u00a0 IMSS\u00a0\u00a0 SIN AFECTAR TARJETON.\u00a0\u00a0\u00a0 Ll\u00e1menos las 24 hrs del d\u00eda\u00a0 4811039565<\/strong><\/p>\n<p><strong>\u00a0\u00a0\u00a0 CREDITO INMEDIATO <\/strong><\/p>\n<p><strong>+++++++++++++++++++++++++++<\/strong><\/p>\n<p><strong>ATENCION.-<\/strong><\/p>\n<p><strong>En espacios cerrados, mantente puesto el cubrebocas y si estas al aire libre y te lo quitas, recuerda mantener una distancia de al menos 2 metros de otras personas. <\/strong><\/p>\n<p><strong>La pandemia no ha terminado; mant\u00e9n las medidas de prevenci\u00f3n y \u00a1corta el contagio!<\/strong><\/p>\n<p><strong>QFB\u00a0 FABIOLA GARCIA ALVAREZ<\/strong><\/p>\n<p><strong>Perito dictaminador en an\u00e1lisis bacteriol\u00f3gico de agua y alimentos con n\u00famero GES-PD 0705<\/strong><\/p>\n<p><strong>Perito dictaminador en\u00a0 estupefacientes GES-PD0523<\/strong><\/p>\n<p><strong>Maestr\u00eda\u00a0 en an\u00e1lisis cl\u00ednicos 1301 \u2013 368068<\/strong><\/p>\n<p><strong>Ced\u00a0 prof\u00a0 8664204\u00a0\u00a0 Tel. 38 1 66 64<\/strong><\/p>\n<p><strong>Asesor\u00eda,\u00a0 auditor\u00eda\u00a0 y gesti\u00f3n ambiental.<\/strong><\/p>\n<ol>\n<li><strong> Victoria No. 8 zona centro Cd Valles SLP.<\/strong><\/li>\n<\/ol>\n<p><strong>++++++++++++++<\/strong><\/p>\n<p><strong>\u00a0<\/strong><\/p>\n<p><strong>PROMETEDOR FUTURO DE SLP CON LLEGADA DE BMW<\/strong><\/p>\n<p><strong>San Luis Potos\u00ed da un paso gigantesco y se inserta en el futuro de la movilidad, al ESTABLECERSE\u00a0 AQU\u00cd\u00a0 al establecerse\u00a0 aqu\u00ed\u00a0 la industria automotriz BMW\u00a0 la marca alemana con \u00a0sello potosino<\/strong><\/p>\n<p><strong>En el marco del anuncio de la inversi\u00f3n millonaria de BMW en San Luis Potos\u00ed, encabezada por el Presidente de M\u00e9xico, Andr\u00e9s Manuel L\u00f3pez Obrador y el Gobernador del Estado Ricardo Gallardo Cardona,<\/strong><\/p>\n<p><strong>Durante la visita del Presidente de M\u00e9xico\u00a0 inaugurar la planta\u00a0 automotriz, \u00a0el empresario integrante del Consejo Consultivo Potos\u00ed, F\u00e9lix Bocard Meraz, expres\u00f3 que San Luis Potos\u00ed da un paso gigantesco y se inserta en el futuro de la movilidad, al impulsar los nuevos modelos el\u00e9ctricos de la marca alemana con el sello potosino.\u00a0 Dijo \u00a0que desde hace a\u00f1os no se ve\u00eda una noticia de este tama\u00f1o para el estado que, pese a tener un crecimiento, no hab\u00eda dado ese gran salto que se necesitaba y que ahora, con esta inversi\u00f3n de 800 millones de euros, ser\u00e1 el im\u00e1n para empresas sat\u00e9lite y proveedores piensen m\u00e1s que nunca arribar a este Estado.\u00a0 \u201cEstamos viendo un proceso de crecimiento muy importante, ahora el gran reto es que se prepare el Estado para recibir m\u00e1s inversiones, con m\u00e1s zonas industriales disponibles, con incentivos atractivos y que se contin\u00fae en el proceso de fortalecimiento de la mano de obra; es una gran oportunidad que se gestion\u00f3 el Gobernador Ricardo Gallardo y el respaldo del Presidente de M\u00e9xico, Andr\u00e9s Manuel L\u00f3pez Obrador, que trabajaron \u00a0de la mano para lograrlo\u201d, agreg\u00f3 Bocard Meraz.<\/strong><\/p>\n<p><strong>Ac\u00e1\u00a0 en la\u00a0 Huasteca \u00a0el alcalde\u00a0 Vallense\u00a0 al igual que lo hizo hace dos decenios siendo alalde JJOA\u00a0 se\u00a0 apuntan para se\u00f1alar\u00a0 que\u00a0 algo de los beneficios perif\u00e9ricos\u00a0 de\u00a0 la f\u00e1brica automotriz\u00a0 Alemana le \u201ctocar\u00e1 a\u00a0 los Huastecos\u201d\u00a0\u00a0 as\u00ed que a esperar sentados..<\/strong><\/p>\n<p><strong>++++++++++<\/strong><\/p>\n<p><strong>CARROCERIAS\u00a0 BUSTOS<\/strong><\/p>\n<p><strong>Reforma y Lerdo de tejada Col. Altavista.<\/strong><\/p>\n<p><strong>Cd Valles SLP\u00a0 Tel. 3824777.<\/strong><\/p>\n<p><strong>En carrocer\u00edas para camiones y camionetas nadie nos compite.<\/strong><\/p>\n<p><strong>++++++++++++++<\/strong><\/p>\n<p><strong>EL\u00a0 INE ES\u00a0 \u201cUNA BLANCA PALOMITA\u201d<\/strong><\/p>\n<p><strong>El presidente\u00a0<\/strong><a href=\"https:\/\/www.milenio.com\/search?q=Andr%C3%A9s+Manuel+L%C3%B3pez+Obrador\"><strong>Andr\u00e9s Manuel L\u00f3pez Obrador<\/strong><\/a><strong>\u00a0y el\u00a0Consejo General del INE\u00a0confrontaron posiciones, pues mientras el mandatario acus\u00f3 al \u00f3rgano\u00a0hasta de robarse paquetes en las elecciones y permitir el relleno de urnas, los consejeros lo retaron a que demuestre una casilla con esos il\u00edcitos en su triunfo de\u00a02018.<\/strong><\/p>\n<p><strong>Por la ma\u00f1ana, el Presidente replic\u00f3 al Consejo General, el cual el mi\u00e9rcoles asegur\u00f3 que con la reforma electoral\u00a0las elecciones de\u00a02024 est\u00e1n\u00a0en riesgo, por lo que acus\u00f3 que quien genera\u00a0ese riesgo es el propio\u00a0<\/strong><a href=\"https:\/\/www.milenio.com\/search?q=INE\"><strong>INE<\/strong><\/a><strong>.<\/strong><\/p>\n<p><strong>\u201c\u00bfQui\u00e9n\u00a0ha hecho valer la democracia en el pa\u00eds? Ha sido el pueblo (&#8230;) los que ponen en riesgo la elecci\u00f3n son ellos. \u00bfNo son los que permiten el relleno de urnas, la falsificaci\u00f3n de actas?, \u00bfno son las autoridades electorales las que se roban los paquetes,\u00a0las que permiten la compra del voto?\u201d<\/strong><\/p>\n<p><strong>Adem\u00e1s, hizo votos para que, en la elecci\u00f3n de los nuevos consejeros, \u201cse escoja a gente buena, \u00edntegra, honesta, no como los que est\u00e1n (&#8230;), que sean dem\u00f3cratas\u201d.<\/strong><\/p>\n<p><strong>El Presidente tambi\u00e9n asegur\u00f3 que no tiene confianza en los ministros de la\u00a0<\/strong><a href=\"https:\/\/www.milenio.com\/search?q=Suprema+Corte+de+Justicia\"><strong>Suprema Corte de Justicia<\/strong><\/a><strong>, pues dijo que no se atreven a llevar a cabo una reforma de fondo en el Poder Judicial.<\/strong><\/p>\n<p><strong>Ante la pregunta de si tiene confianza en alguno de los ministros del m\u00e1ximo tribunal del pa\u00eds,\u00a0L\u00f3pez Obrador\u00a0respondi\u00f3:\u00a0<\/strong><\/p>\n<p><strong>\u201cNo, no. Quiz\u00e1 a algunos, uno, dos o tres. La mayor\u00eda viene del antiguo r\u00e9gimen y no se atreven a llevar a cabo una reforma de fondo en el Poder Judicial.\u00a0Aqu\u00ed lo estamos viendo, lo que predomina, lo que impera es que solo se castiga al que no tiene con qu\u00e9 comprar la inocencia\u201d.<\/strong><\/p>\n<p><strong>El mandatario asegur\u00f3\u00a0que tiene comunicaci\u00f3n con la nueva ministra presidenta, Norma Pi\u00f1a, pues aclar\u00f3\u00a0que hay trabajo conjunto en el que est\u00e1 de por medio el inter\u00e9s general; sin embargo, descart\u00f3 que pr\u00f3ximamente vayan a tener una reuni\u00f3n.<\/strong><\/p>\n<p><strong>\u201cAhora no, no tenemos ninguna necesidad, no hay ning\u00fan acuerdo a tratar\u201d.<\/strong><\/p>\n<p><strong>Sobre la situaci\u00f3n que se vive en Per\u00fa, el mandatario consider\u00f3 necesario mantener la demanda internacional para que regrese la democracia a ese pa\u00eds,\u00a0al acusar la inacci\u00f3n de organismos como la\u00a0ONU\u00a0y la Organizaci\u00f3n de Estados Americanos.<\/strong><\/p>\n<p><strong>++++++++++++<\/strong><\/p>\n<p><strong>El sitio ideal para\u00a0 sus fiestas\u2026\u00a0 <\/strong><\/p>\n<p><strong>\u201cFINCA\u00a0 SAN ISIDRO\u201d <\/strong><\/p>\n<p><strong>Sal\u00f3n para fiestas de todo tipo.<\/strong><\/p>\n<p><strong>Carretera Valles \u2013 R\u00edo Verde Km. 8 <\/strong><\/p>\n<p><strong>Contrataciones al Tel. 01 481 179 09<\/strong><\/p>\n<p><strong>Cd. Valles SLP M\u00e9xico.<\/strong><\/p>\n<p><strong>+++++++++++++++++++<\/strong><\/p>\n<p><strong>SI HABRA\u00a0 AEROPUERTO DE LAS HUASTECAS.<\/strong><\/p>\n<p><strong>Informamos en ocasi\u00f3n anterior\u00a0 que\u00a0 la partida\u00a0 necesaria para\u00a0 terminar la\u00a0 ampliaci\u00f3n del aeropuerto de Tamuin, tambi\u00e9n conocido como AEROPUERTO DE LAS HUASTECAS\u00a0 no estaba en el presupuesto federal del presente a\u00f1o, lo que\u00a0 hizo suponer\u00a0 que esta magna obra estaba postergada.<\/strong><\/p>\n<p><strong>La semana anterior\u00a0 el Secretario de Turismo , Miguel Torruco Marqu\u00e9s, realiz\u00f3 gira de trabajo por la\u00a0 capital del estado, en esa oportunidad\u00a0 el gobernador expuso lasituac\u00f3n de la obra de ampliaci\u00f3n del campo a\u00e9reo de Tamuin para detonar la actividad tur\u00edstica, y la\u00a0 respuesta\u00a0 fue\u00a0 positiva, anunci\u00f3 recursos por 550 millones de pesos para el aeropuerto de las Huastecas ya que es la base fundamental para el impulso de la actividad tur\u00edstica.<\/strong><\/p>\n<p><strong>El\u00a0 funcionario visitante dijo que la principal receta que se requiere para sacar adelante cualquier destino es la voluntad pol\u00edtica, \u201cy aqu\u00ed, con el Gobernador y la secretaria Aurora Mancilla, hay voluntad pol\u00edtica\u201d, como se ha demostrado en poco m\u00e1s de un a\u00f1o que tiene el Gobierno del cambio.<\/strong><\/p>\n<p><strong>El funcionario federal anunci\u00f3 la aplicaci\u00f3n de 550 millones de pesos para el proyecto de ampliaci\u00f3n del aeropuerto de Tamu\u00edn, adem\u00e1s de inversiones bipartitas para la detonaci\u00f3n de la actividad tur\u00edstica, como la intervenci\u00f3n en los Pueblos M\u00e1gicos potosinos, para renovar la pintura de las fachadas,.<\/strong><\/p>\n<p><strong>En San Luis Potos\u00ed, \u00abhay voluntad pol\u00edtica, por lo que habr\u00e1 trabajo coordinado de ambos gobiernos, durante los pr\u00f3ximos dos a\u00f1os\u00bb, finaliz\u00f3 Torruco Marqu\u00e9s.<\/strong><\/p>\n<p><strong>++++++++++++++++<\/strong><\/p>\n<p><strong>TAL PARA CUAL\u2026..<\/strong><\/p>\n<p><strong>PACO OFRECE DISCULPAS\u00a0 AL PUEBLO\u2026.<\/strong><\/p>\n<p><strong>El\u00a0 \u201cpleito verbal\u201d que se dieron el usuario de los servicios de la\u00a0 Dapas Matilde Hern\u00e1ndez M\u00e9ndez y el director administrativo del organismo Francisco G\u00f3mez Faisal, ha sido tema\u00a0 obligado de una semana y dio a la ciudadan\u00eda\u00a0 minutos para disfrutar de una pelea no programada y sin costo, pero oh que\u00a0 fiasco, no se dieron un solo golpe, quien s\u00ed recibi\u00f3 una patada por la espalda fue el trabajador que realizaba el corte de la red.<\/strong><\/p>\n<p><strong>El vulgo apostaba por una pelea a la altura de\u00a0 las acusaciones que hac\u00eda el usuario moroso que adeuda 96 meses\u00a0 por los servicios de la Dapas, el evento fue transmitido en directo por las redes sociales, unos\u00a0 apostaban por\u00a0 el aspirante a la sucesi\u00f3n municipal, otros por el usuario moroso. Sin embargo no hubo lo esperado, esperaban sangre en el ruedo.<\/strong><\/p>\n<p><strong>En este caso el organismo presentar\u00eda una querella por la agresi\u00f3n a su trabajador mientras que el abogado (usuario solo de palabra acusaba al funcionario de ROBO. Finalmente este vergonzoso episodio, culmina con un bolet\u00edn en la plataforma de la Dapas;<\/strong><\/p>\n<p><strong>\u00abDerivado de estas acciones reprobables, de Matilde Hern\u00e1ndez, cuando le pega una patada en la cabeza a Mario Garc\u00eda Roque, compa\u00f1ero de trabajo del organismo operador del agua, que est\u00e1 a mi cargo, acci\u00f3n que hace estallar mi c\u00f3lera y faltarme el respeto, mencionando a mi padre fallecido, y dici\u00e9ndome cualquier cantidad de descalificativos, provoc\u00e1ndome e incit\u00e1ndome a perder el control y dici\u00e9ndole cualquier cantidad de palabras altisonantes, en raz\u00f3n de esto, OFREZCO UNA DISCULPA P\u00daBLICA, a la ciudadan\u00eda por estos hechos reprobables. Seguiremos trabajando por un organismo fuera de vicios viejos, actuando con el deber ser, nadie por encima de la ley. Quedo a sus \u00f3rdenes siendo. Saludos y que tengan un excelente fin de semana, su amigo Paco G\u00f3mez Faisal !!\u00bb<\/strong><\/p>\n<p><strong>Y tan tan, este cuento se acab\u00f3.<\/strong><\/p>\n<p><strong>++++++++++++++<\/strong><\/p>\n<p><strong>LEGISLADORA\u00a0 EXHORTA A USUARIOS DEL TRANSPORTE URBANO, DENUNCIAR MAL SERVICIO Y ABUSOS DE TAXIS.<\/strong><\/p>\n<p><strong>La Congresista \u00a0Ma. Elena Ram\u00edrez Ram\u00edrez hizo un llamado a los usuarios del transporte p\u00fablico, para que denuncien a los operadores de transporte urbano\u00a0 y choferes de taxis que brinden un mal servicio o se encuentren en estado inconveniente, pero tambi\u00e9n que la\u00a0 SCT exija a los\u00a0 concesionarios de ambos servicios\u00a0 cumplan con sus\u00a0 compromisos\u00a0 contra\u00eddos a cambio de que\u00a0 las autoridades del ramo autorizaran\u00a0 las nuevas tarifas\u00a0 en vigor\u00a0 para el a\u00f1o 2023.<\/strong><\/p>\n<p><strong>\u201cDeben de realizarse las inspecciones por parte de la Secretar\u00eda de Comunicaciones y Transportes, sin embargo es importante realizar las denuncias necesarias por los usuarios del transporte p\u00fablico, pues es tan grande la cobertura que, los inspectores nunca ser\u00e1n suficientes.\u201d se\u00f1al\u00f3 Ram\u00edrez Ram\u00edrez, agreg\u00f3 \u00a0que el art\u00edculo 76 de la Ley del Transporte P\u00fablico determina que las licencias para conducir veh\u00edculos de servicio p\u00fablico de transporte ser\u00e1n expedidas siempre y cuando sea aprobado el examen de salud, psicom\u00e9trico y toxicol\u00f3gico que lo declare apto para conducir, obteniendo la certificaci\u00f3n respectiva.\u00a0 La Secretar\u00eda de Comunicaciones y Transportes debe \u00a0implementar mecanismos que ayuden a fomentar la denuncia, \u00a0se sabe que, existe un n\u00famero de tel\u00e9fono oficial, \u00a0es\u00a0 necesario hacerlo del conocimiento p\u00fablico en los medios de comunicaci\u00f3n, para que los usuarios afectados\u00a0 tengan un enlace directo sin perder su\u00a0 tiempo y denuncie.<\/strong><\/p>\n<p><strong>Los\u00a0 inspectores\u00a0 de la\u00a0 SCT no desempe\u00f1an sus funciones a\u00a0 cabalidad, siguen operando unidades (taxis\u00a0 en estado mec\u00e1nico deplorable y abusan en las tarifas, en Valles\u00a0 existen veh\u00edculos cuyos asientos\u00a0 son un peligro para los usuarios, est\u00e1n deteriorados y su estado mec\u00e1nico\u00a0 inseguro,\u00a0 ante esta situaci\u00f3n an\u00f3mala la\u00a0 legisladores apunt\u00f3 que, se tiene que revisar el tema de los taxis con m\u00e1s de 10 a\u00f1os de antig\u00fcedad, aunque no importa que sean nuevos porque hay autobuses que tienen 2 o 3 tres a\u00f1os y est\u00e1n en p\u00e9simas condiciones, por lo que se tiene que revisar el sistema operativo, las condiciones mec\u00e1nicas y si no brindan las condiciones de\u00a0 comodidad y seguridad deben ser\u00a0 retirados de circulaci\u00f3n y aplicar sanciones, para que no exista riesgo \u00a0de accidente.<\/strong><\/p>\n<p><strong>+++++++++++++++<\/strong><\/p>\n<p><strong>\u201cCAF\u00c9 Y RESTAURANT\u00a0 EL FAROLITO\u201d\u00a0\u00a0 <\/strong><\/p>\n<p><strong>Lo mejor de la cocina Huasteca; el tradicional zacahuil y cazueladas.\u00a0\u00a0 Atendemos toda clase de\u00a0 festejos. Pedidos al Tel\u00a0 3821017 Ciudad Valles SLP.<\/strong><\/p>\n<p><strong>++++++++++++<\/strong><\/p>\n<p><strong>D\u00a0 E\u00a0\u00a0\u00a0 V O L A\u00a0 D\u00a0 A.-<\/strong><\/p>\n<p><strong>+++++<\/strong><\/p>\n<p><strong>\u00a0<\/strong><\/p>\n<p><strong>YA\u00a0 ES TIEMPO QUE TRABAJEN.<\/strong><\/p>\n<p><strong>En el trienio perdido del gobierno Independiente de Valles,\u00a0 se perdieron todos esos a\u00f1os\u00a0 en que su titular y aplaudidores\u00a0 solo\u00a0 eso sab\u00edan hacer\u00a0\u00a0 y cobrar sus quincenas,\u00a0 inclusive\u00a0 un empresario potosino\u00a0 intent\u00f3 interesar al alcalde en turno para instalar planta recicladora de neum\u00e1ticos y pl\u00e1stico, para producir mangueras\u00a0 de uso agr\u00edcolas.<\/strong><\/p>\n<p><strong>Pero el inversionista\u00a0 encontr\u00f3 toda clase de trabas, hasta un regidor que\u00a0 exig\u00eda una mochada para\u00a0 servir de contacto con el mun\u00edcipe\u00a0 y otras condiciones, esto motiv\u00f3 que\u00a0 el proyecto fuera\u00a0 abandonado. Lo mismo pas\u00f3 con un inversionista poblano interesado en\u00a0 instalar una f\u00e1brica de ropa interior para dama de reconocida marca.<\/strong><\/p>\n<p><strong>Ahora dos funcionarios del\u00a0 actual ayuntamiento\u00a0 tienen la iniciativa de un proyecto para reciclar basura por lo que b<\/strong><strong>uscan financiamiento y el predio adecuado<\/strong> <strong>para edificarla en este municipio y as\u00ed solucionar el problema en el relleno sanitario \u00a0que\u00a0 ahora funciona en las inmediaciones del poblado Chantol. <\/strong><\/p>\n<p><strong>\u00a0<\/strong><\/p>\n<p><strong>\u00a0Los\u00a0 directores de Desarrollo Empresarial y Econ\u00f3mico<\/strong> <strong>Mar\u00eda Victoria Molina Cant\u00fa y \u00d3scar Osm\u00edn Meraz Echavarr\u00eda, titulares de Desarrollo Empresarial y Econ\u00f3mico exponen que\u00a0 se requiere de una estaci\u00f3n de transferencia para la selecci\u00f3n de basura inclusive de municipios vecinos, falta encontrar la fuente de abastecimiento econ\u00f3mico.<\/strong><\/p>\n<p><strong>++++++++++++++++<\/strong><\/p>\n<p><strong>\u00a0<\/strong><\/p>\n<p><strong>SIEMPRE SI\u00a0 CAMPA\u00d1A CONTRA EBRIOS DEL VOLANTE\u2026.<br \/>\n+.-.<\/strong><strong>En Valles\u00a0 a\u00fan no se\u00a0 ha tomado una determinaci\u00f3n, pero cuidado con los gen\u00edzaros municipales que tambi\u00e9n son agentes de vialidad.<\/strong><\/p>\n<p><strong>Cuando los\u00a0 adoradores\u00a0 del Dios Baco se dispon\u00edan a\u00a0 celebrar en grande el anuncio oficial que se\u00a0 cancelaban los operativos\u00a0 anti alcohol\u00a0 en todo el estado, el<\/strong><strong> titular de la SSPC de la ciudad Capital, Comisario Juan Antonio Villa Guti\u00e9rrez, inform\u00f3 que se mantendr\u00e1 de jueves a domingo en las principales avenidas de los cinco cuadrantes de la Capital<\/strong><\/p>\n<p><strong>La Secretar\u00eda de Seguridad y Protecci\u00f3n Ciudadana (SSPC) del Ayuntamiento de San Luis Potos\u00ed inici\u00f3 la noche de este jueves el operativo de prevenci\u00f3n Conducci\u00f3n Segura, con la finalidad de evitar el incremento de accidentes vehiculares derivados del exceso de velocidad y el consumo de alcohol, el objetivo es evitar el riesgo de accidentes vehiculares con consecuencias fatales para \u00a0los potosinos.<\/strong><\/p>\n<p><strong>Se impondr\u00e1n \u00a0multas por conducci\u00f3n en estado de ebriedad y\/o aliento alcoh\u00f3lico, como lo marca el Reglamento de Tr\u00e1nsito, aplicando\u00a0 la \u00a0certificaci\u00f3n m\u00e9dica y prueba de alcoholemia.\u00a0 \u201cSi la persona rebasa los l\u00edmites permitidos en la prueba de alcoholemia, se le aplicar\u00e1 la infracci\u00f3n y adem\u00e1s se realizar\u00e1 la retenci\u00f3n del veh\u00edculo\u201d.<\/strong><\/p>\n<p><strong>\u00a0<\/strong><strong>++++++++++++++++<\/strong><\/p>\n<p><strong>Publicado en las redes\u2026\u2026<\/strong><\/p>\n<p><strong>Cient\u00edficos descubren la supuesta fecha del fin del mundo y no<\/strong><\/p>\n<p><strong>falta mucho<\/strong><\/p>\n<p><strong>La investigaci\u00f3n de un equipo de f\u00edsicos de la Universidad de Princeton sobre el futuro del Universo.<\/strong><\/p>\n<p><strong>\u00a0<\/strong><\/p>\n<p><strong>El posible<\/strong><a href=\"https:\/\/www.clarin.com\/internacional\/-final-universo-terminara-fuegos-artificiales_0_MKEONItiF.html\"><strong>\u00a0fin del Universo<\/strong><\/a><strong>\u00a0es un tema que ocupa a los<\/strong><a href=\"https:\/\/www.clarin.com\/viste\/cientificos-indicaran-extraterrestres-encuentra-tierra_0_lFMsLeZ7My.html\"><strong>\u00a0cient\u00edficos<\/strong><\/a><strong>\u00a0de las universidades m\u00e1s prestigiosas e intriga a\u00a0una inmensa franja de la poblaci\u00f3n.<\/strong><\/p>\n<p><strong>Ante esta inquietud, la novedad es que la teor\u00eda cl\u00e1sica tiene una nueva vuelta que pronostica\u00a0un desenlace m\u00e1s reciente del esperado.<\/strong><\/p>\n<p><strong>Como resume una nota del diario La Tercera, en 1929, el astr\u00f3nomo Edwin Hubble demostr\u00f3 que el Universo tiene un proceso de expansi\u00f3n. Este hallazgo dio origen a la teor\u00eda deL<u>\u00a0\u00a0 <\/u>BIG BANG<\/strong><\/p>\n<p><strong>\u00a0A partir de ese concepto, los cient\u00edficos advirtieron que este movimiento se est\u00e1 acelerando. Luego de este per\u00edodo\u00a0algunos estudiosos\u00a0coinciden en que\u00a0seguir\u00e1 un momento de contracci\u00f3n.\u00a0 La teor\u00eda, dice la nota de La Tercera, se conoce como el\u00a0Big Crunch o Teor\u00eda del Gran Colapso. (PRIMERA\u00a0 DE TRES\u00a0 PARTES)<\/strong><\/p>\n<p><strong>\u00a0<\/strong><\/p>\n<p><strong>++++++++++++<\/strong><strong>+++++++++++++<\/strong><\/p>\n<p><a href=\"https:\/\/www.facebook.com\/profile.php?id=100085690009848&amp;__cft__%5b0%5d=AZWXisZDUw6Wtas5y5BI4g2Vvr1flGtXn4VucgT9Uhl1X569CUh2Khb_tB-KT1teQ2r6dttfkzsBDgR-EK7EQ7ZhqImlNrTltBztWUKRD6EWRsgAkTve93hCaoGIdZiDN5CAc10cM0ZyfYi-EVOTBWilSZjjnEIJWJp3z4rSNX54_duQvdS9Dgk7I4liTSMbn0wb2xHfTNZlHuc5qmFuno9rYYYF5XEnnUXxY0rEMPq9DRoJ5pbTnND5wwG-AZ5yR0SFwiGsR7b7qrVV0EOJDTZJce_Zh7OgmNq-qSQaaCbR_mtHtClfRSuDTsCb2KLFeeY&amp;__tn__=-UC%2CP-R\"><strong>Planchadora Express Cd. Valles<\/strong><\/a><\/p>\n<p><strong>Ponemos a tu disposici\u00f3n Nuestro Servicio de Planchado de la m\u00e1s alta calidad en la Ciudad.<\/strong><\/p>\n<p><strong>Informacion y Costos al 481 119 2145<\/strong><\/p>\n<p><strong>Direcci\u00f3n Plaza Engracia 110 Del Carmen 2<\/strong><\/p>\n<p><strong>Contamos con Servicio a Domicilio con Costo Adicional! <\/strong><\/p>\n<p><strong>+++++++++++++++++++++<\/strong><a href=\"mailto:davidfloresservicios@hotmail.com\"><strong>davidfloresservicios@hotmail.com<\/strong><\/a><\/p>\n<p><strong>hasta la pr\u00f3xima semana..<\/strong><\/p>\n<p><strong>\u00a0<\/strong><\/p>\n<p><strong>\u00a0<\/strong><\/p>\n","protected":false},"excerpt":{"rendered":"<p>Nuevos distritos electorales en SLP AHORA\u00a0 EL XII DISTRITO DE VALLES, SERA EL\u00a0\u00a0 XIII. \u00a0 El XII\u00a0 cambia a C\u00e1rdenas. \u00a0 El Consejo Estatal Electoral y de Participaci\u00f3n Ciudadana (Ceepac) dispuso la reestructuraron los 15 distritos electorales en la entidad, cambios que estar\u00e1n vigentes para &hellip; <\/p>\n","protected":false},"author":1,"featured_media":76334,"comment_status":"open","ping_status":"open","sticky":false,"template":"","format":"standard","meta":{"footnotes":""},"categories":[17,4],"tags":[],"class_list":["post-79859","post","type-post","status-publish","format-standard","has-post-thumbnail","hentry","category-colaboraciones","category-inicio"],"_links":{"self":[{"href":"https:\/\/amanecerhuasteco.com\/portal\/wp-json\/wp\/v2\/posts\/79859","targetHints":{"allow":["GET"]}}],"collection":[{"href":"https:\/\/amanecerhuasteco.com\/portal\/wp-json\/wp\/v2\/posts"}],"about":[{"href":"https:\/\/amanecerhuasteco.com\/portal\/wp-json\/wp\/v2\/types\/post"}],"author":[{"embeddable":true,"href":"https:\/\/amanecerhuasteco.com\/portal\/wp-json\/wp\/v2\/users\/1"}],"replies":[{"embeddable":true,"href":"https:\/\/amanecerhuasteco.com\/portal\/wp-json\/wp\/v2\/comments?post=79859"}],"version-history":[{"count":1,"href":"https:\/\/amanecerhuasteco.com\/portal\/wp-json\/wp\/v2\/posts\/79859\/revisions"}],"predecessor-version":[{"id":79860,"href":"https:\/\/amanecerhuasteco.com\/portal\/wp-json\/wp\/v2\/posts\/79859\/revisions\/79860"}],"wp:featuredmedia":[{"embeddable":true,"href":"https:\/\/amanecerhuasteco.com\/portal\/wp-json\/wp\/v2\/media\/76334"}],"wp:attachment":[{"href":"https:\/\/amanecerhuasteco.com\/portal\/wp-json\/wp\/v2\/media?parent=79859"}],"wp:term":[{"taxonomy":"category","embeddable":true,"href":"https:\/\/amanecerhuasteco.com\/portal\/wp-json\/wp\/v2\/categories?post=79859"},{"taxonomy":"post_tag","embeddable":true,"href":"https:\/\/amanecerhuasteco.com\/portal\/wp-json\/wp\/v2\/tags?post=79859"}],"curies":[{"name":"wp","href":"https:\/\/api.w.org\/{rel}","templated":true}]}}