{"id":80154,"date":"2023-02-16T09:19:13","date_gmt":"2023-02-16T15:19:13","guid":{"rendered":"http:\/\/amanecerhuasteco.com\/portal\/?p=80154"},"modified":"2023-02-16T09:19:13","modified_gmt":"2023-02-16T15:19:13","slug":"entre-columnas-553","status":"publish","type":"post","link":"https:\/\/amanecerhuasteco.com\/portal\/entre-columnas-553\/","title":{"rendered":"ENTRE COLUMNAS"},"content":{"rendered":"<p><strong>LA CORRUPCI\u00d3N \u201cCARRERISTA\u201d COMPRO TERRENO\u00a0 PARA AEROPUERTO DE TAMUIN, A PRECIO DE ORO.<\/strong><\/p>\n<p><strong>Para sellar el sexenio Carrerista\u00a0 que se distingui\u00f3 por la corrupci\u00f3n,\u00a0 el estado compr\u00f3 el terreno para ampliar el aeropuerto de Tamu\u00edn\u00a0 en cuya operaci\u00f3n los funcionarios obtuvieron\u00a0 un millonario margen para sus bolsillos, la <\/strong><strong>\u201cHerencia Maldita\u201d ahora enfrenta\u00a0 cargos\u00a0 ante las autoridades\u00a0 penales seg\u00fan declaraciones del gobernador del estado.<\/strong><\/p>\n<p><strong>Ahora, el Gobierno del Estado exhibi\u00f3 los manejos turbios de las pasadas administraciones al estafar a los potosinos al clavarse millones de pesos al comprar un terreno inservible destinado para la ampliaci\u00f3n del Aeropuerto de Tamu\u00edn, un terreno que no sirvi\u00f3 por ser fangoso y no se puede construir ah\u00ed ninguna pista, pero ellos lo compraron por 56 millones de pesos a un empresario de la Huasteca. El tema es que el terreno no vale ni 15 seg\u00fan el aval\u00fao. Hay un dolo de 40-35 millones de pesos de robo de ese dinero\u201d, indic\u00f3 el gobernador Ricardo Gallardo \u00a0\u201cSimplemente no sirve. \u00bfQui\u00e9n te va a pagar un terreno que vale 15-20 mdp en 56? Es il\u00f3gico. Fue un negocio, un robo y ya tenemos las personas que firmaron ese acuerdo de ese robo. Ya el fiscal ya tiene a las personas que se involucraron en la compra\u201d.<\/strong><\/p>\n<p><strong>De acuerdo al Ejecutivo, los funcionarios involucrados son de primer nivel y ya est\u00e1 la Fiscal\u00eda General del Estado trabajando en las respectivas carpetas de investigaci\u00f3n para perseguir el delito.<\/strong><\/p>\n<p><strong>CARROCERIAS\u00a0 BUSTOS<\/strong><\/p>\n<p><strong>Reforma y Lerdo de tejada Col. Altavista.<\/strong><\/p>\n<p><strong>Cd Valles SLP\u00a0 Tel. 3824777.<\/strong><\/p>\n<p><strong>En carrocer\u00edas para camiones y camionetas nadie nos compite<\/strong><\/p>\n<p><strong>+++++++++++++++++++<\/strong><\/p>\n<p><strong>SON\u00a0 VARIAS AUTORIDADES\u00a0 INVOLUCRADAS EN\u00a0 LA VENTA Y CONSUMO DE ALCOHOL EN CAMPOS DEPORTIVOS.<\/strong><\/p>\n<p><strong>Los\u00a0 recientes\u00a0 hechos\u00a0 ocurridos\u00a0 con saldo de un muerto y un herido\u00a0\u00a0 en un campo deportivo aleda\u00f1o a\u00a0 Praderas del R\u00edo, a consecuencia\u00a0 de una ri\u00f1a\u00a0 entre porristas y la intervenci\u00f3n de varones\u00a0 que al parecer consum\u00edan bebidas embriagantes\u00a0 durante el desarrollo de\u00a0 una\u00a0 justa deportiva, los\u00a0 culpables son desde la Direcci\u00f3n del deporte,\u00a0 las Ligas deportivas, Direcci\u00f3n de Comercio\u00a0 y la polic\u00eda municipal, todas\u00a0 de una forma u otra tienen responsabilidad \u00a0por no cumplir\u00a0 con las\u00a0 reglas\u00a0 oficiales anteponiendo la voracidad\u00a0 por obtener utilidades\u00a0 los involucrados, que\u00a0 permitieron de nueva cuenta\u00a0 esa actividad pese a la orden del alcalde de\u00a0 Prohibici\u00f3n total y reincidieron todos\u00a0 pero \u201cahora bajo control\u201d los\u00a0 resultados tr\u00e1gicos rebasaron los\u00a0 enfrentamientos de palabras.<\/strong><\/p>\n<p><strong>\u00a0Entrevistado el\u00a0 alcalde por los medios informativos\u00a0 expres\u00f3\u00a0 de nueva cuenta \u201cAdvertimos que ocurrir\u00edan hechos lamentables pero las ligas no quieren respetar los lineamientos; habr\u00e1 sanciones severas;\u201d\u00a0\u00a0\u00a0 se\u00f1al\u00f3 que respaldar\u00e1 todas y cada una de las actuaciones que realicen las autoridades competentes, en cuanto a la investigaci\u00f3n y castigo del presunto o presuntos responsables de los hechos, adem\u00e1s\u00a0 AHORA SI \u00a0acciones severas en contra de los directivos de las ligas que no respetan \u00a0los reglamentos de los campos deportivos.<\/strong><\/p>\n<p><strong>++++++++++++++<\/strong><\/p>\n<p><strong>EST\u00c1\u00a0 URGIDO DE DINERO?<\/strong><\/p>\n<p><strong>Pr\u00e9stamos\u00a0\u00a0\u00a0 de\u00a0 dinero inmediatos a pensionados\u00a0\u00a0 CFE, ISSSTE.FFCC, SCT, PEMEX,\u00a0 ACTIVOS Y JUBILADOS\u00a0 IMSS\u00a0\u00a0 SIN AFECTAR TARJETON.\u00a0\u00a0\u00a0 Ll\u00e1menos las 24 hrs del d\u00eda\u00a0 4811039565<\/strong><\/p>\n<p><strong>\u00a0\u00a0\u00a0 CREDITO INMEDIATO <\/strong><\/p>\n<p><strong>++++++++++++++++++++++++++<\/strong><\/p>\n<p><strong>ATENCION.-<\/strong><\/p>\n<p><strong>En espacios cerrados, mantente puesto el cubrebocas y si estas al aire libre y te lo quitas, recuerda mantener una distancia de al menos 2 metros de otras personas. <\/strong><\/p>\n<p><strong>La pandemia no ha terminado; mant\u00e9n las medidas de prevenci\u00f3n y \u00a1corta el contagio!<\/strong><\/p>\n<p><strong>QFB\u00a0 FABIOLA GARCIA ALVAREZ<\/strong><\/p>\n<p><strong>Perito dictaminador en an\u00e1lisis bacteriol\u00f3gico de agua y alimentos con n\u00famero GES-PD 0705<\/strong><\/p>\n<p><strong>Perito dictaminador en\u00a0 estupefacientes GES-PD0523<\/strong><\/p>\n<p><strong>Maestr\u00eda\u00a0 en an\u00e1lisis cl\u00ednicos 1301 \u2013 368068<\/strong><\/p>\n<p><strong>Ced\u00a0 prof\u00a0 8664204\u00a0\u00a0 Tel. 38 1 66 64<\/strong><\/p>\n<p><strong>Asesor\u00eda,\u00a0 auditor\u00eda\u00a0 y gesti\u00f3n ambiental.<\/strong><\/p>\n<ol>\n<li><strong> Victoria No. 8 zona centro Cd Valles SLP.<\/strong><\/li>\n<\/ol>\n<p><strong>++++++++++++++<\/strong><\/p>\n<p><strong>\u00a0<\/strong><\/p>\n<p><strong>CUANTAS\u00a0\u00a0 TRAGEDIAS\u00a0 M\u00c1S PARA PONER ATENCION A TRANSPORTISTAS CA\u00d1EROS.<\/strong><\/p>\n<p><strong>+.- Tapar\u00e1n pozo\u00a0 despu\u00e9s de ni\u00f1o ahogado.<\/strong><\/p>\n<p><strong>Los\u00a0 Transportistas\u00a0 ca\u00f1eros son culpables materiales\u00a0 de las tragedias\u00a0 que han protagonizado en cada\u00a0 temporada de zafra, pero no son del todo culpables porque\u00a0 \u00a0existe una\u00a0 regla no escrita \u201cel ingenio est\u00e1\u00a0 arreglado con las autoridades de tr\u00e1nsito\u201d\u00a0 de\u00a0 seguir\u00a0 as\u00ed, la\u00a0 advertencia\u00a0 del gobierno municipal de\u00a0 sancionar a los camioneros, es letra muerta porque\u00a0 el arreglo a que se refieren es con las autoridades\u00a0 de tr\u00e1nsito federal, cada semana\u00a0 esta autoridad\u00a0 all\u00e1 por el a\u00f1o 1965\u00a0 recog\u00edan la\u00a0 cuota, estaban de\u00a0 acuerdo\u00a0 las organizaciones\u00a0 ca\u00f1eras.<\/strong><\/p>\n<p><strong>\u00a0<\/strong><\/p>\n<p><strong>El alcalde David Medina advirti\u00f3 en una reuni\u00f3n con productores de ca\u00f1a de la zona de abasto del ingenio azucarero Plan de Ayala, que \u201cse detendr\u00eda los\u00a0 camiones y a los ch\u00f3feres que traigan camiones con \u00a0m\u00e1s de un metro de cosecha de ca\u00f1a por encima del l\u00edmite de la caja o jaula de carga, medida\u00a0 que asintieron, pero no se toc\u00f3 el tema\u00a0 de un libramiento norte\u00a0 para desfogar las unidades\u00a0 que\u00a0 provienen por la carretera 85 norte, la\u00a0 ruta\u00a0 de\u00a0 mayor\u00a0 peligrosidad por la\u00a0 prolongada pendiente de esta carretera, as\u00ed\u00a0 que la\u00a0 tragedia\u00a0 del 24 de enero pasado donde muri\u00f3 un joven conductor y herida la familia\u00a0 de 6 personas\u00a0 del municipio de Tamasopo, sirvi\u00f3 de ejemplo y las partes involucradas\u00a0 suscribieron el acuerdo de\u00a0 evitar la sobre carga en los camiones.<\/strong><\/p>\n<p><strong>A prop\u00f3sito recuerdan que el alcalde dict\u00f3 una medida\u00a0 casi al finalizar la pasada\u00a0 zafra,\u00a0 para\u00a0 crear grupos\u00a0\u00a0 de trabajadores del municipio para recoger y barrer la basura\u00a0 que dejan\u00a0 en el trayecto urbano los mismos camiones?\u00a0\u00a0 No se toc\u00f3 el tema o se ha olvidado.<\/strong><\/p>\n<p><strong>++++++++++++<\/strong><\/p>\n<p><strong>\u00a0<\/strong><\/p>\n<p><strong>SUE\u00d1O\u00a0\u00a0 GUAJIRO HUASTECO.<\/strong><\/p>\n<p><strong>+.-<\/strong><strong> Dios quiera y exista voluntad de parte de los alcaldes, para tener el\u00a0 corredor Industrial Huasteco, palabras del gobernador.<\/strong><\/p>\n<p><strong>\u00a0Anteriores\u00a0 gobiernos\u00a0 estatales, NUNCA y al contrario\u00a0 pusieron un \u00e1pice de inter\u00e9s\u00a0 por crear fuentes de\u00a0 empleo en Valles\u00a0 y su zona de influencia socioecon\u00f3mica, esta\u00a0 es una de las razones\u00a0 que\u00a0\u00a0 las\u00a0 generaciones de egresados de\u00a0 escuelas de nivel medio y superior se\u00a0 desarraigan de su\u00a0 origen obligados por\u00a0 migrar a otras latitudes donde abunda el empleo bien pagado, as\u00ed se desintegran familias porque si deciden quedar en \u201cla puerta grande de la Huasteca\u201d terminar\u00e1n siendo\u00a0 choferes de taxis, empleado de mostrador\u00a0 u otra actividad, las\u00a0 f\u00e9minas corren con menor suerte. <\/strong><\/p>\n<p><strong>No fue olvido, la marginaci\u00f3n obedece\u00a0 a\u00a0 caprichos pol\u00edticos tradicionales\u00a0 ancestrales, el territorio potosino\u00a0 est\u00e1 dividido por sus regiones, la\u00a0 zona centro donde est\u00e1 asentada la capital ha tenido prioridad\u00a0 y los \u201cHuastecos de segunda\u201d \u00a0siempre marginados, pero\u00a0 como dice el refr\u00e1n popular, \u201cno hay enfermedad\u00a0 que dure cien a\u00f1os, ni enfermo que la soporte\u201d y lleg\u00f3 el Gallardismo\u00a0 <\/strong><strong>\u201cpero ser\u00eda genial que los Presidentes Municipales de la huasteca, se pusieran las pilas y se hiciera un corredor industrial\u2026..\u201d\u00a0 dijo el gobernador.<\/strong><\/p>\n<p><strong>El actual Gobierno del Cambio los Huastecos est\u00e1n de pl\u00e1cemes por la atenci\u00f3n v\u00eda obras materiales y sociales, y anuncia\u00a0 el Mandatario Potosino\u00a0 que este a\u00f1o, impulsar\u00e1n un proyecto para crear un \u201cCorredor Industrial Huasteco\u201d.<\/strong><\/p>\n<p><strong>\u201cEstamos tratando de ver la conveniencia de hacer ac\u00e1 un corredor industrial en Valles y traer empresas, hay mucha mano de obra que se puede explotar y que ya no se batallar\u00eda tanto, porque hay muchas plantas que van a llegar a San Luis Potos\u00ed el problema es que ahora no hay mano de obra\u201d. (ni agua\u00a0 mi Gober)<\/strong><\/p>\n<p><strong>Dijo que de los pa\u00edses que van a invertir este a\u00f1o recursos millonarios est\u00e1 Jap\u00f3n, en breve se realizar\u00e1 la colocaci\u00f3n de la primera piedra de una empresa asi\u00e1tica que tendr\u00e1 una inversi\u00f3n de 300 millones de d\u00f3lares, y la creaci\u00f3n de 2 mil 500 empleos, la empresa se denomina \u201cDaikin\u201d que asegur\u00f3 \u201cviene muy fuerte a San Luis Potos\u00ed\u201d.<\/strong><\/p>\n<p><strong>\u201cVienen empresas asi\u00e1ticas de la \u00faltima gira que tuvimos. El tema que se nos complica ahora, en la zona metropolitana e industrial, es la movilidad\u00a0 y la mano de obra, que ya no hay, ya todo mundo se pelea los empleos, ya no hay tanto personal, tan solo este a\u00f1o estamos proyectando 20 mil nuevos empleos que se van a ocupar\u201d.<\/strong><\/p>\n<p><strong>Dijo que se trabaja para descentralizar la industrializaci\u00f3n en el estado, \u201cpero ser\u00eda genial que los Presidentes Municipales de la huasteca, se pusieran las pilas y se hiciera un corredor industrial, <\/strong><\/p>\n<p><strong>++++++++++<\/strong><\/p>\n<p><strong>CARROCERIAS\u00a0 BUSTOS<\/strong><\/p>\n<p><strong>Reforma y Lerdo de tejada Col. Altavista.<\/strong><\/p>\n<p><strong>Cd Valles SLP\u00a0 Tel. 3824777.<\/strong><\/p>\n<p><strong>En carrocer\u00edas para camiones y camionetas nadie nos compite.<\/strong><\/p>\n<p><strong>++++++++++++++<\/strong><\/p>\n<p><strong>NUEVA\u00a0 DIRECTIVA DEL CONGRESO.<\/strong><\/p>\n<p><strong>Se aprob\u00f3 el Acuerdo de la Junta de Coordinaci\u00f3n Pol\u00edtica relativo La propuesta para reestructurar la Presidencia y la Primera Vicepresidencia de la Directiva, con efectos a partir del uno de febrero del a\u00f1o en curso.<\/strong><\/p>\n<p><strong>De esta manera, se\u00a0 nombr\u00f3 como Presidenta de la Directiva, a la diputada Cinthia Ver\u00f3nica Segovia Colunga, y como primer vicepresidenta a la diputada Mar\u00eda Aranzazu Puente Bustindui, para fungir durante el Segundo Periodo Ordinario de Sesiones, del segundo a\u00f1o de ejercicio constitucional.<\/strong><\/p>\n<p><strong>++++++\u00a0\u00a0\u00a0 <\/strong><\/p>\n<p><strong>El sitio ideal para\u00a0 sus fiestas\u2026\u00a0 <\/strong><\/p>\n<p><strong>\u201cFINCA\u00a0 SAN ISIDRO\u201d <\/strong><\/p>\n<p><strong>Sal\u00f3n para fiestas de todo tipo.<\/strong><\/p>\n<p><strong>Carretera Valles \u2013 R\u00edo Verde Km. 8 <\/strong><\/p>\n<p><strong>Contrataciones al Tel. 01 481 179 09<\/strong><\/p>\n<p><strong>Cd. Valles SLP M\u00e9xico.<\/strong><\/p>\n<p><strong>+++++++++++++++++++<\/strong><\/p>\n<p><strong>AUMENTA PENALIDAD DELITO DE\u00a0 ABIGEATO.<\/strong><\/p>\n<p><strong>\u00b4+.-\u00a0 Aprobadas reformas al c\u00f3digo penal del estado para sancionar con mayor severidad el delito de abigeato.<\/strong><\/p>\n<p><strong>+.- Por a\u00f1os\u00a0 el azote de los ganaderos son los\u00a0 roba vacas. \u00a0<\/strong><\/p>\n<p><strong>\u00a0<\/strong><strong>En un comunicado del Congreso del estado, se informa que por unanimidad,\u00a0 los integrantes de la LXIII Legislatura del Congreso del Estado aprobaron reformar diversos art\u00edculos del C\u00f3digo Penal del Estado de San Luis Potos\u00ed, para sancionar con mayor con severidad el delito de abigeato, cuando este tipo penal se cometa en perjuicio de peque\u00f1os productores pecuarios.<\/strong><\/p>\n<p><strong>\u00a0Se establece que el\u00a0 delito de abigeato se considerar\u00e1 calificado y se aumentar\u00e1 en una tercera parte la pena que corresponda, cuando sea cometido con violencia, por la noche, por dos o m\u00e1s personas, con horadaci\u00f3n de paredes, fractura de puertas, destrucci\u00f3n de las cerraduras de \u00e9stas o ruptura de cercas, setos o vallados, o sea cometido por quien tenga una relaci\u00f3n laboral, o de parentesco por consanguinidad o afinidad hasta el cuarto grado con el propietario del ganado, as\u00ed como en los casos que se cometa en perjuicio de peque\u00f1os productores. Se impondr\u00e1 una pena de dos a seis a\u00f1os de prisi\u00f3n y sanci\u00f3n pecuniaria de doscientos a seiscientos d\u00edas del valor de la unidad de medida y actualizaci\u00f3n vigente.<\/strong><\/p>\n<p><strong>Y se equipara al delito de abigeato, el sacrificio de ganado sin el consentimiento de quien tiene facultades para autorizarlo, para lo cual se sancionar\u00e1 con una pena de dos a diez a\u00f1os de prisi\u00f3n y sanci\u00f3n pecuniaria de doscientos a mil d\u00edas del valor de la unidad de medida y actualizaci\u00f3n vigente.<\/strong><\/p>\n<p><strong>Adem\u00e1s de puntualizar las sanciones correspondientes, observando el principio de la ley penal, por lo que se establece un cat\u00e1logo de las conductas que se equiparan al il\u00edcito mencionado, adem\u00e1s de precisar cu\u00e1ndo dicha conducta es calificada, incluyendo dentro de este cat\u00e1logo la hip\u00f3tesis de que sea perpetrado en perjuicio de peque\u00f1os productores.<\/strong><\/p>\n<p><strong>El Decreto aprobado reforma los art\u00edculos, 239, y 242 en sus p\u00e1rrafos, primero, y ahora \u00faltimo que pasar\u00e1 a ser pen\u00faltimo, y en sus fracciones, VI, y VII; adiciona al art\u00edculo 242 la fracci\u00f3n VIII, y el p\u00e1rrafo \u00faltimo; y deroga del art\u00edculo 237 el p\u00e1rrafo cuarto del C\u00f3digo Penal del Estado de San Luis Potos\u00ed.<\/strong><\/p>\n<p><strong>+++++++++++++<\/strong><\/p>\n<p><strong>DEFICIT\u00a0 POLICIACO NO GARANTIZA\u00a0 SEGURIDAD PUBLICA A LACOMUNIDAD VALLENSE.<\/strong><\/p>\n<p><strong>No le\u00a0 falta raz\u00f3n a la secretaria del ayuntamiento de Valles\u00a0 al declarar\u00a0 que no es posible destinar un elemento de la polic\u00eda municipal a cada\u00a0 ciudadano Vallense para\u00a0 evitar el \u00edndice delincuencial que\u00a0 registra la comunidad, lo dijo como consecuencia de los hechos\u00a0 ocurridos en un campo deportivo\u00a0 en el Fraccionamiento La Diana con saldo de un deportista muerto, la\u00a0 funcionaria inform\u00f3 tener una\u00a0 opci\u00f3n de soluci\u00f3n; se contratar\u00e1n\u00a0 mas polic\u00edas.<\/strong><\/p>\n<p><strong>La\u00a0 ciudadan\u00eda y el mundo deportivo lamenta la muerte de un joven\u00a0 deportista y otro herido por\u00a0 disparo de arma de fuego,\u00a0 que\u00a0 acusan los\u00a0 aficionados se\u00a0 derivan hechos\u00a0 delictivos por la venta indiscriminada de bebidas embriagantes\u00a0 permitido por el gobierno municipal (la\u00a0 costumbre\u00a0 es\u00a0 que las\u00a0 Ligas deportivas\u00a0 se hacen cargo del mantenimiento de los parques\u00a0 y en cambio la venta de bebidas\u00a0 alcoh\u00f3licas) \u00a0\u00a0durante la\u00a0\u00a0 celebraci\u00f3n de eventos\u00a0 deportivos y la\u00a0 nula\u00a0 vigilancia de la polic\u00eda municipal. Si la Direcci\u00f3n de comercio y la\u00a0 direcci\u00f3n del deporte, expiden permisos para\u00a0 la venta y consumo de bebidas embriagantes en los campos deportivos, tambi\u00e9n debe garantizar\u00a0 la seguridad\u00a0 de los asistentes, ser\u00e1 por eso que la\u00a0 funcionaria\u00a0 municipal ya resolver\u00e1 el problema; contratar\u00e1n a 40 nuevos polic\u00edas en Valles pero\u00a0 aun esperaran <\/strong><strong>\u00a0los recursos para su capacitaci\u00f3n\u00a0 de\u00a0 seis meses.\u00a0\u00a0\u00a0 Uuuuuuuuh,<\/strong><\/p>\n<p><strong>+++++++++++<\/strong><\/p>\n<p><strong>EL DESIERTO YA ESTA\u00a0 EN LA HUASTECA.<\/strong><\/p>\n<p><strong>+.- Mientras\u00a0 los\u00a0 riegos\u00a0 extrayendo agua del r\u00edo Valles \u201cya\u00a0 se notan\u201d<\/strong><\/p>\n<p><strong>A\u00fan recuerdo aquellas\u00a0 arengas\u00a0 de mi \u00a0compadre Demetrio Villal\u00f3n Mart\u00ednez, all\u00e1 por el a\u00f1o 1964 \u00a0a la saz\u00f3n dirigente cenecista\u00a0 en esta ciudad, los\u00a0 ciclos\u00a0 de lluvias\u00a0 eran normales llegando los meses de mayo y junio, despu\u00e9s\u00a0 Julio a m\u00e1s tardar en septiembre,\u00a0 en cuyas \u00e9pocas se inundaban los campos y la agricultura y ganader\u00eda florec\u00edan por la abundante humedad, no\u00a0 hab\u00eda incendios y\u00a0 el ciclo caluroso era benigno, las industrias de aparatos de aire acondicionado y ventiladores\u00a0 no eran atractivos para esta regi\u00f3n.<\/strong><\/p>\n<p><strong>El l\u00edder campesino QEPD en respuesta a las abundantes lluvias y el agua que\u00a0 se desperdiciaba al fluir al mar, prof\u00e9ticamente dijo en una celebraci\u00f3n\u00a0 que \u201cdebemos\u00a0 aprovechar el r\u00edo Valles y sus afluentes para construir represas, porque\u00a0 en el futuro cercano el desierto\u00a0 estar\u00e1 en la Huasteca, ya no llover\u00e1 porque\u00a0 estanos acabando con los bosques y permitirlo el gobierno en sus tres niveles sin establecer un proyecto que haga frente a las sequ\u00edas por venir \u2026.\u201d\u00a0\u00a0 Y\u00a0 ya est\u00e1\u00a0 cumpli\u00e9ndose.<\/strong><\/p>\n<p><strong>\u00a0Para \u00a0que no haya duda\u00a0 del futuro\u00a0 agropecuario de la REGION SI AHORA MISMO NO SE ADOPTAN MEDIDAS EMERGENTES las\u00a0 autoridades\u00a0 de la Conagua advierten en un bolet\u00edn \u00a0que tras <\/strong><strong>\u00a0cuatro a\u00f1os consecutivos de sequ\u00eda, el 2023 se anticipa como un a\u00f1o en el que de nueva cuenta habr\u00e1 problemas de escases de agua, indic\u00f3 Joel F\u00e9lix D\u00edaz, gerente local de la Comisi\u00f3n Nacional del Agua (Conagua), quien llam\u00f3 a hacer un uso racional de ese recurso en todos los sectores.<\/strong><strong>\u00a0\u00a0 <\/strong><strong>Cuatro a\u00f1os consecutivos de sequ\u00eda, registrados en el territorio potosino, como consecuencia tuvo que el 2023, se anticipe de nueva cuenta como uno muy complicado, y que otra vez haya escases de agua.<\/strong><\/p>\n<p><strong>Remarc\u00f3\u00a0 que la disminuci\u00f3n de precipitaciones pluviales ocasion\u00f3 una reducci\u00f3n importante en los niveles de captaci\u00f3n de presas, as\u00ed como en los escurrimientos de r\u00edos, afluentes y pozos.<\/strong><\/p>\n<p><strong>A pesar de las precipitaciones que se registraron en territorio potosino al cierre del a\u00f1o 2022, la sequ\u00eda no cede. De acuerdo con el reporte actualizado al 31 de diciembre del Monitor de Sequ\u00eda que elabora la Conagua, en San Luis Potos\u00ed s\u00f3lo ocho municipios no aparecen con problemas de estiaje.<\/strong><\/p>\n<p><strong>Un 85% del territorio resiente alg\u00fan nivel de sequ\u00eda: en 31 municipios se registra una condici\u00f3n de anormalmente seco y en 19 se identifica como moderada.<\/strong><\/p>\n<p><strong>+++++++++++++++<\/strong><\/p>\n<p><strong>\u201cCAF\u00c9 Y RESTAURANT\u00a0 EL FAROLITO\u201d\u00a0\u00a0 <\/strong><\/p>\n<p><strong>Lo mejor de la cocina Huasteca; el tradicional zacahuil y cazueladas.\u00a0\u00a0 Atendemos toda clase de\u00a0 festejos. Pedidos al Tel\u00a0 3821017 Ciudad Valles SLP.<\/strong><\/p>\n<p><strong>++++++++++++<\/strong><\/p>\n<p><strong>D\u00a0 E\u00a0\u00a0\u00a0 V O L A\u00a0 D\u00a0 A.-<\/strong><\/p>\n<p><strong>+++++<\/strong><\/p>\n<p><strong>A CUIDARSE CIUDADANOS, HABRA MAS POLICIAS\u00a0 MUNICIPALES.<\/strong><\/p>\n<p><strong>+.-\u00a0 Y mas\u00a0 patrullas\u00a0 para que las choquen.<\/strong><\/p>\n<p><strong>+.- Pero portaran c\u00e1maras\u00a0 de solapa para vigilarlos.<\/strong><\/p>\n<p><strong>La contrataci\u00f3n de m\u00e1s elementos para la Polic\u00eda Municipal es prioridad para la administraci\u00f3n que preside David Armando Medina Salazar, quien adem\u00e1s est\u00e1 interesado en adquirir m\u00e1s patrullas y en instalar en breve c\u00e1maras en solapas y unidades m\u00f3viles para garantizar la aplicaci\u00f3n de la ley.<\/strong><\/p>\n<p><strong>Afirm\u00f3 la secretaria del Ayuntamiento, Claudia Isabel Huerta Robledo, dijo que est\u00e1n a la espera del recurso financiero para que los 40 elementos aspirantes a ingresar a la corporaci\u00f3n sean enviados al curso de seis meses en la Academia de Polic\u00eda, a\u00f1adiendo que los m\u00e1s aptos ser\u00e1n asignados a diversas tareas de seguridad.<\/strong><\/p>\n<p><strong>La funcionaria reconoci\u00f3 la necesidad de tener m\u00e1s polic\u00edas en la ciudad,\u00a0 (y m\u00e1s\u00a0 temor\u00a0 de la sociedad civil por la conducta\u00a0 de los gendarmes, se teme m\u00e1s a estos\u00a0 que a los propios delincuentes) adem\u00e1s de capacitaci\u00f3n para los elementos activos y adquisici\u00f3n de patrullas para continuar con la vigilancia, que ha dado resultados favorables en esta ciudad. Como adelanto, recientemente dos\u00a0 polis\u00a0 uniformados atracaron y golpearon adem\u00e1s de mantenerlo incomunicado y ROBARLE\u00a0\u00a0 13\u00a0 mil pesos a un comerciante del mercado. La denuncia ante el fiscal. No hay informaci\u00f3n oficial de parte del ayuntamiento.<\/strong><\/p>\n<p><strong>+++++++++++++++++<\/strong><\/p>\n<p><strong>\u00bfPuede el Ej\u00e9rcito hacer detenciones sin registro?: la decisi\u00f3n de la Suprema Corte alimenta la pol\u00e9mica sobre las tareas de los militares<\/strong><\/p>\n<p><strong>La decisi\u00f3n de la Suprema Corte de Justicia de la Naci\u00f3n (SCJN) sobre el registro de detenidos por parte de militares ha devuelto a la actualidad la discusi\u00f3n sobre las\u00a0<\/strong><a href=\"https:\/\/elpais.com\/mexico\/2022-09-07\/cientos-de-personas-rechazan-la-militarizacion-de-la-guardia-nacional-frente-al-senado.html\"><strong>atribuciones de las Fuerzas Armadas en M\u00e9xico<\/strong><\/a><strong>. El martes M\u00e1ximo Tribunal resolvi\u00f3 una controversia presentada por la Comisi\u00f3n Nacional de Derechos Humanos (CNDH), interpretando que son el Ej\u00e9rcito y la Armada los que deben registrar las detenciones, m\u00e1s all\u00e1 de que informen o no a una autoridad civil.<\/strong><\/p>\n<p><strong>El presidente, Andr\u00e9s Manuel L\u00f3pez Obrador, se ha referido \u00a0al asunto, mientras hablaba de la confianza que tiene en los ministros de la Corte, que votaron sobre las implicaciones y el alcance de la ley por una mayor\u00eda de ocho a tres. L\u00f3pez Obrador rechazaba las cr\u00edticas de intromisi\u00f3n en la Corte a ra\u00edz del caso de la ministra Yasm\u00edn Esquivel, acusada de plagiar su tesis y ha dicho: \u201cHubo una resoluci\u00f3n de la SCJN del registro de detenciones, de que se registrara a todos los que se detenga. Estaba yo viendo un mensaje de Denise Dresser, ech\u00e1ndole la culpa a Yasm\u00edn Esquivel. Y ayer pregunt\u00e9 si era nada m\u00e1s Yasm\u00edn la que hab\u00edan votado a favor. Y no, ocho de 11. Y, sin embargo, ella le echa la culpa a Yasm\u00edn, viendo lo mal que hab\u00edan resuelto\u201d.<\/strong><\/p>\n<p><strong>La Ley Nacional del Registro de Detenciones incluye un art\u00edculo que se\u00f1ala que\u00a0<\/strong><a href=\"https:\/\/elpais.com\/mexico\/2022-09-06\/morena-enfrenta-en-el-senado-la-polemica-militarizacion-de-la-guardia-nacional.html#?rel=mas\"><strong>las Fuerzas Armadas en tareas de seguridad p\u00fablica<\/strong><\/a><strong>\u00a0no tienen que dar parte inmediato a las autoridades policiales de las detenciones que realizan. La CNDH planteaba que esto era confuso porque pod\u00eda interpretarse como una invitaci\u00f3n a que el Ej\u00e9rcito o la Armada registraran por s\u00ed mismos las capturas, el lugar donde se hacen, la hora, etc\u00e9tera. La Corte ha dicho que, efectivamente, son las Fuerzas Armadas las que deben hacerlo, avisen o no a una autoridad civil.<\/strong><\/p>\n<p><strong>+++++++++++++++<\/strong><\/p>\n<p><strong>EL PEQUE\u00d1O COMERCIO.<\/strong><\/p>\n<p><strong>+.- Ninguno de esos organismos\u00a0 ha expresado la desleal competencia para sus asociados.<\/strong><\/p>\n<p><strong>En a\u00f1os pasados los l\u00edderes de\u00a0 comerciantes\u00a0 como es la Canaco, Canacope, Uni\u00f3n de comerciantes\u00a0 y las\u00a0 mismas\u00a0 autoridades\u00a0 municipales (hasta\u00a0 la segunda ocasi\u00f3n como alcalde JJOA) trabajaban\u00a0 en la autentica defensa de sus agremiados, pero la ambici\u00f3n de\u00a0 dinero y porque\u00a0 el establecimiento de grandes\u00a0 cadenas de tiendas\u00a0 ser\u00edan fuentes de empleo\u00a0 y daban \u201ccach\u00e9\u201d\u00a0 a\u00a0 Valles, permitieron la invasi\u00f3n de\u00a0 ese tipo de tiendas, la m\u00e1s da\u00f1inas\u00a0 al peque\u00f1o comercio\u00a0 son las\u00a0 Oxxos que\u00a0 invadieron desde la zona centro hasta las colonias distingui\u00e9ndose por la venta de bebidas embriagantes a toda hora.\u00a0 Todo mundo sabe\u00a0 que esas\u00a0 tiendas\u00a0 no pagan impuestos, ya\u00a0 estamos averiguando cuanto ingresa al municipio porque\u00a0 expender cerveza\u00a0 a una tiendita\u00a0 tiene un costo de casi 5 mil pesos el permiso que otorga el municipio.<\/strong><\/p>\n<p><strong>++++++++++++<\/strong><strong>+++++++++++++<\/strong><\/p>\n<p><a href=\"https:\/\/www.facebook.com\/profile.php?id=100085690009848&amp;__cft__%5b0%5d=AZWXisZDUw6Wtas5y5BI4g2Vvr1flGtXn4VucgT9Uhl1X569CUh2Khb_tB-KT1teQ2r6dttfkzsBDgR-EK7EQ7ZhqImlNrTltBztWUKRD6EWRsgAkTve93hCaoGIdZiDN5CAc10cM0ZyfYi-EVOTBWilSZjjnEIJWJp3z4rSNX54_duQvdS9Dgk7I4liTSMbn0wb2xHfTNZlHuc5qmFuno9rYYYF5XEnnUXxY0rEMPq9DRoJ5pbTnND5wwG-AZ5yR0SFwiGsR7b7qrVV0EOJDTZJce_Zh7OgmNq-qSQaaCbR_mtHtClfRSuDTsCb2KLFeeY&amp;__tn__=-UC%2CP-R\"><strong>Planchadora Express Cd. Valles<\/strong><\/a><\/p>\n<p><strong>Ponemos a tu disposici\u00f3n Nuestro Servicio de Planchado de la m\u00e1s alta calidad en la Ciudad.<\/strong><\/p>\n<p><strong>Informacion y Costos al 481 119 2145<\/strong><\/p>\n<p><strong>Direcci\u00f3n Plaza Engracia 110 Del Carmen 2<\/strong><\/p>\n<p><strong>Contamos con Servicio a Domicilio con Costo Adicional! <\/strong><\/p>\n<p><strong>+++++++++++++++++++++<\/strong><a href=\"mailto:davidfloresservicios@hotmail.com\"><strong>davidfloresservicios@hotmail.com<\/strong><\/a><\/p>\n<p><strong>hasta la pr\u00f3xima semana..<\/strong><\/p>\n<p><strong>\u00a0<\/strong><\/p>\n<p><strong>\u00a0<\/strong><\/p>\n<p><strong>\u00a0<\/strong><\/p>\n","protected":false},"excerpt":{"rendered":"<p>LA CORRUPCI\u00d3N \u201cCARRERISTA\u201d COMPRO TERRENO\u00a0 PARA AEROPUERTO DE TAMUIN, A PRECIO DE ORO. Para sellar el sexenio Carrerista\u00a0 que se distingui\u00f3 por la corrupci\u00f3n,\u00a0 el estado compr\u00f3 el terreno para ampliar el aeropuerto de Tamu\u00edn\u00a0 en cuya operaci\u00f3n los funcionarios obtuvieron\u00a0 un millonario margen para &hellip; <\/p>\n","protected":false},"author":1,"featured_media":80155,"comment_status":"open","ping_status":"open","sticky":false,"template":"","format":"standard","meta":{"footnotes":""},"categories":[17,4],"tags":[],"class_list":["post-80154","post","type-post","status-publish","format-standard","has-post-thumbnail","hentry","category-colaboraciones","category-inicio"],"_links":{"self":[{"href":"https:\/\/amanecerhuasteco.com\/portal\/wp-json\/wp\/v2\/posts\/80154","targetHints":{"allow":["GET"]}}],"collection":[{"href":"https:\/\/amanecerhuasteco.com\/portal\/wp-json\/wp\/v2\/posts"}],"about":[{"href":"https:\/\/amanecerhuasteco.com\/portal\/wp-json\/wp\/v2\/types\/post"}],"author":[{"embeddable":true,"href":"https:\/\/amanecerhuasteco.com\/portal\/wp-json\/wp\/v2\/users\/1"}],"replies":[{"embeddable":true,"href":"https:\/\/amanecerhuasteco.com\/portal\/wp-json\/wp\/v2\/comments?post=80154"}],"version-history":[{"count":1,"href":"https:\/\/amanecerhuasteco.com\/portal\/wp-json\/wp\/v2\/posts\/80154\/revisions"}],"predecessor-version":[{"id":80156,"href":"https:\/\/amanecerhuasteco.com\/portal\/wp-json\/wp\/v2\/posts\/80154\/revisions\/80156"}],"wp:featuredmedia":[{"embeddable":true,"href":"https:\/\/amanecerhuasteco.com\/portal\/wp-json\/wp\/v2\/media\/80155"}],"wp:attachment":[{"href":"https:\/\/amanecerhuasteco.com\/portal\/wp-json\/wp\/v2\/media?parent=80154"}],"wp:term":[{"taxonomy":"category","embeddable":true,"href":"https:\/\/amanecerhuasteco.com\/portal\/wp-json\/wp\/v2\/categories?post=80154"},{"taxonomy":"post_tag","embeddable":true,"href":"https:\/\/amanecerhuasteco.com\/portal\/wp-json\/wp\/v2\/tags?post=80154"}],"curies":[{"name":"wp","href":"https:\/\/api.w.org\/{rel}","templated":true}]}}