{"id":804,"date":"2011-08-30T19:24:46","date_gmt":"2011-08-31T01:24:46","guid":{"rendered":"http:\/\/amanecerhuasteco.com\/portal\/2011\/08\/30\/entre-columnas-3\/"},"modified":"2011-08-30T19:24:46","modified_gmt":"2011-08-31T01:24:46","slug":"entre-columnas-3","status":"publish","type":"post","link":"https:\/\/amanecerhuasteco.com\/portal\/entre-columnas-3\/","title":{"rendered":"ENTRE COLUMNAS"},"content":{"rendered":"<div align=\"justify\"><strong>LOS LUNES,\u00a0 DIA DE PROTESTAS\u2026<\/strong><br \/>Al no tener respuesta a solicitudes de audiencias con la primera autoridad municipal, los vecinos de las colonias han decidido expresar con plantones\u00a0 en la plaza principal al t\u00e9rmino de los honores a la bandera, aprovechando a que la alcaldesa asiste\u00a0 a este evento por regla general.<br \/>Pero este lunes 29, la mun\u00edcipe no asisti\u00f3 y fue el secretario quien atendi\u00f3 dos manifestaciones, una tercera se retir\u00f3 porque el asunto era con la autoridad.<br \/>Fueron vecinos de la colonia San Rafael que exigieron la terminaci\u00f3n del techado de la escuela y habitantes de Las Huertas que se termine la carretera.<\/p>\n<p><font color=\"#FF6600\"><strong><em>\u201cBETY BOUTIQUE\u201d Privada Padre Xavier y G. Victoria zona centro. Art\u00edculos religiosos, nuestra especialidad.<\/em><\/strong><\/font><\/p>\n<p><strong>DOS PLANILLAS POR EL COMIT\u00c9 MUNICIPAL DEL PRI.<\/strong><br \/>El 10 de septiembre ser\u00e1\u00a0 la elecci\u00f3n del consejo pol\u00edtico municipal del PRI\u00a0 para elegir al presidente y secretario\u00a0 del comit\u00e9 municipal del PRI, esto es de acuerdo con la convocatoria.<br \/>Informamos oportunamente que solo dos planillas se registraron el pasado domingo; Matilde Hern\u00e1ndez M\u00e9ndez y Tirso Pozos Pozos, con sus respectivas secretarias. El proyecto de una planilla de unidad fracas\u00f3 pese a las negociaciones que se hicieron hasta el \u00faltimo minuto, ahora la decisi\u00f3n ser\u00e1 del consejo pol\u00edtico.<\/div>\n<div align=\"justify\">\u00a0<\/div>\n<div align=\"justify\"><font color=\"#FF6600\"><em><strong>\u201cCARROCERIAS Bustos\u201d\u00a0 Reforma y Lerdo de Tejada Colonia Altavista. Tel. 3824777<br \/><\/strong><\/em><\/font><br \/><strong>TAMASOPO TAMBIEN PREMIADO POR AGENDA DESDE LO LOCAL.<\/strong><br \/>Primero fue Valles, ahora es Tamasopo en anunciar que su alcaldesa recibir\u00e1s un premio en Hermosillo Sonora, de manos del presidente de la rep\u00fablica, como un reconocimiento a que\u00a0 conforme a la certificaci\u00f3n del programa Agenda de lo local, hecha recientemente en los dos municipios, ambos\u00a0 resultan con una ejemplar administraci\u00f3n y merecedoras\u00a0 las dos alcaldesas del premio.<br \/>Esta certificaci\u00f3n permitir\u00e1 tambi\u00e9n que el municipio tenga accesos a otros beneficios extraordinarios por parte del gobierno federal.<br \/><font color=\"#FF6600\"><strong><\/strong><\/font><\/div>\n<div align=\"justify\">\u00a0<\/div>\n<div align=\"justify\"><font color=\"#FF6600\"><strong><em>\u201cCASA TOVAR\u201d La casa de las artesan\u00edas de Valles y la regi\u00f3n. Abasolo y P. D\u00edaz frente al mercado<\/em><\/strong><\/font><\/p>\n<p><strong>QUE SE HAGA UNA EVELUACION DE FUNCIONARIOS.<\/strong><br \/>&#8211; Incluyendo los regidores y s\u00edndicos.<br \/>Es magn\u00edfica la propuesta del S\u00edndico Enrique Herrera Marroqu\u00edn\u00a0 a que la ciudadan\u00eda haga una evaluaci\u00f3n del trabajo de cada funcionario municipal y lo exprese p\u00fablicamente a la presidente municipal Socorro Herrera para que tome medidas correctivas.<br \/>El s\u00edndico tambi\u00e9n se refiere a los regidores, que el pueblo haga una evaluaci\u00f3n de su trabajo, \u00e9l en lo particular prepara un informe del trabajo realizado en su responsabilidad como s\u00edndico municipal.<\/div>\n<div align=\"justify\">\u00a0<\/div>\n<div align=\"justify\"><font color=\"#FF6600\"><strong><em>\u201cDespacho de Contadores P\u00fablicos Camarillo Orta\u201d tel\u00e9fono 3816972. Ponciano Arriaga 11 A Colonia Obrera.<br \/><\/em><\/strong><\/font><br \/><strong>EN LA MIRA EL DIRECTOR DE OBRAS PUBLICAS.<\/strong><br \/>Si en realidad se hace la evaluaci\u00f3n de funcionarios que sugiere el S\u00edndico Enrique Herrera Marroqu\u00edn, el primero que debe ser sometido a este proceso ser\u00e1\u00a0 al director de Obras P\u00fablicas\u00a0 Nahum Azuara, anticipadamente aseguramos que no pasar\u00e1\u00a0 ni de \u201cpanzazo\u201d las manifestaciones por sus mentiras ya tienen candados a los habitantes de colonias\u00a0 donde los servicios de alumbrado, recolecci\u00f3n de basura y de seguridad p\u00fablica.<br \/>Basta ver las manifestaciones que se hacen frente al palacio contra ese funcionario.<br \/><font color=\"#FF6600\"><em><\/em><\/font><\/div>\n<div align=\"justify\">\u00a0<\/div>\n<div align=\"justify\"><font color=\"#FF6600\"><em><strong>ESCUELA PREPARATORIA ABIERTA Galeana 54 altos (nuevo domicilio)\u00a0\u00a0 Si no pasas las materias, no pagas la asesor\u00eda. Cd. Valles SLP<br \/><\/strong><\/em><\/font><br \/><strong>POLICIA MUNIUCIPAL DETUVO A UN PRESUNTO NARCOMENUDISTA.<\/strong><br \/>Por\u00a0 casualidad la polic\u00eda municipal se \u201canoto un triunfo\u201d al detener a un presunto narcomenudista que conduc\u00eda un autom\u00f3vil y choc\u00f3 en la esquina de Libramiento oriente\u00a0 y la calle Pedro J, M\u00e9ndez de esta ciudad<br \/>Los elementos\u00a0 de polic\u00eda\/tr\u00e1nsito, fueron informados de un percance automovil\u00edstico en la colonia altavista, acudieron y al revisar la unidad encontraron 44 bolsitas que se presume es marihuana, por lo que procedieron a detener a<br \/>y ponerlo a disposici\u00f3n del fiscal federal. <br \/>Un buena para Mario Alberto Parra Torres, quien funge de hecho como director de la corporaci\u00f3n.<\/div>\n<div align=\"justify\">\u00a0<\/div>\n<div align=\"justify\"><font color=\"#FF6600\"><em><strong>\u201cFINCA COLIBRI\u201d\u00a0 Tu sal\u00f3n de fiestas\u00a0 Bocanegra 16 Colonia Obrera\u00a0 Tel. 3821652<br \/><\/strong><\/em><\/font><br \/><strong>PASEO BICENTENARIO, ALTO RIESGO A VISITANTES.<\/strong><br \/>Antes de abrir al p\u00fablico el paseo Bicentenario en la margen izquierda del r\u00edo Valles (de La Tortuga a la Alameda) el gobierno municipal deber\u00e1 implementar medidas de seguridad porque la existencia de la zona de vicio La Bajadita exactamente al inicio del paseo es de alto riesgo, inclusive en ese lugar se han cometido homicidios.<br \/>Ciudadanos que\u00a0 pretenden coadyuvar con las autoridades, sugieren que una parte de la comandancia de polic\u00eda se instale\u00a0 en\u00a0 ese sector que brindar\u00eda seguridad a usuarios del puente y del parque Colosio. La otra opci\u00f3n es borrar del lugar la zona de vicio,<\/div>\n<div align=\"justify\">\u00a0<\/div>\n<div align=\"justify\"><font color=\"#FF6600\"><strong><em>REFACCIONARIA \u201cLA GOTA DE ORO\u201d en conexiones, mangueras y bandas automotrices y agr\u00edcolas Solo nosotros. Glorieta Pedro A. Santos.<br \/><\/em><\/strong><\/font><br \/><strong>\u00bfCON MENOS PERSONAL ES EFICIENTE EL TRABAJO?<\/strong><br \/>La pregunta es de la ciudadan\u00eda, al enterarse que el ayuntamiento despide personal eventual que estaban adscritos a obras p\u00fablicas (los aviadores siguen) medida adoptada por la primera autoridad para ahorrar recursos, au que esta medida no incluye suprimir sub directores, ayudantes\u00a0 de los ayudantes y hasta directores que no asisten a desempe\u00f1ar sus funciones.<br \/>La situaci\u00f3n se complica\u00a0 ahora que el estado informa la reducci\u00f3n de participaciones a los municipios.<\/div>\n<div align=\"justify\">\u00a0<\/div>\n<div align=\"justify\"><font color=\"#FF6600\"><em><strong>Restaurante \u201cEL FAROLITO\u201d Lo mejor de la cocina Huasteca, el tradicional zacahuil y cazueladas. Atendemos sus festejos. Pedidos al tel\u00e9fono 3821017<br \/><\/strong><\/em><\/font><br \/><strong>D E\u00a0 V O L A D A<\/strong> <\/div>\n<div align=\"justify\">PARA ELADIO MANZANAREZ RUBIO, ex presidente del PAN\u00a0 en Valles, el Licenciado Hugo Armando Hermosillo es el militante con capacidad y m\u00e9ritos para\u00a0 nominarlo candidato a diputado federal por el XII distrito.<br \/>DENUNCIEN A POLICIAS CORRUPTOS\u2026.Tras la homologaci\u00f3n de salarios que recibieron los elementos de polic\u00eda (que son agentes de tr\u00e1nsito en la realidad) el director de la corporaci\u00f3n exhorta a la ciudadan\u00eda que denuncien cualquier acto de corrupci\u00f3n para proceder conforme a la ley.<br \/>MARTIN VAZQUEZ VAZQUEZ\u00a0 es el nuevo presidente del CEEPAC seg\u00fan el anuncio este lunes a las 15-30Hs en la capital del estado. De los 9 consejeros propietarios no aparece\u00a0 ning\u00fan Huasteco.<br \/>OSKAR KALIXTO SANCHEZ \u2013 abogado \u2013 declar\u00f3 en \u201ccurrolandia\u201d que volver\u00e1 impugnar la elecci\u00f3n del Congreso con\u00a0 17 consejeros propietarios y suplentes del Ceepac.-<br \/>LAS CARTAS FURTES\u00a0 fueron cuatro para integrar el CEEPAC los dos primeros en llegar fueron Jes\u00fas Sierra Acu\u00f1a y V\u00edctor Manuel Palomares, en la primera impugnaci\u00f3n\u00a0 sobrevivieron casi a finalistas.<br \/>JUAN EDUARDO BENDECK Y, PASCUAL Z\u00fa\u00f1iga Meraz\u00a0 de Valles y Tamu\u00edn, llegaron a la final de 27 aspirantes al consejo, y de ultimo momento\u00a0 fueron superados por los \u201ccurros\u201d La Huasteca queda sin representante.<\/div>\n<div align=\"justify\">\u00a0<\/div>\n<div align=\"justify\"><font color=\"#FF6600\"><em><strong>La cita es en el caf\u00e9 \u201cLA NUEVA FE\u201d frente al jard\u00edn.<br \/><\/strong><\/em><\/font><br \/><strong>\u201cEL PARTIDO ES DE TODOS LOS PRIISTAS, DICE C\u00c9SAR GONZALEZ.<\/strong><br \/>A pocos d\u00edas de entregar la dirigencia del PRI\u00a0 de Valles, C\u00e9sar Gonz\u00e1lez Garc\u00eda exhorta a los priistas de los diferentes sectores, que el objetivo de la elecci\u00f3n quien sea el elegido, el objetivo es el proceso electoral del 2012, por lo que el divisionismo no debe tener cabida en estos momentos.<br \/>\u00a0El partido es de todos, no es de alguien en particular \u2013 dice \u2013 o pertenece a alg\u00fan grupo, eso no,\u00a0 la intenci\u00f3n es que el partido est\u00e9 equilibrado, as\u00ed como qued\u00f3 el consejo pol\u00edtico, no pertenece a nadie, cada quien tiene sus consejeros,\u00a0 el PRI est\u00e1 bien equilibrado.<br \/>El siguiente proceso ser\u00e1n los seccionales, de igual manera no deben pertenecer a nadie, el trabajo debe repartirse entre todos para el 2012.<\/div>\n<div align=\"justify\">\u00a0<\/div>\n<div align=\"justify\"><font color=\"#FF6600\"><strong><em>\u201cSISTEMAS INFORMATICOS ESPECIALIZADOS\u201d\u00a0 todo para su computadora, reparaci\u00f3n y mantenimiento. Ju\u00e1rez 112 B tel\u00e9fono 3831226<br \/><\/em><\/strong><\/font><br \/><strong>HOMOLOGACION DE SALARIOS A POLICIAS SIN MODIFICACION<br \/><\/strong>Pese a las protestas de un regular n\u00famero de polic\u00edas municipales que aunque recibieron el incremento retroactivo est\u00e1n inconformes, porque\u00a0 sus promociones de grado y salario no coinciden con sus a\u00f1os de servicio, el secretario del ayuntamiento y el director interino de la polic\u00eda, manifestaron que no habr\u00e1 ninguna modificaci\u00f3n a la homologaci\u00f3n, inclusive\u00a0 el segundo de ellos expres\u00f3 que si no est\u00e1n conformes pueden buscar otro empleo.<br \/><font color=\"#FF6600\"><em><\/em><\/font><\/div>\n<div align=\"justify\">\u00a0<\/div>\n<div align=\"justify\"><font color=\"#FF6600\"><em><strong>TELSOL. Venta de equipo y reparaci\u00f3n y cambio de\u00a0 compa\u00f1\u00eda. Liberaci\u00f3n y mantenimiento de celulares. Carranza y Abasolo a sus \u00f3rdenes.<br \/><\/strong><\/em><\/font><br \/><strong>INMUVI DEBE ENTREGAR CASAS A FAMILIAS DE INFONAVIT<\/strong><br \/>Familias\u00a0 que perdieron sus casas\u00a0 al no pagar al Infonavit porque el jefe de la familia se qued\u00f3 sin empleo, tambi\u00e9n deber\u00eda el gobierno municipal incluirlos en el reparto de viviendas en\u00a0 la colonia Bicentenario, la propuesta fue presentada `por el Frente de defensa de la vivienda popular que lidera Jorge Delgado, pero no ha tenido respuesta alguna.<br \/>El pasado lunes los directivos del Frente de defensa trataron de tener una respuesta del director de INMUVI que ser\u00eda la dependencia a trav\u00e9s de la cual se canalizan las gestiones, pero no hubo respuesta.<br \/>\u00a0 \u00a0<br \/><strong>VOLVERAN A IMPUGNAR ELECCION DEL CEEPAC.<br \/><\/strong>Ya est\u00e1 integrado el nuevo CEEPAC este lunes por la tarde rindieron protesta los 17 integrantes, 9\u00a0 de ellos propietarios y el resto suplentes, pero ex aspirantes insisten que no se ajust\u00f3 a la legalidad el proceso y repetir\u00e1n la impugnaci\u00f3n, declara el abogado Oskar Calixto S\u00e1nchez, al respecto el diputado Alfonso Castillo Machuca presidente de la comisi\u00f3n para el proceso de la reforma electora declar\u00f3 que \u201c\u2026vamos a respetar las posiciones ciudadanas, ellos tienen establecido en t\u00e9rminos de nuestra Constituci\u00f3n la posibilidad de impugnar cualquier acci\u00f3n que la autoridad administrativa realice, nosotros seremos respetuosos de la situaci\u00f3n\u201d<\/p>\n<p><strong>SCT AMAFIADA CON PULPOS DEL TRANSPORTE. Transportistas no han cumplido con usuarios.<br \/><\/strong>Dirigentes de la Federaci\u00f3n Universitaria Potosina, cuestionan al titular de la SCT por el incumplimiento de los concesionarios del transporte urbano que al incrementar a $6.60 la tarifa se comprometieron a realizar una serie de mejoras al servicio, situaci\u00f3n que no se ha cumplido, denuncia\u00a0 Edgar Cerda presidente de la FUP .<br \/>El dirigente estudiantil indic\u00f3 que van a platicar con el titular de la SCT para que a trav\u00e9s de los instrumentos de la Ley\u00a0 se\u00a0 obligue a cumplir a los transportistas.<br \/>En el caso de Valles, el problema es que no existen suficientes unidades para cubrir rutas como El Carmen e Infonavit, adem\u00e1s de no respetar los horarios,\u00a0\u00a0\u00a0\u00a0\u00a0\u00a0\u00a0\u00a0\u00a0\u00a0\u00a0 \u00a0<\/p>\n<p><strong>OPORTUNAS LA ENTREGA DE PARTICIPACIONES; FINANZAS.<br \/><\/strong>El Secretario de finanzas\u00a0 del estado Jes\u00fas Conde Mej\u00eda, neg\u00f3 recorte o atraso de participaciones al estado potosino, si hay retrazo en recursos provenientes de los convenios y programas federales- <br \/>Las participaciones llegan oportunamente en las fechas pre establecidas, lo que si hay\u00a0 problema \u2013 dice el secretario de finanzas\u00a0 es son atraso en ciertos programas federales<\/div>\n","protected":false},"excerpt":{"rendered":"<p>LOS LUNES,\u00a0 DIA DE PROTESTAS\u2026Al no tener respuesta a solicitudes de audiencias con la primera autoridad municipal, los vecinos de las colonias han decidido expresar con plantones\u00a0 en la plaza principal al t\u00e9rmino de los honores a la bandera, aprovechando a que la alcaldesa asiste\u00a0 &hellip; <\/p>\n","protected":false},"author":1,"featured_media":17874,"comment_status":"open","ping_status":"open","sticky":false,"template":"","format":"standard","meta":{"footnotes":""},"categories":[17],"tags":[],"class_list":["post-804","post","type-post","status-publish","format-standard","has-post-thumbnail","hentry","category-colaboraciones"],"_links":{"self":[{"href":"https:\/\/amanecerhuasteco.com\/portal\/wp-json\/wp\/v2\/posts\/804","targetHints":{"allow":["GET"]}}],"collection":[{"href":"https:\/\/amanecerhuasteco.com\/portal\/wp-json\/wp\/v2\/posts"}],"about":[{"href":"https:\/\/amanecerhuasteco.com\/portal\/wp-json\/wp\/v2\/types\/post"}],"author":[{"embeddable":true,"href":"https:\/\/amanecerhuasteco.com\/portal\/wp-json\/wp\/v2\/users\/1"}],"replies":[{"embeddable":true,"href":"https:\/\/amanecerhuasteco.com\/portal\/wp-json\/wp\/v2\/comments?post=804"}],"version-history":[{"count":0,"href":"https:\/\/amanecerhuasteco.com\/portal\/wp-json\/wp\/v2\/posts\/804\/revisions"}],"wp:featuredmedia":[{"embeddable":true,"href":"https:\/\/amanecerhuasteco.com\/portal\/wp-json\/wp\/v2\/media\/17874"}],"wp:attachment":[{"href":"https:\/\/amanecerhuasteco.com\/portal\/wp-json\/wp\/v2\/media?parent=804"}],"wp:term":[{"taxonomy":"category","embeddable":true,"href":"https:\/\/amanecerhuasteco.com\/portal\/wp-json\/wp\/v2\/categories?post=804"},{"taxonomy":"post_tag","embeddable":true,"href":"https:\/\/amanecerhuasteco.com\/portal\/wp-json\/wp\/v2\/tags?post=804"}],"curies":[{"name":"wp","href":"https:\/\/api.w.org\/{rel}","templated":true}]}}