{"id":80761,"date":"2023-03-01T16:01:20","date_gmt":"2023-03-01T22:01:20","guid":{"rendered":"http:\/\/amanecerhuasteco.com\/portal\/?p=80761"},"modified":"2023-03-01T16:01:20","modified_gmt":"2023-03-01T22:01:20","slug":"fiscalia-general-del-estado-capturo-a-dos-probables-participes-del-homicidio-del-exalcalde-de-ebano-crispin-ordaz","status":"publish","type":"post","link":"https:\/\/amanecerhuasteco.com\/portal\/fiscalia-general-del-estado-capturo-a-dos-probables-participes-del-homicidio-del-exalcalde-de-ebano-crispin-ordaz\/","title":{"rendered":"Fiscal\u00eda General del Estado, capturo a dos probables part\u00edcipes del homicidio del exalcalde de \u00c9bano, Crisp\u00edn Ordaz"},"content":{"rendered":"<p>#ResultadosFiscal\u00edaSLP<\/p>\n<p>CAPTURADOS POR FISCAL\u00cdA, PROBABLES PART\u00cdCIPES DEL HOMICIDIO CONTRA EX ALCALDE DE \u00c9BANO<\/p>\n<p>\u2022 PDI les cumpliment\u00f3 una orden de aprehensi\u00f3n<\/p>\n<p>La Fiscal\u00eda General del Estado (FGE) realiz\u00f3 la detenci\u00f3n de dos hombres se\u00f1alados como posibles intervinientes en el homicidio de un ex presidente municipal de \u00c9bano.<\/p>\n<p>Los hechos ocurrieron el 25 de octubre del 2022, al interior de un establecimiento de comida ubicado en la Colonia Petrolera del ayuntamiento referido, en donde se encontraba la v\u00edctima, quien fue herido por disparos de arma de fuego, perdiendo la vida.<\/p>\n<p>Tras diversas acciones de inteligencia y labores de campo, los agentes de la Polic\u00eda de Investigaci\u00f3n (PDI) lograron establecer la identidad de Romel \u201cN\u201d y Pedro \u201cN\u201d, como presuntos part\u00edcipes de lo suscitado.<\/p>\n<p>Con los datos de prueba obtenidos, el agente del Ministerio P\u00fablico de la Unidad Especialidad en Homicidios, solicit\u00f3 al Juez de Control la orden de aprehensi\u00f3n por el delito de homicidio calificado.<\/p>\n<p>Tras su aseguramiento en \u00c9bano por parte de la PDI, ambas personas fueron trasladadas al centro de reinserci\u00f3n social de Ciudad Valles, y se encuentran a la espera de la audiencia inicial.<\/p>\n<p>#UnaFiscal\u00edaM\u00e1sCercanaALaGente<\/p>\n","protected":false},"excerpt":{"rendered":"<p>#ResultadosFiscal\u00edaSLP CAPTURADOS POR FISCAL\u00cdA, PROBABLES PART\u00cdCIPES DEL HOMICIDIO CONTRA EX ALCALDE DE \u00c9BANO \u2022 PDI les cumpliment\u00f3 una orden de aprehensi\u00f3n La Fiscal\u00eda General del Estado (FGE) realiz\u00f3 la detenci\u00f3n de dos hombres se\u00f1alados como posibles intervinientes en el homicidio de un ex presidente municipal &hellip; <\/p>\n","protected":false},"author":1,"featured_media":80762,"comment_status":"open","ping_status":"open","sticky":false,"template":"","format":"standard","meta":{"footnotes":""},"categories":[7,22,11,4,12,19,5],"tags":[],"class_list":["post-80761","post","type-post","status-publish","format-standard","has-post-thumbnail","hentry","category-ciudad","category-ebano","category-estado","category-inicio","category-nacional","category-policia","category-politica"],"_links":{"self":[{"href":"https:\/\/amanecerhuasteco.com\/portal\/wp-json\/wp\/v2\/posts\/80761","targetHints":{"allow":["GET"]}}],"collection":[{"href":"https:\/\/amanecerhuasteco.com\/portal\/wp-json\/wp\/v2\/posts"}],"about":[{"href":"https:\/\/amanecerhuasteco.com\/portal\/wp-json\/wp\/v2\/types\/post"}],"author":[{"embeddable":true,"href":"https:\/\/amanecerhuasteco.com\/portal\/wp-json\/wp\/v2\/users\/1"}],"replies":[{"embeddable":true,"href":"https:\/\/amanecerhuasteco.com\/portal\/wp-json\/wp\/v2\/comments?post=80761"}],"version-history":[{"count":1,"href":"https:\/\/amanecerhuasteco.com\/portal\/wp-json\/wp\/v2\/posts\/80761\/revisions"}],"predecessor-version":[{"id":80763,"href":"https:\/\/amanecerhuasteco.com\/portal\/wp-json\/wp\/v2\/posts\/80761\/revisions\/80763"}],"wp:featuredmedia":[{"embeddable":true,"href":"https:\/\/amanecerhuasteco.com\/portal\/wp-json\/wp\/v2\/media\/80762"}],"wp:attachment":[{"href":"https:\/\/amanecerhuasteco.com\/portal\/wp-json\/wp\/v2\/media?parent=80761"}],"wp:term":[{"taxonomy":"category","embeddable":true,"href":"https:\/\/amanecerhuasteco.com\/portal\/wp-json\/wp\/v2\/categories?post=80761"},{"taxonomy":"post_tag","embeddable":true,"href":"https:\/\/amanecerhuasteco.com\/portal\/wp-json\/wp\/v2\/tags?post=80761"}],"curies":[{"name":"wp","href":"https:\/\/api.w.org\/{rel}","templated":true}]}}