{"id":81274,"date":"2023-03-14T21:07:57","date_gmt":"2023-03-15T03:07:57","guid":{"rendered":"http:\/\/amanecerhuasteco.com\/portal\/?p=81274"},"modified":"2023-03-14T21:07:57","modified_gmt":"2023-03-15T03:07:57","slug":"conagua-deja-sin-abasto-de-agua-a-la-cabecera-municipal-de-ebano","status":"publish","type":"post","link":"https:\/\/amanecerhuasteco.com\/portal\/conagua-deja-sin-abasto-de-agua-a-la-cabecera-municipal-de-ebano\/","title":{"rendered":"CONAGUA, deja sin abasto de agua a la cabecera municipal de \u00c9bano"},"content":{"rendered":"<div class=\"x1h91t0o xkh2ocl x78zum5 xdt5ytf x13a6bvl x1r145dm\" role=\"none\">\n<div class=\"x78zum5 xh8yej3\" role=\"none\">\n<div class=\"x78zum5 xdt5ytf x193iq5w x1n2onr6 xuk3077\">\n<div class=\"x78zum5 xh8yej3\" role=\"none\">\n<div class=\"x1tlxs6b x1g8br2z x1gn5b1j x230xth x14ctfv x1okitfd x6ikm8r x10wlt62 x1mzt3pk x1y1aw1k xn6708d xwib8y2 x1ye3gou x1n2onr6 x13faqbe x1vjfegm\" role=\"none\">\n<div class=\"x9f619 x1n2onr6 x1ja2u2z __fb-light-mode\" role=\"none\">\n<div dir=\"auto\" role=\"none\"><\/div>\n<div dir=\"auto\" role=\"none\">\u00c9bano.- La falta de agua en \u00c9bano no es culpa del Municipio, sino de Conagua, por fallas en sus equipos y bajos niveles en r\u00edo Tampa\u00f3n.<\/div>\n<div class=\"x6prxxf x1fc57z9 x1yc453h x126k92a x14ctfv\" dir=\"auto\" role=\"none\">\u00a0C\u00e9sar L\u00f3pez Salda\u00f1a, regidor de este municipio dijo que la Direcci\u00f3n de Agua Potable local se encuentra al 100 por ciento de sus capacidades, pero que el sistema de rebombeo de El Porvenir-Chapacao es el que no tiene agua y ese es un asunto de Conagua, afirm\u00f3.<\/div>\n<div dir=\"auto\" role=\"none\"><\/div>\n<div class=\"x6prxxf x1fc57z9 x1yc453h x126k92a x14ctfv\" dir=\"auto\" role=\"none\">Agrego, que el rebombeo de referencia est\u00e1 en el municipio de Tamu\u00edn y extrae agua de El Tampa\u00f3n, que es un afluente que, desde hace unos a\u00f1os, ha disminuido su corriente de manera dram\u00e1tica por la prolongada sequ\u00eda.<\/div>\n<div dir=\"auto\" role=\"none\"><\/div>\n<div class=\"x6prxxf x1fc57z9 x1yc453h x126k92a x14ctfv\" dir=\"auto\" role=\"none\">El regidor manifest\u00f3 que la DAPAS de \u00c9bano \u00abest\u00e1 apoyando con pipas a la gente que le hace falta\u00bb y que el asunto recae en Conagua, porque es la rectora de los cuerpos de agua de la naci\u00f3n.<\/div>\n<div dir=\"auto\" role=\"none\"><\/div>\n<div class=\"x6prxxf x1fc57z9 x1yc453h x126k92a x14ctfv\" dir=\"auto\" role=\"none\">La crisis del agua en \u00c9bano ha alcanzado a casi todas las familias, puesto que las que no tienen aljibes o contenci\u00f3n es de varios metros c\u00fabicos, se quedan sin el recurso h\u00eddrico casi a diario.<\/div>\n<\/div>\n<\/div>\n<\/div>\n<\/div>\n<\/div>\n<div class=\"x1h91t0o xkh2ocl x78zum5 xdt5ytf x13a6bvl x193iq5w x1c4vz4f xcrg951\" role=\"none\"><\/div>\n<\/div>\n<div class=\"x1h91t0o xkh2ocl x78zum5 xdt5ytf x13a6bvl x193iq5w x1c4vz4f xcrg951\" role=\"none\"><\/div>\n<div class=\"x78zum5 x1iyjqo2 xs83m0k xeuugli x15zctf7\" role=\"none\"><\/div>\n<div class=\"x1h91t0o xkh2ocl x78zum5 xdt5ytf x13a6bvl x193iq5w x1c4vz4f xcrg951\" role=\"none\"><\/div>\n<div class=\"xcrg951 xh8yej3\" role=\"none\"><\/div>\n<div class=\"x78zum5 xdt5ytf x1iyjqo2 x6ikm8r x10wlt62\"><\/div>\n<div class=\"xqtp20y x1n2onr6 xh8yej3\"><\/div>\n<div class=\"xuk3077 x78zum5 x6prxxf xz9dl7a xsag5q8\"><\/div>\n<div class=\"x6s0dn4 x1ey2m1c x78zum5 xl56j7k x10l6tqk x1vjfegm x1th4bbo x12nagc xw3qccf x3oybdh x1g2r6go x11xpdln\"><\/div>\n<div class=\"x6s0dn4 x1ey2m1c x78zum5 xl56j7k x10l6tqk x1vjfegm x5h36tt x12nagc xw3qccf x3oybdh x1g2r6go x11xpdln\"><\/div>\n<div class=\"x6s0dn4 x1ey2m1c x78zum5 xl56j7k x10l6tqk x1vjfegm x5w5eug x12nagc xw3qccf x3oybdh x1g2r6go x11xpdln\"><\/div>\n<div id=\"jsc_c_cm\" class=\"xzpqnlu x1hyvwdk xjm9jq1 x6ikm8r x10wlt62 x10l6tqk x1i1rx1s\">Escribe en David Flowers<\/div>\n<div class=\"xmjcpbm x107yiy2 xv8uw2v x1tfwpuw x2g32xy x9f619 x1iyjqo2 xeuugli\"><\/div>\n","protected":false},"excerpt":{"rendered":"<p>\u00c9bano.- La falta de agua en \u00c9bano no es culpa del Municipio, sino de Conagua, por fallas en sus equipos y bajos niveles en r\u00edo Tampa\u00f3n. \u00a0C\u00e9sar L\u00f3pez Salda\u00f1a, regidor de este municipio dijo que la Direcci\u00f3n de Agua Potable local se encuentra al 100 &hellip; <\/p>\n","protected":false},"author":1,"featured_media":81275,"comment_status":"open","ping_status":"open","sticky":false,"template":"","format":"standard","meta":{"footnotes":""},"categories":[22,11,4],"tags":[],"class_list":["post-81274","post","type-post","status-publish","format-standard","has-post-thumbnail","hentry","category-ebano","category-estado","category-inicio"],"_links":{"self":[{"href":"https:\/\/amanecerhuasteco.com\/portal\/wp-json\/wp\/v2\/posts\/81274","targetHints":{"allow":["GET"]}}],"collection":[{"href":"https:\/\/amanecerhuasteco.com\/portal\/wp-json\/wp\/v2\/posts"}],"about":[{"href":"https:\/\/amanecerhuasteco.com\/portal\/wp-json\/wp\/v2\/types\/post"}],"author":[{"embeddable":true,"href":"https:\/\/amanecerhuasteco.com\/portal\/wp-json\/wp\/v2\/users\/1"}],"replies":[{"embeddable":true,"href":"https:\/\/amanecerhuasteco.com\/portal\/wp-json\/wp\/v2\/comments?post=81274"}],"version-history":[{"count":1,"href":"https:\/\/amanecerhuasteco.com\/portal\/wp-json\/wp\/v2\/posts\/81274\/revisions"}],"predecessor-version":[{"id":81276,"href":"https:\/\/amanecerhuasteco.com\/portal\/wp-json\/wp\/v2\/posts\/81274\/revisions\/81276"}],"wp:featuredmedia":[{"embeddable":true,"href":"https:\/\/amanecerhuasteco.com\/portal\/wp-json\/wp\/v2\/media\/81275"}],"wp:attachment":[{"href":"https:\/\/amanecerhuasteco.com\/portal\/wp-json\/wp\/v2\/media?parent=81274"}],"wp:term":[{"taxonomy":"category","embeddable":true,"href":"https:\/\/amanecerhuasteco.com\/portal\/wp-json\/wp\/v2\/categories?post=81274"},{"taxonomy":"post_tag","embeddable":true,"href":"https:\/\/amanecerhuasteco.com\/portal\/wp-json\/wp\/v2\/tags?post=81274"}],"curies":[{"name":"wp","href":"https:\/\/api.w.org\/{rel}","templated":true}]}}