{"id":81281,"date":"2023-03-15T07:17:05","date_gmt":"2023-03-15T13:17:05","guid":{"rendered":"http:\/\/amanecerhuasteco.com\/portal\/?p=81281"},"modified":"2023-03-15T07:17:05","modified_gmt":"2023-03-15T13:17:05","slug":"slp-recibira-a-titulares-y-juristas-de-las-defensorias-publicas-estatales-de-todo-mexico-2","status":"publish","type":"post","link":"https:\/\/amanecerhuasteco.com\/portal\/slp-recibira-a-titulares-y-juristas-de-las-defensorias-publicas-estatales-de-todo-mexico-2\/","title":{"rendered":"SLP recibir\u00e1 a titulares y juristas de las defensor\u00edas p\u00fablicas estatales de todo M\u00e9xico"},"content":{"rendered":"<p><strong>\u00a0<\/strong><\/p>\n<ul>\n<li><strong>Del 15 al 17 de marzo, el Estado ser\u00e1 sede del Congreso Nacional de Defensor\u00edas P\u00fablicas Estatales<\/strong><\/li>\n<\/ul>\n<p>&nbsp;<\/p>\n<p>Gracias al impulso que el Gobierno del cambio de Ricardo Gallardo Cardona, ha dado a todas las \u00e1reas y rubros de la administraci\u00f3n estatal, del 15 al 17 de marzo San Luis Potos\u00ed ser\u00e1 sede del XXI Congreso Nacional de Defensor\u00edas P\u00fablicas, con la participaci\u00f3n de m\u00e1s de 300 participantes de todo M\u00e9xico.<\/p>\n<p>El titular de la Defensor\u00eda P\u00fablica Estatal, Jaime Arturo Guti\u00e9rrez Barrios, dio a conocer que est\u00e1 todo preparado para que San Luis Potos\u00ed reciba a las 32 defensor\u00edas del pa\u00eds que se encuentran afiliadas a la Asociaci\u00f3n Nacional de Defensor\u00edas P\u00fablicas Estatales (Anadepe), en el Centro de las Artes de San Luis Potos\u00ed.<\/p>\n<p>Para este XXI Congreso Nacional participar\u00e1n como conferencistas, integrantes de la Suprema Corte de Justicia de la Naci\u00f3n (SCJN); de la Corte Interamericana de Derechos Humanos (CIDH); las y los acad\u00e9micos; abogadas y abogados reconocidos en defensor\u00eda p\u00fablica tanto en M\u00e9xico como en Estados Unidos; adem\u00e1s de Ricardo Garc\u00eda el primer latino de origen mexicano en dirigir la Defensor\u00eda P\u00fablica de Los \u00c1ngeles, California, que se considera la m\u00e1s grande y con mayor atenci\u00f3n de casos a nivel internacional.<\/p>\n<p>Los temas por tratar son prisi\u00f3n preventiva, derechos humanos, debida defensa, entre otros; este evento coincide con la celebraci\u00f3n del D\u00eda Nacional de las y los Defensores P\u00fablicos, que ser\u00e1 el 10 de marzo. Este congreso cont\u00f3 con la participaci\u00f3n de la Agencia de los Estados Unidos para el Desarrollo Internacional (USAID) quien brinda apoyo a nuestro pa\u00eds en temas como la procuraci\u00f3n y administraci\u00f3n de justicia y evaluaciones en estos rubros.<\/p>\n","protected":false},"excerpt":{"rendered":"<p>\u00a0 Del 15 al 17 de marzo, el Estado ser\u00e1 sede del Congreso Nacional de Defensor\u00edas P\u00fablicas Estatales &nbsp; Gracias al impulso que el Gobierno del cambio de Ricardo Gallardo Cardona, ha dado a todas las \u00e1reas y rubros de la administraci\u00f3n estatal, del 15 &hellip; <\/p>\n","protected":false},"author":1,"featured_media":81282,"comment_status":"open","ping_status":"open","sticky":false,"template":"","format":"standard","meta":{"footnotes":""},"categories":[11,4],"tags":[],"class_list":["post-81281","post","type-post","status-publish","format-standard","has-post-thumbnail","hentry","category-estado","category-inicio"],"_links":{"self":[{"href":"https:\/\/amanecerhuasteco.com\/portal\/wp-json\/wp\/v2\/posts\/81281","targetHints":{"allow":["GET"]}}],"collection":[{"href":"https:\/\/amanecerhuasteco.com\/portal\/wp-json\/wp\/v2\/posts"}],"about":[{"href":"https:\/\/amanecerhuasteco.com\/portal\/wp-json\/wp\/v2\/types\/post"}],"author":[{"embeddable":true,"href":"https:\/\/amanecerhuasteco.com\/portal\/wp-json\/wp\/v2\/users\/1"}],"replies":[{"embeddable":true,"href":"https:\/\/amanecerhuasteco.com\/portal\/wp-json\/wp\/v2\/comments?post=81281"}],"version-history":[{"count":1,"href":"https:\/\/amanecerhuasteco.com\/portal\/wp-json\/wp\/v2\/posts\/81281\/revisions"}],"predecessor-version":[{"id":81283,"href":"https:\/\/amanecerhuasteco.com\/portal\/wp-json\/wp\/v2\/posts\/81281\/revisions\/81283"}],"wp:featuredmedia":[{"embeddable":true,"href":"https:\/\/amanecerhuasteco.com\/portal\/wp-json\/wp\/v2\/media\/81282"}],"wp:attachment":[{"href":"https:\/\/amanecerhuasteco.com\/portal\/wp-json\/wp\/v2\/media?parent=81281"}],"wp:term":[{"taxonomy":"category","embeddable":true,"href":"https:\/\/amanecerhuasteco.com\/portal\/wp-json\/wp\/v2\/categories?post=81281"},{"taxonomy":"post_tag","embeddable":true,"href":"https:\/\/amanecerhuasteco.com\/portal\/wp-json\/wp\/v2\/tags?post=81281"}],"curies":[{"name":"wp","href":"https:\/\/api.w.org\/{rel}","templated":true}]}}