{"id":81302,"date":"2023-03-15T07:46:08","date_gmt":"2023-03-15T13:46:08","guid":{"rendered":"http:\/\/amanecerhuasteco.com\/portal\/?p=81302"},"modified":"2023-03-15T07:46:08","modified_gmt":"2023-03-15T13:46:08","slug":"la-transformacion-educativa-requiere-trabajo-colectivo-mejoredu-sep-y-autoridades-educativas-estatales","status":"publish","type":"post","link":"https:\/\/amanecerhuasteco.com\/portal\/la-transformacion-educativa-requiere-trabajo-colectivo-mejoredu-sep-y-autoridades-educativas-estatales\/","title":{"rendered":"La transformaci\u00f3n educativa requiere trabajo colectivo: Mejoredu, SEP y autoridades educativas estatales"},"content":{"rendered":"<p>&nbsp;<\/p>\n<ul>\n<li><strong>Mejoredu organiz\u00f3 y puso en marcha <\/strong><strong>Reuni\u00f3n Nacional con Autoridades Educativas Estatales, que cont\u00f3 con titulares de dichas instancias<\/strong><\/li>\n<li><strong>La titular de la SEP, Leticia Ram\u00edrez Amaya, inaugura reuni\u00f3n y se\u00f1ala que la SEP impulsa una transformaci\u00f3n educativa de gran alcance<\/strong><\/li>\n<li><strong>La presidenta de la Mejoredu, Silvia Valle T\u00e9patl, llama a fortalecer y definir una agenda de pol\u00edtica nacional de mejora continua de la educaci\u00f3n<\/strong><\/li>\n<\/ul>\n<p>&nbsp;<\/p>\n<p>Con el prop\u00f3sito de avanzar en la definici\u00f3n de la Pol\u00edtica Nacional de Mejora Continua de la Educaci\u00f3n, hoy se llev\u00f3 a cabo la Reuni\u00f3n Nacional con Autoridades Educativas Estatales organizada por la Comisi\u00f3n Nacional para la Mejora Continua de la Educaci\u00f3n (Mejoredu), la cual fue inaugurada por la secretaria de Educaci\u00f3n P\u00fablica, Leticia Ram\u00edrez Amaya.<\/p>\n<p>&nbsp;<\/p>\n<p>Autoridades federales y los titulares de Educaci\u00f3n de las entidades del pa\u00eds dialogaron y deliberaron sobre c\u00f3mo impulsar la mejora del Sistema Educativo Nacional, adem\u00e1s de identificar los avances y retos en esta materia.<\/p>\n<p>&nbsp;<\/p>\n<p>La secretaria de Educaci\u00f3n P\u00fablica, Leticia Ram\u00edrez Amaya, resalt\u00f3 que el Gobierno de M\u00e9xico, por medio de la SEP, impulsa una transformaci\u00f3n educativa de gran alcance con el nuevo Plan de Estudios para Educaci\u00f3n Preescolar, Primaria y Secundaria, a trav\u00e9s de los Consejos T\u00e9cnicos Escolares (CTE).<\/p>\n<p>&nbsp;<\/p>\n<p>Luego de inaugurar la reuni\u00f3n, agreg\u00f3 que se reafirma y promueve el respeto hacia los dem\u00e1s a partir de la confianza y el di\u00e1logo, que facilita los acuerdos y la colaboraci\u00f3n e impulsa el desarrollo de sociedades fuertes, libres y justas, porque esa es la verdadera ruta para contribuir a una convivencia nacional pac\u00edfica, c\u00edvica, con libertad, paz, dignidad, seguridad, donde quepamos todas y todos sin distingos y con dignidad.<\/p>\n<p>&nbsp;<\/p>\n<p>Dijo que el encuentro forma parte de las tareas para contribuir a garantizar la equidad y la excelencia de los servicios educativos prestados por el Estado y los particulares, para favorecer el desarrollo integral de las y los estudiantes.<\/p>\n<p>&nbsp;<\/p>\n<p>En este proceso, agreg\u00f3, Mejoredu es una instituci\u00f3n clave, mediante la organizaci\u00f3n y seguimiento de estos espacios de di\u00e1logo, as\u00ed como a trav\u00e9s de los distintos proyectos y desarrollos que ha impulsado, como la emisi\u00f3n de lineamientos, criterios, programas y la generaci\u00f3n de conocimiento e informaci\u00f3n de la educaci\u00f3n, a trav\u00e9s de estudios y propuestas de evaluaciones e indicadores. As\u00ed, juntos, la autoridad educativa federal, las autoridades locales y Mejoredu, aspiramos a construir una educaci\u00f3n de excelencia, finaliz\u00f3.<\/p>\n<p>&nbsp;<\/p>\n<p>En presencia de titulares y representantes de autoridades educativas estatales, la comisionada presidenta de la Junta directiva, Silvia Valle T\u00e9patl, llam\u00f3 a fortalecer y definir una agenda de pol\u00edtica nacional de mejora continua de la educaci\u00f3n, mediante acciones coordinadas entre todos los actores educativos del pa\u00eds.<\/p>\n<p>&nbsp;<\/p>\n<p>Agradeci\u00f3 la disposici\u00f3n de la secretaria de Educaci\u00f3n P\u00fablica, Leticia Ram\u00edrez Amaya, y de las autoridades educativas estatales para trabajar, hombro con hombro, y de manera interinstitucional, para garantizar la mejora continua de la educaci\u00f3n en cada rinc\u00f3n del pa\u00eds.<\/p>\n<p>&nbsp;<\/p>\n<p>Resalt\u00f3 que, desde cada una de nuestras trincheras, debemos contribuir al reconocimiento del trabajo de las y los maestros mexicanos, recuperando sus saberes, conocimientos y experiencia cotidiana en el aula y la escuela.\u00a0 Se\u00f1al\u00f3 que el cambio y la transformaci\u00f3n educativa s\u00f3lo ser\u00e1n posibles mediante la interlocuci\u00f3n constante de todos los actores, en un marco com\u00fan de lo que significa educar y mejorar.<\/p>\n<p>&nbsp;<\/p>\n<p>Finalmente, coment\u00f3 que la mejora depende de la sinergia, o como dir\u00edan los te\u00f3ricos del cambio educativo, de la adaptaci\u00f3n mutua y el trabajo colaborativo entre los distintos espacios estructurales del sistema educativo. La uni\u00f3n es lo que nos permitir\u00e1 arribar a buen puerto.<\/p>\n<p>&nbsp;<\/p>\n","protected":false},"excerpt":{"rendered":"<p>&nbsp; Mejoredu organiz\u00f3 y puso en marcha Reuni\u00f3n Nacional con Autoridades Educativas Estatales, que cont\u00f3 con titulares de dichas instancias La titular de la SEP, Leticia Ram\u00edrez Amaya, inaugura reuni\u00f3n y se\u00f1ala que la SEP impulsa una transformaci\u00f3n educativa de gran alcance La presidenta de &hellip; <\/p>\n","protected":false},"author":1,"featured_media":81303,"comment_status":"open","ping_status":"open","sticky":false,"template":"","format":"standard","meta":{"footnotes":""},"categories":[7,11,4],"tags":[],"class_list":["post-81302","post","type-post","status-publish","format-standard","has-post-thumbnail","hentry","category-ciudad","category-estado","category-inicio"],"_links":{"self":[{"href":"https:\/\/amanecerhuasteco.com\/portal\/wp-json\/wp\/v2\/posts\/81302","targetHints":{"allow":["GET"]}}],"collection":[{"href":"https:\/\/amanecerhuasteco.com\/portal\/wp-json\/wp\/v2\/posts"}],"about":[{"href":"https:\/\/amanecerhuasteco.com\/portal\/wp-json\/wp\/v2\/types\/post"}],"author":[{"embeddable":true,"href":"https:\/\/amanecerhuasteco.com\/portal\/wp-json\/wp\/v2\/users\/1"}],"replies":[{"embeddable":true,"href":"https:\/\/amanecerhuasteco.com\/portal\/wp-json\/wp\/v2\/comments?post=81302"}],"version-history":[{"count":1,"href":"https:\/\/amanecerhuasteco.com\/portal\/wp-json\/wp\/v2\/posts\/81302\/revisions"}],"predecessor-version":[{"id":81304,"href":"https:\/\/amanecerhuasteco.com\/portal\/wp-json\/wp\/v2\/posts\/81302\/revisions\/81304"}],"wp:featuredmedia":[{"embeddable":true,"href":"https:\/\/amanecerhuasteco.com\/portal\/wp-json\/wp\/v2\/media\/81303"}],"wp:attachment":[{"href":"https:\/\/amanecerhuasteco.com\/portal\/wp-json\/wp\/v2\/media?parent=81302"}],"wp:term":[{"taxonomy":"category","embeddable":true,"href":"https:\/\/amanecerhuasteco.com\/portal\/wp-json\/wp\/v2\/categories?post=81302"},{"taxonomy":"post_tag","embeddable":true,"href":"https:\/\/amanecerhuasteco.com\/portal\/wp-json\/wp\/v2\/tags?post=81302"}],"curies":[{"name":"wp","href":"https:\/\/api.w.org\/{rel}","templated":true}]}}