{"id":82,"date":"2009-07-01T14:10:23","date_gmt":"2009-07-01T20:10:23","guid":{"rendered":"http:\/\/amanecerhuasteco.com\/portal\/2009\/07\/01\/sesion-ordinaria-de-cabildo-no-56\/"},"modified":"2009-07-01T14:10:23","modified_gmt":"2009-07-01T20:10:23","slug":"sesion-ordinaria-de-cabildo-no-56","status":"publish","type":"post","link":"https:\/\/amanecerhuasteco.com\/portal\/sesion-ordinaria-de-cabildo-no-56\/","title":{"rendered":"SESI\u00d3N ORDINARIA DE CABILDO No. 56"},"content":{"rendered":"<p style=\"text-align: center\" class=\"MsoBodyText\" align=\"center\"><strong><span style=\"font-family: 'Arial','sans-serif'; color: #111111\">DEL D\u00cdA LUNES 29 DE JUNIO DEL A\u00d1O 2009<\/span><\/strong><\/p>\n<p class=\"MsoNormal\"><span style=\"font-size: 2pt; font-family: 'Arial','sans-serif'\">\u00a0<\/span><\/p>\n<p class=\"MsoNormal\"><span style=\"font-size: 8pt; font-family: 'Arial','sans-serif'\">\u00a0<\/span><\/p>\n<p class=\"MsoNormal\"><span style=\"font-size: 5pt; font-family: 'Arial','sans-serif'\">\u00a0<\/span><\/p>\n<p style=\"text-align: center\" class=\"MsoNormal\" align=\"center\"><strong><u><span style=\"font-size: 14pt; font-family: 'Arial','sans-serif'\">A C U E R D O S<\/span><\/u><\/strong><\/p>\n<p style=\"text-align: center\" class=\"MsoNormal\" align=\"center\"><strong><u><span style=\"font-size: 5pt; font-family: 'Arial','sans-serif'\"><span style=\"text-decoration: none\">\u00a0<\/span><\/span><\/u><\/strong><\/p>\n<p style=\"text-align: justify\" class=\"MsoNormal\"><strong><span style=\"font-size: 6pt; font-family: 'Arial','sans-serif'; color: red\">\u00a0<\/span><\/strong><\/p>\n<p style=\"margin-left: 18pt; text-align: justify; text-indent: -18pt\" class=\"MsoNormal\"><strong><span style=\"font-size: 12pt; font-family: 'Tahoma','sans-serif'\"><span>1.<span style=\"font-family: 'Times New Roman'; font-style: normal; font-variant: normal; font-weight: normal; font-size: 7pt; line-height: normal; font-size-adjust: none; font-stretch: normal\">\u00a0\u00a0 <\/span><\/span><\/span><\/strong><strong><span style=\"font-size: 8pt; font-family: 'Arial','sans-serif'\">SE APROBO POR MAYORIA Y CON DOS VOTOS EN CONTRA <\/span><\/strong><span style=\"font-size: 8pt; font-family: 'Arial','sans-serif'\">EL INFORME DE TESORERIA MUNICIPAL CONSOLIDADO<strong> DEL MES DE MAYO DEL A\u00d1O 2009, INCLUYENDO RAMO 033.<span>\u00a0\u00a0 <\/span><\/strong><\/span><\/p>\n<p style=\"text-align: justify\" class=\"MsoNormal\"><strong><span style=\"font-size: 8pt; font-family: 'Arial','sans-serif'\">\u00a0<\/span><\/strong><\/p>\n<p style=\"text-align: center\" class=\"MsoNormal\" align=\"center\"><strong><u><span style=\"font-size: 8pt; font-family: 'Arial','sans-serif'\">ASUNTOS GENERALES<\/span><\/u><\/strong><\/p>\n<p style=\"text-align: center\" class=\"MsoNormal\" align=\"center\"><strong><u><span style=\"font-size: 8pt; font-family: 'Arial','sans-serif'\"><span style=\"text-decoration: none\">\u00a0<\/span><\/span><\/u><\/strong><\/p>\n<p style=\"margin-left: 18pt; text-align: justify; text-indent: -18pt\" class=\"MsoNormal\"><strong><span style=\"font-size: 12pt; font-family: 'Tahoma','sans-serif'\"><span>2.<span style=\"font-family: 'Times New Roman'; font-style: normal; font-variant: normal; font-weight: normal; font-size: 7pt; line-height: normal; font-size-adjust: none; font-stretch: normal\">\u00a0\u00a0 <\/span><\/span><\/span><\/strong><strong><span style=\"font-size: 8pt; font-family: 'Arial','sans-serif'\">SE APROB\u00d3 POR UNANIMIDAD LA SOLICITUD <span style=\"font-weight: normal\">QUE<\/span><span style=\"font-weight: normal\"> FORMUL\u00d3 AL H. CABILDO, LA C.P.  ROCIO AVALOS FLORES, TESORERA MUNICIPAL, QUE CONSISTE EN LA CONDONACION DEL 100% EN MULTAS Y RECARGOS POR LOS MESES DE JULIO, AGOSTO Y SEPTIEMBRE DE 2009 EN MULTAS Y RECARGOS DEL IMPUESTO PREDIAL, CUANDO EL PAGO SEA ESPONTANEO, ES DECIR, QUE NO SE ENCUENTRE NOTIFICADO EL ADEUDO O CELEBRADO CONVENIO CON TESORERIA MUNICIPAL.<\/span><\/span><\/strong><\/p>\n<p style=\"text-align: justify\" class=\"MsoNormal\"><span style=\"font-size: 8pt; font-family: 'Arial','sans-serif'\">\u00a0<\/span><\/p>\n<p style=\"margin-left: 17.85pt; text-align: justify\" class=\"MsoNormal\"><span style=\"font-size: 8pt; font-family: 'Arial','sans-serif'\">CONDONACION DEL 80%, 70% Y 60% SI SE TRATA DE MULTAS Y RECARGOS DEL IMPUESTO PREDIAL DE CONTRIBUYENTES QUE SE ENCUENTRE NOTIFICADOS O CON CONVENIO CELEBRADO CON LA TESORERIA MUNICIPAL A LA FECHA QUE SE FUERE A REALIZAR EL PAGO Y DICHO PORCENTAJE APLICARA EN JULIO, AGOSTO Y SEPTIEMBRE DE 2009, RESPECTIVAMENTE. <\/span><\/p>\n<p style=\"margin-left: 17.85pt; text-align: justify\" class=\"MsoNormal\"><span style=\"font-family: 'Arial','sans-serif'\">\u00a0<\/span><\/p>\n<p style=\"margin-left: 18pt; text-align: justify; text-indent: -18pt\" class=\"MsoNormal\"><strong><span style=\"font-size: 12pt; font-family: 'Tahoma','sans-serif'\"><span>3.<span style=\"font-family: 'Times New Roman'; font-style: normal; font-variant: normal; font-weight: normal; font-size: 7pt; line-height: normal; font-size-adjust: none; font-stretch: normal\">\u00a0\u00a0 <\/span><\/span><\/span><\/strong><strong><span style=\"font-size: 8pt; font-family: 'Arial','sans-serif'\">SE APROB\u00d3 POR MAYORIA Y CON DOS VOTOS EN CONTRA LA <span style=\"font-weight: normal\">SOLICITUD  QUE<\/span><span style=\"font-weight: normal\"> FORMUL\u00d3 AL H. CABILDO, EL C.P. R\u00d3MULO GARZA MART\u00cdNEZ, PRESIDENTE MUNICIPAL CONSTITUCIONAL, QUE CONSISTE EN FACULTAR AL AYUNTAMIENTO PARA LA CONFORMACION DEL <\/span>CONSEJO MUNICIPAL DE AHORRO ENERGETICO<\/span><\/strong><span style=\"font-size: 8pt; font-family: 'Arial','sans-serif'\"> MISMO QUE TENDRA EN SUS ATRIBUCIONES EL IMPLEMENTAR, VIGILAR Y PROPONER FORMAS TECNICAS Y DESARROLLOS QUE PERMITAN EL AHORRO EN EL GASTO ENERGETICO EN EL MUNICIPIO<\/span><\/p>\n<p style=\"text-align: justify\" class=\"MsoNormal\"><span style=\"font-size: 8pt; font-family: 'Arial','sans-serif'\">\u00a0<\/span><\/p>\n<p>  <strong><span style=\"font-size: 8pt; font-family: 'Arial','sans-serif'\">SE APROB\u00d3 POR UNANIMIDAD <\/span><\/strong><span style=\"font-size: 8pt; font-family: 'Arial','sans-serif'\">SOLICITUD QUE FORMUL\u00d3 AL H. CABILDO, <span>EL ING. VICTOR MANUEL SANTOS GONZALEZ<\/span>, <span>PARA QUE DICHO CUERPO COLEGIADO LE AUTORICE EN SU CASO LA <strong>PRORROGA<\/strong><strong> DE<\/strong><strong> LICENCIA COMO REGIDOR CONSTITUCIONAL HASTA EL DIA 30 DE SEPTIEMBRE DE 2009<\/strong><\/span><strong>.<\/strong><\/span><\/p>\n","protected":false},"excerpt":{"rendered":"<p>DEL D\u00cdA LUNES 29 DE JUNIO DEL A\u00d1O 2009 \u00a0 \u00a0 \u00a0 A C U E R D O S \u00a0 \u00a0 1.\u00a0\u00a0 SE APROBO POR MAYORIA Y CON DOS VOTOS EN CONTRA EL INFORME DE TESORERIA MUNICIPAL CONSOLIDADO DEL MES DE MAYO DEL A\u00d1O &hellip; <\/p>\n","protected":false},"author":1,"featured_media":17874,"comment_status":"open","ping_status":"open","sticky":false,"template":"","format":"standard","meta":{"footnotes":""},"categories":[17],"tags":[],"class_list":["post-82","post","type-post","status-publish","format-standard","has-post-thumbnail","hentry","category-colaboraciones"],"_links":{"self":[{"href":"https:\/\/amanecerhuasteco.com\/portal\/wp-json\/wp\/v2\/posts\/82","targetHints":{"allow":["GET"]}}],"collection":[{"href":"https:\/\/amanecerhuasteco.com\/portal\/wp-json\/wp\/v2\/posts"}],"about":[{"href":"https:\/\/amanecerhuasteco.com\/portal\/wp-json\/wp\/v2\/types\/post"}],"author":[{"embeddable":true,"href":"https:\/\/amanecerhuasteco.com\/portal\/wp-json\/wp\/v2\/users\/1"}],"replies":[{"embeddable":true,"href":"https:\/\/amanecerhuasteco.com\/portal\/wp-json\/wp\/v2\/comments?post=82"}],"version-history":[{"count":0,"href":"https:\/\/amanecerhuasteco.com\/portal\/wp-json\/wp\/v2\/posts\/82\/revisions"}],"wp:featuredmedia":[{"embeddable":true,"href":"https:\/\/amanecerhuasteco.com\/portal\/wp-json\/wp\/v2\/media\/17874"}],"wp:attachment":[{"href":"https:\/\/amanecerhuasteco.com\/portal\/wp-json\/wp\/v2\/media?parent=82"}],"wp:term":[{"taxonomy":"category","embeddable":true,"href":"https:\/\/amanecerhuasteco.com\/portal\/wp-json\/wp\/v2\/categories?post=82"},{"taxonomy":"post_tag","embeddable":true,"href":"https:\/\/amanecerhuasteco.com\/portal\/wp-json\/wp\/v2\/tags?post=82"}],"curies":[{"name":"wp","href":"https:\/\/api.w.org\/{rel}","templated":true}]}}