{"id":82130,"date":"2023-04-02T11:08:19","date_gmt":"2023-04-02T17:08:19","guid":{"rendered":"http:\/\/amanecerhuasteco.com\/portal\/?p=82130"},"modified":"2023-04-02T11:08:19","modified_gmt":"2023-04-02T17:08:19","slug":"entre-columnas-559","status":"publish","type":"post","link":"https:\/\/amanecerhuasteco.com\/portal\/entre-columnas-559\/","title":{"rendered":"ENTRE COLUMNAS"},"content":{"rendered":"<p><strong><b>\u00a0<\/b><\/strong><strong><b>VEHICULOS \u201cCHOCOLATE \u00a0SERAN REGULARIZADOS EN SAN LUIS POTOSI.<\/b><\/strong><\/p>\n<p><strong><b>Se emite Decreto Oficial para<\/b><\/strong><strong><b>\u00a0regularizar autos chocolate en SLP<\/b><\/strong><\/p>\n<p>Este\u00a031\u00a0de marzo, se publica nuevo decreto donde incluye al estado potosino para contar con este beneficio.<\/p>\n<p>En la \u00a0entidad potosina se regularizar\u00e1n \u00a0los llamados veh\u00edculos chocolate; este viernes 31 de marzo se publico\u00a0el decreto que permitiendo \u00a0la regularizaci\u00f3n de veh\u00edculos usados de procedencia extranjera en el que, a la par de varias entidades fronterizas, se incluye al estado potosino.<\/p>\n<p>El documento oficial se emiti\u00f3 este viernes 31, el Gobierno de M\u00e9xico est\u00e1 obligado a implementar y continuar con estrategias que mejoren el bienestar de la poblaci\u00f3n, otorguen certeza jur\u00eddica, protejan el patrimonio familiar y garanticen la seguridad p\u00fablica, como la regularizaci\u00f3n de veh\u00edculos usados de procedencia extranjera que no han tramitado su importaci\u00f3n definitiva, es decir, no han acreditado su legal estancia en el pa\u00eds.<\/p>\n<p>El mismo decreto incluye \u00a0a estados de la zona centro del pa\u00eds como San Luis Potos\u00ed y Tlaxcala, debido a que se tiene un alto \u00edndice de poblaci\u00f3n migrante a los Estados Unidos de Am\u00e9rica o Canad\u00e1, lo que ha propiciado que un n\u00famero considerable de veh\u00edculos usados de procedencia extranjera se concentre de manera irregular en dichos estados, por lo que, es necesario que se incluyan en el programa de regularizaci\u00f3n. No es \u00a0oficial la tarifa de costos \u00a0pero extraoficialmente se especul\u00f3 \u00a0que podr\u00eda \u00a0ser de 2,500 pesos por unidad y el recurso se \u00a0destinar\u00e1 a los municipios para obras de pavimentaci\u00f3n .<\/p>\n<p>LOS \u00a0REQUISITOS SON:<\/p>\n<p>La fctura y el \u00a0propietario que realice el tr\u00e1mite de regularizaci\u00f3n debe ser persona f\u00edsica, mayor de edad, residente en el territorio de los estados antes se\u00f1alados. El presente decreto se mantiene vigente hasta el 30 de junio de 2023.<\/p>\n<p>++++++++++++++<\/p>\n<p>AMLO VIENE \u00a0EN ABRIL A LA HUASTECA.<\/p>\n<p>&nbsp;<\/p>\n<p><strong><b>En la primera quincena de abril \u00a0el Presidente AMLO \u00a0visitar\u00e1 \u00a0de \u00a0nueva \u00a0cuenta la Huasteca Potosina, confirm\u00f3 el gobernador del estado para supervisar <\/b><\/strong><strong><b>la remodelaci\u00f3n a \u00a0la calidad de \u00a0autopista \u00a0el tramo de la carretera 85 \u00a0de Valles a \u00a0Tamazunchale, y a la capital, para revisi\u00f3n de temas de salud.<\/b><\/strong><\/p>\n<p><strong><b>\u00a0<\/b><\/strong><\/p>\n<p>&nbsp;<\/p>\n<p>El Presidente de M\u00e9xico, Andr\u00e9s Manuel L\u00f3pez Obrador, supervisar\u00e1 el avance de diversos proyectos de infraestructura, entre ellos la ampliaci\u00f3n y modernizaci\u00f3n de la carretera Ciudad Valles-Tamazunchale, el Gobierno de M\u00e9xico invierte recursos por tres mil millones de pesos en diversas etapas de la nueva carretera 85 \u00a0Ciudad Valles-Tamazunchale, para rehabilitar cerca de 90 kil\u00f3metros, que mejora la seguridad y la movilidad.<\/p>\n<p>++++++++++++++++++<\/p>\n<p>CARROCERIAS \u00a0BUSTOS<\/p>\n<p>Reforma y Lerdo de tejada Col. Altavista.<\/p>\n<p>Cd Valles SLP \u00a0Tel. 3824777.<\/p>\n<p>En carrocer\u00edas para camiones y camionetas nadie nos compite<\/p>\n<p>+++++++++++++++++++<\/p>\n<p>Participaciones \u00a0a municipios\u00a02023<\/p>\n<p>De acuerdo con los recursos del Ramo General 33 calendarizados en el Presupuesto de Egresos para 2023, la capital de San Luis Potos\u00ed recibir\u00e1 930.3 millones de pesos con un aumento de 145.7 millones de pesos; Soledad de Graciano S\u00e1nchez, 340.5 millones de pesos con aumento de 53.3 millones; Ciudad Valles, 267.3 millones de pesos con aumento de 41.8; Matehuala, 136.6 millones de pesos y un aumento de 19.3; Rioverde, 185.4 millones de pesos con un aumento de 28.2 millones y Tamazunchale, 300.3 millones de pesos con aumento de 43.8 millones; lo anterior en comparativa respecto a los recursos calendarizados para el ejercicio inmediato anterior.<\/p>\n<p>El total de recursos del Fortamun asciende a dos mil 500 millones, 39 mil 919 pesos y se deber\u00e1 destinar a la satisfacci\u00f3n de sus requerimientos, dando prioridad al cumplimiento de sus obligaciones financieras, al pago de derechos y aprovechamientos por concepto de agua, descargas de aguas residuales, a la modernizaci\u00f3n de los sistemas de recaudaci\u00f3n locales, mantenimiento de infraestructura y a la atenci\u00f3n de las necesidades directamente vinculadas con la seguridad p\u00fablica de sus habitantes.<\/p>\n<p>Por su parte, el Faismun asciende a dos mil 799 millones 370 mil 98 pesos y se destinar\u00e1 al financiamiento de obras, acciones sociales b\u00e1sicas, y a inversiones que beneficien a la poblaci\u00f3n en pobreza extrema, localidades con alto o muy alto nivel de rezago social, y en las zonas de atenci\u00f3n prioritaria; en los rubros de agua potable, alcantarillado, drenaje y letrinas, urbanizaci\u00f3n, electrificaci\u00f3n rural y de colonias pobres, infraestructura b\u00e1sica del sector salud y educativo, mejoramiento de vivienda, as\u00ed como mantenimiento de infraestructura, con lo que se fortalecer\u00e1n las acciones para la construcci\u00f3n del nuevo San Luis Potos\u00ed.<\/p>\n<p>++++++++++++++<\/p>\n<p>TELEFONO GRATUITO<\/p>\n<p>PARA AGENDAR CITA \u00a0AL IMSS<\/p>\n<p>Al final del anuncio\u2026\u2026.<\/p>\n<p>++++++<\/p>\n<p>EST\u00c1 \u00a0URGIDO DE DINERO?<\/p>\n<p>Pr\u00e9stamos \u00a0\u00a0\u00a0de \u00a0dinero inmediatos a pensionados \u00a0\u00a0CFE, ISSSTE.FFCC, SCT, PEMEX, \u00a0ACTIVOS Y JUBILADOS \u00a0IMSS \u00a0\u00a0SIN AFECTAR TARJETON. \u00a0\u00a0\u00a0Ll\u00e1menos las \u00a024 hrs del d\u00eda \u00a04811039565\u2026.. CREDITO INMEDIATO \u00a0\u00a0\u00a0\u00a0Tel. gratuito del IMSS \u00a0800 681 2525<\/p>\n<p>+++++++++++++<\/p>\n<p>ATENCION<\/p>\n<p>En espacios cerrados, mantente puesto el cubrebocas y si estas al aire libre y te lo quitas, recuerda mantener una distancia de al menos 2 metros de otras personas.<\/p>\n<p>La pandemia no ha terminado; mant\u00e9n las medidas de prevenci\u00f3n y \u00a1corta el contagio!<\/p>\n<p>QFB \u00a0FABIOLA GARCIA ALVAREZ<\/p>\n<p>Perito dictaminador en an\u00e1lisis bacteriol\u00f3gico de agua y alimentos con n\u00famero GES-PD 0705<\/p>\n<p>Perito dictaminador en \u00a0estupefacientes GES-PD0523<\/p>\n<p>Maestr\u00eda \u00a0en an\u00e1lisis cl\u00ednicos 1301 \u2013 368068<\/p>\n<p>Ced \u00a0prof \u00a08664204 \u00a0\u00a0Tel. 38 1 66 64<\/p>\n<p>Asesor\u00eda, \u00a0auditor\u00eda \u00a0y gesti\u00f3n ambiental.<\/p>\n<ol>\n<li>Victoria No. 8 \u00a0zona centro Cd Valles SLP.<\/li>\n<\/ol>\n<p>++++++++++++++<\/p>\n<p>&nbsp;<\/p>\n<p>CONTRALORA MUNICIPAL, SE FUE, SE FUE \u00a0PA \u00a0LA\u2026..DAPAS.<\/p>\n<p>&nbsp;<\/p>\n<p>-Nuevo \u00a0contralor interno del municipio, es hijo de exalcalde de Tamuin, sujeto a proceso por desvi\u00f3 de recursos p\u00fablicos.<\/p>\n<p>&nbsp;<\/p>\n<p>Hay \u00a0algo que \u00a0no enroca \u00a0bien \u00a0en los \u00a0recientes cambios ordenados por el alcalde, \u00a0renuncia la contralora Interna Salma Maressa Villegas Melgarejo,\u00a0(panista de hueso) y quien estuvo trabajando en el mismo cargo en el municipio de Tamasopo por recomendaciones de directivos del PAN,\u00a0la cual qued\u00f3 efectiva a partir del pasado 26 \u00a0y \u00a0reaparece con el mismo cargo en la Dapas \u00a0y \u00a0renuncia a su vez del Contador P\u00fablico Jorge Eduardo Nieto S\u00e1nchez, al puesto de Contralor Interno adscrito a la Direcci\u00f3n de Agua Potable y Alcantarillado de Ciudad Valles.<\/p>\n<p>&nbsp;<\/p>\n<p>Si bien el organismo operador \u00a0es independiente en su estructura y operaciones, la renuncia \u00a0del contralor adscrito \u00a0corresponde \u00a0a la Junta de Gobierno de la Dapas, (quienes integran esa Junta)\u00a0\u00a0aceptarla o negarla \u00a0y no a los regidores como lo dice la \u00a0nota informativa del municipio.<\/p>\n<p>&nbsp;<\/p>\n<p>En fin, pronto se sabr\u00e1 \u00a0qu\u00e9 \u00a0enjuagues \u00a0se \u00a0traen a medio tramo \u00a0del camino y el prop\u00f3sito del titular del palacio \u00a0a reelegirse.<\/p>\n<p>&#8212;<\/p>\n<p>&nbsp;<\/p>\n<p>&nbsp;<\/p>\n<p>HIJO DE EXALCALDE DE TAMUIN RAFAEL RODRIGUEZ ES DESGINADO CONTRALOR INTERNO EN CIUDAD VALLES<\/p>\n<p>&nbsp;<\/p>\n<p>&#8211; EXALCALDE QUE AUN SIGUE SUJETO A INVESTIGACI\u00d3N POR LA ASF Y ASE POR SAQUEO DE MILLONES DE PESOS AL AYUNTAMIENTO DE TAMUIN<\/p>\n<p>&nbsp;<\/p>\n<p>&nbsp;<\/p>\n<p>El mun\u00edcipe \u00a0design\u00f3 \u00a0al abogado<\/p>\n<p>Francisco Rafael Rodr\u00edguez Aguilar como nuevo Contralor Interno del Ayuntamiento, y el cabildo \u00a0aprob\u00f3 sin chistar.<\/p>\n<p>&nbsp;<\/p>\n<p>+++++++++++<\/p>\n<p>CARROCERIAS \u00a0BUSTOS<\/p>\n<p>Reforma y Lerdo de tejada Col. Altavista.<\/p>\n<p>Cd Valles SLP \u00a0Tel. 3824777.<\/p>\n<p>En carrocer\u00edas para camiones y camionetas nadie nos compite.<\/p>\n<p>++++++++++++++<\/p>\n<p>\u201cPONCHALLANTAS\u201d \u00a0APARECEN POR TODAS LAS CARRETERAS DE LA REGION.<\/p>\n<p>Ante la incidencia \u00a0de \u00a0aparici\u00f3n de \u00a0artefactos \u201cponchallantas\u201d \u00a0en las carreteras de la regi\u00f3n y el estado, el Congreso aprob\u00f3 la iniciativa de elevar a delito penado con prisi\u00f3n de \u00a02 \u00a0a 5 \u00a0a\u00f1os a \u00a0quien incurra \u00a0en \u00a0arrojar \u00a0estas para da\u00f1ar los neum\u00e1ticos de los veh\u00edculos, como se sabe \u00a0son \u00a0delincuentes quienes las arrojan cuando son perseguidos por las polic\u00edas y el ej\u00e9rcito, asi logran \u00a0da\u00f1ar las unidades \u00a0\u00a0y huir a salvo<\/p>\n<p>Por unanimidad, en Sesi\u00f3n Ordinaria, \u00a0los integrantes de la LXIII Legislatura aprobaron la reforma al C\u00f3digo Penal del Estado para tipificar como \u201cDelitos Contra la Seguridad Vial\u201d, la conducta de quien, arroje, coloque, o deposite en una v\u00eda p\u00fablica estatal o municipal, cualquier objeto como; abrojos, cuchillas, erizos, estrellas met\u00e1licas o de cualquier material, p\u00faas, picos, clavos, poncha\u00a0llantas, varillas, o cualquier otro instrumento similar, con el fin de da\u00f1ar u ocasionar un mal funcionamiento de los neum\u00e1ticos o cualquier parte de los veh\u00edculos de motor o veh\u00edculos impulsados exclusivamente por la fuerza humana que transitan por esas v\u00edas.<\/p>\n<p>En la Sesi\u00f3n Ordinaria estuvieron presentes el Secretario de Seguridad y Protecci\u00f3n Ciudadana del Estado, General Guzmar \u00c1ngel Gonz\u00e1lez Castillo; el General D.E.M. Mario Arturo Fuentes Guevara, Comandante de la XII Zona Militar; el\u00a0 Coordinador Estatal de la Guardia Nacional, General Luis Armando Maldonado Ruiz; as\u00ed como representantes del Poder Ejecutivo, y de la Delegaci\u00f3n Estatal de la Fiscal\u00eda General de la Rep\u00fablica.<\/p>\n<p>Se entiende por v\u00eda p\u00fablica a las calles, caminos, veredas, terracer\u00edas, avenidas, carreteras, autopistas o libramientos; este delito se sancionar\u00e1 con una pena de dos a cinco a\u00f1os de prisi\u00f3n y sanci\u00f3n pecuniaria de doscientos a quinientos d\u00edas del valor de la unidad de medida y actualizaci\u00f3n, m\u00e1s la reparaci\u00f3n del da\u00f1o.<\/p>\n<p>Adem\u00e1s, se establece que las penas se aumentar\u00e1n en dos terceras partes, cuando esta conducta sirva como medio para la comisi\u00f3n de cualquier otra tipificada como delito; afecte veh\u00edculos de cualquier instituci\u00f3n o cuerpo de seguridad p\u00fablica federal, estatal, o municipal, as\u00ed como de las fuerzas armadas, y que esta\u00a0 conducta afecte veh\u00edculos que prestan auxilio m\u00e9dico, vial, o de cualquier otra clase que se relacione con el servicio p\u00fablico.<\/p>\n<p>Tambi\u00e9n, en muchos de los eventos, los delincuentes despu\u00e9s de haber cometido un hecho tipificado por la ley como delito, colocan sobre la v\u00eda p\u00fablica objetos punzantes para da\u00f1ar o entorpecer el funcionamiento de los neum\u00e1ticos de las unidades que conducen los agentes de seguridad o policiacos y lograr sustraerse de la acci\u00f3n de la justicia.<\/p>\n<p>El dictamen reforma el art\u00edculo 287 en sus fracciones, I, y II, y en la Parte Especial la denominaci\u00f3n del T\u00edtulo D\u00e9cimo Octavo \u201cDelitos Contra la Seguridad de las V\u00edas de Comunicaci\u00f3n; Medios de Transporte; la Prestaci\u00f3n del Servicio de Transporte P\u00fablico de Pasajeros; Violaci\u00f3n de Correspondencia; y la Seguridad Vial\u201d; y adiciona, en la Parte Especial en su T\u00edtulo D\u00e9cimo Octavo el Cap\u00edtulo V \u201cDelitos Contra la Seguridad Vial\u201d, y los art\u00edculos, 364 BIS, y 364 \u00a0del C\u00f3digo Penal del Estado de San Luis Potos\u00ed.<\/p>\n<p>+++++<\/p>\n<p>ESTADO NO PUEDE INVERTIR \u00a0EN AEROPUERTO TAMUIN, ESTA CONCESIONADO A EMPRESA PARTICULAR.<\/p>\n<p>+.- La empresa \u00a0concesionaria \u00a0se \u00a0raja y no pondr\u00e1 un centavo para el proyecto.<\/p>\n<p>Amenos \u00a0que \u00a0el gobierno federal otorgue la concesi\u00f3n de operar y administrar el aeropuerto de Tamu\u00edn, cuyo proyecto de \u00a0remodelaci\u00f3n y ampliaci\u00f3n de la pista tiene el apoyo del gobierno de AMLO, \u00a0el Gobierno del Estado est\u00e1 imposibilitado de invertir \u00a0para el financiamiento de las obras porque \u00a0pertenece la terminal a una empresa particular que \u00a0la tiene bajo concesi\u00f3n y declara no tener \u201cun centavo\u201d \u00a0para participar \u00a0en el financiamiento.<\/p>\n<p>El Gobierno Gallardista \u00a0tiene especial inter\u00e9s \u00a0en \u00a0cumplir con el compromiso conjunto con \u00a0AMLO \u00a0para la \u00a0ampliaci\u00f3n del actual aeropuerto de Tamuin, pero reclama concesi\u00f3n de Aeropuerto de las Huastecas \u00a0para invertir mas \u00a0de 500 mdp \u00a0pero asegur\u00f3 que el estado no puede invertir \u00a0recursos millonarios en una obra concesionada a particulares, seg\u00fan el comunicado del pasado 8 de marzo.<\/p>\n<p>\u201cYa nos sentamos con la negociaci\u00f3n con los del aeropuerto.<\/p>\n<p>La concesionaria dice que no tiene ni un peso, que no pueden poner ni un peso.<\/p>\n<p>Nosotros nos estamos ofreciendo para hacer el aeropuerto con dinero estatal, pero ellos nos tienen que regresar la concesi\u00f3n y operarlo el Estado\u201d, asegur\u00f3 el ejecutivo. est\u00e1n a la espera de la respuesta y de ello depender\u00e1 que la obra pueda finalizarse en los tiempos que est\u00e1 prevista a nivel federal.<\/p>\n<p>\u201cEs para que se cumpla el compromiso del Presidente que ellos no pudieron cumplirlo, entonces ya se les hizo la propuesta y estamos a la espera de que digan si nos van a regresar la concesi\u00f3n y hacer el aeropuerto nuevo, porque no le podemos meter dinero como Estado a una concesionaria que no es nuestra.<\/p>\n<p>Es il\u00f3gico que lo hagamos cuando ellos tienen la concesi\u00f3n todav\u00eda. Nos tendr\u00edan que regresar la concesi\u00f3n y nosotros invertir ah\u00ed 500 millones de pesos con el Estado\u201d.<\/p>\n<p>Aunque en su momento se estableci\u00f3 que la concesionaria actual y Turismo Federal ser\u00edan quienes invertir\u00edan para la obra, el Gobernador aclar\u00f3 que ninguno cuenta con el capital suficiente que requiere \u00a0esta \u00a0magna obra \u201cEl dinero de Turismo Federal no lo tiene y la concesionaria, que era quien iba a poner 550 millones, ahora nos sali\u00f3 con la trastada que no tiene ni un solo peso. Va a ser una obra que no se va a echar a jalar si el Estado no le entra y la rescata. Vamos a rescatarla nosotros.<\/p>\n<p>San Luis tiene que tener un aeropuerto en la Huasteca, pero que nos regresen la concesi\u00f3n para que el Estado pueda operar y poder invertir ese dinero\u201d recalc\u00f3.<\/p>\n<p>++++++++++++++<\/p>\n<p>El sitio ideal para \u00a0sus fiestas\u2026<\/p>\n<p>\u201cFINCA \u00a0SAN ISIDRO\u201d<\/p>\n<p>Sal\u00f3n para fiestas de todo tipo.<\/p>\n<p>Carretera Valles \u2013 R\u00edo Verde Km. 8<\/p>\n<p>Contrataciones al Tel. 01 481 179 09<\/p>\n<p>Cd. Valles SLP M\u00e9xico.<\/p>\n<p>+++++++++++++++++++<\/p>\n<p>&nbsp;<\/p>\n<p>EX GOBERNADOR CARRERAS LOPEZ \u00a0SER\u00c1 INVESTIGADO.<\/p>\n<p>&nbsp;<\/p>\n<p>-Dice el diputado: Ren\u00e9 Oyarvide.<\/p>\n<p>&nbsp;<\/p>\n<p>Por parte del nuevo sexenio estatal, el equipo cercano al ex gobernador \u00a0es \u00a0investigado por una serie de irregularidades \u00a0encontradas y ahora el<\/p>\n<p>presidente de la Comisi\u00f3n de Vigilancia en el Congreso del Estado Ren\u00e9 Oyarvide Ibarra, solicit\u00f3 a la Auditor\u00eda Superior del Estado (ASE), \u00a0informaci\u00f3n sobre presuntas irregularidades cometidas por la Oficial\u00eda Mayor del ex gobernador Juan Manuel Carreras L\u00f3pez.<\/p>\n<p>Investigaci\u00f3n que de manera paralela realizar\u00e1 la Contralor\u00eda General del Estado por supuestas compras con sobreprecios en insumos como productos de limpieza, papeler\u00eda y c\u00f3mputo, adquisiciones por $321 millones de pesos entre el a\u00f1o 2017 y el mes de septiembre de 2021.<\/p>\n<p>El legislador de Valles declar\u00f3 que a trav\u00e9s de la Comisi\u00f3n de Vigilancia present\u00f3 una solicitud a la C.P. Edith Virginia Mu\u00f1oz Guti\u00e9rrez encargada de Despacho de dicha dependencia, con la finalidad de disponer de \u00a0datos concretos de las irregularidades cometidas en el gobierno del PRI encabezado por Carreras L\u00f3pez.<\/p>\n<p>\u201cA trav\u00e9s de la Comisi\u00f3n de Vigilancia que presido, present\u00e9 la solicitud de un informe a la ASE, respecto a la revisi\u00f3n de las cuentas p\u00fablicas del Poder Ejecutivo del Estado, administraci\u00f3n 2015-2021, espec\u00edficamente respecto a todas aquellas acciones de fiscalizaci\u00f3n relacionadas con la dependencia \u201cOficial\u00eda Mayor\u201d, y el estatus que guardan las mismas\u201d, declar\u00f3 Oyarvide Ibarra.<\/p>\n<p>\u201cNuestra responsabilidad es precisamente vigilar que los entes aud\u00edtales subsanen observaciones y en caso de que no sea as\u00ed, darle seguimiento ante la Fiscal\u00eda General del Estado que se cumplimenten las carpetas de investigaci\u00f3n cuando existan las denuncias correspondientes\u201d, finaliz\u00f3 el diputado<\/p>\n<p>++++++++++++<\/p>\n<p>Cuide \u00a0su consumo de energ\u00eda el\u00e9ctrica\u2026\u2026.<\/p>\n<p>Al \u00a0entrar en vigor las tarifas \u00a0de verano c\u00e1lido, la CFE \u00a0en su p\u00e1gina de internet \u00a0publica \u00a0\u00a0las variantes \u00a0seg\u00fan el consumo de \u00a0cada usuario de la red el\u00e9ctrica.<\/p>\n<p>La CFE tambi\u00e9n aclar\u00f3 que fue \u00a0falsa informaci\u00f3n publicada \u00a0recientemente en el sentido \u00a0que \u00a0a partir del mes de abril no se entregar\u00edan a domicilio los recibos por consumo bimestral, este \u00a0servicio no ha sido cancelado \u00a0seguir\u00e1 a trav\u00e9s \u00a0del Correo \u00a0y tiene a disposici\u00f3n una tarifa de verano, la cual aplica descuentos en los recibos de la luz de ciertas viviendas<\/p>\n<p>En temporada de verano es \u00a0com\u00fan que registren mayor uso de algunos aparatos como abanicos y \u00a0aires acondicionados para mitigar las altas temperaturas\u00a0que se registran en ciertas regiones del pa\u00eds quienes \u00a0tienen acondicionadores de clima.<\/p>\n<p>Con el objetivo de cuidar \u00a0la econom\u00eda de los mexicanos, la propia\u00a0CFE tiene a disposici\u00f3n una tarifa\u00a0de verano, la cual aplica descuentos en los recibos de la luz de ciertas viviendas.<\/p>\n<p>La clasificaci\u00f3n de tarifa de verano es \u00a0la \u00a0siguiente por \u00a0consumo hasta de:<\/p>\n<p><em><u><i>Tarifa 1: 250 kWh\/mes.<\/i><\/u><\/em><\/p>\n<p><em><u><i>Tarifa 1A: 300 kWh\/mes.<\/i><\/u><\/em><\/p>\n<p><em><u><i>Tarifa 1B: 400 kWh\/mes.<\/i><\/u><\/em><\/p>\n<p><em><u><i>Tarifa 1C: 850 kWh\/mes.<\/i><\/u><\/em><\/p>\n<p><em><u><i>Tarifa 1D: mil kWh\/mes.<\/i><\/u><\/em><\/p>\n<p><em><u><i>Tarifa 1E: 2 mil kWh\/mes.<\/i><\/u><\/em><\/p>\n<p><em><u><i>Tarifa 1F: 2 mil 500 kWh\/mes.<\/i><\/u><\/em><\/p>\n<p>++++++++++++++++++++<\/p>\n<p>\u201cCAF\u00c9 Y RESTAURANT \u00a0EL FAROLITO\u201d<\/p>\n<p>Lo mejor de la cocina Huasteca; el tradicional zacahuil y cazueladas. \u00a0\u00a0Atendemos toda clase de \u00a0festejos. Pedidos al Tel \u00a03821017 Ciudad Valles SLP.<\/p>\n<p>++++++++++++<\/p>\n<p>D \u00a0E \u00a0\u00a0\u00a0V O L A \u00a0D \u00a0A.-<\/p>\n<p>&nbsp;<\/p>\n<p>CONTUBERNIO DE POLICIAS Y \u00a0SERVICIO DE GRUAS\u2026\u2026 Es buena \u00a0la campa\u00f1a \u00a0para regularizar motocicletas, que \u00a0sus poseedores \u00a0tengan la documentaci\u00f3n en regla y lo mas importante detectar a quienes las usan para cometer il\u00edcitos, porque son robadas, pero tambi\u00e9n la polic\u00eda municipal \u00a0encargada de \u00a0este \u00a0trabajo sobrepasa en sus funciones y hasta \u00a0acusan los \u00a0propietarios \u00a0\u00a0de \u00a0las unidades, est\u00e1n en contubernio con los propietarios de pensi\u00f3n y gr\u00faas, donde extra\u00f1amente se pierden los accesorios de \u00a0las motocicletas o bien \u00a0aparecen da\u00f1os debido al trato que dan cuando hacen maniobras de subir y bajarlas de \u00a0las plataformas.<\/p>\n<p>Una denuncia an\u00f3nima en redes sociales escribe: \u00a0\u201cQUIERO HACER UNA DENUNCIA DE LA PATRULLA MUNICIPAL 2052 QUE ANDA EN CARRETERA EL INGENIO ME QUITARON MI MOTO POR NO TRAER PLACAS MI MOTO TIENE TRES DIAS QUE LA SAQUE BAJANDOME CON VIOLECIA Y DE MENERA PREPOTENTE PIDIEDOME DOCUMENTOS DE LA MOTO EN NIGUN MOMENTO ME NEGE LA GENTE AL VER EL MAL ACTUAR DE LOS ELEMENTOS LES GRITARON ALVER QUE LA GENTE SE ASERCO<\/p>\n<p>DECIDIERON IRSE DEJANDO A OTRA UNIDAD ESCUDANDOSE QUE ELLOS NO FUERON LOS QUE ME PARARON QUE ELLOS NO SABIAN NADA HAGO MENCION DE ESTO POR QUE NO ESLA PRIMERA VES QUE LO ASEN YO MA\u00d1ANA IRE A DERECHOS HUMANOS Y DENUNCIAR EL ABUSO Y QUE TENGAN SU SANCION NOSE VALE QUE APARTE DE LA INSEGURIDAD QUE HAY TODABIA TENGAMOS QUE CUIDARNOS DE LOS QUE SEGUN DEBEN DE PROTEGERNOS NO HAY QUE QUEDARNOS CALLADOS &#8230;..\u201d<\/p>\n<p>++++++++++++++<\/p>\n<p>El Pent\u00e1gono confirma existencia de naves extraterrestres.<\/p>\n<p>El portavoz del\u00a0Pent\u00e1gono inform\u00f3 que se capt\u00f3 un especie de se\u00f1al de un objeto no identificado, el cual permanece en el sistema solar. La NASA explic\u00f3 que dichas se\u00f1ales son parecidas a las que ellos utilizan al explorar planetas, por lo que se cre\u00f3 la teor\u00eda de que dicho objeto tiene la labor de reconocer el territorio.<\/p>\n<p>La informaci\u00f3n fue difundida por el director de la Oficina de Resoluci\u00f3n de Anomal\u00edas en Todos los Dominios (AARO) del Pent\u00e1gono, quien redact\u00f3 un informe de la mano del presidente del departamento de astronom\u00eda de la Universidad de Harvard, Abraham Loeb.<\/p>\n<p>El art\u00edculo, que permanece en revisi\u00f3n, se\u00f1ala que una serie de naves extraterrestres estar\u00edan enviando sondas a la Tierra mientras se desplazan por diferentes zonas de nuestro sistema solar.<\/p>\n<p>El documento plantea adem\u00e1s la posibilidad de que exista una nave espacial nodriza, proveniente de una galaxia lejana, la cual llevar\u00eda varias d\u00e9cadas estacionada en un punto fijo del sistema solar. Desde all\u00ed, continuamente lanzar\u00eda naves peque\u00f1as o sondas para poder estudiar los planetas que son del inter\u00e9s de la especie extraterrestre.<\/p>\n<p>\u00abUn objeto interestelar artificial podr\u00eda ser potencialmente una nave nodriza que libera muchas sondas peque\u00f1as durante su paso cercano a la Tierra, una construcci\u00f3n operativa no muy diferente de las misiones de la NASA\u00bb , se\u00f1ala el documento, titulado \u2018Restricciones f\u00edsicas en fen\u00f3menos a\u00e9reas no identificados\u2019, de acuerdo con el Post publicado en medios \u00a0informativos internacionales.<\/p>\n<p>++++++++++++++++++<\/p>\n<p><a href=\"https:\/\/www.facebook.com\/profile.php?id=100085690009848&amp;__cft__%5b0%5d=AZWXisZDUw6Wtas5y5BI4g2Vvr1flGtXn4VucgT9Uhl1X569CUh2Khb_tB-KT1teQ2r6dttfkzsBDgR-EK7EQ7ZhqImlNrTltBztWUKRD6EWRsgAkTve93hCaoGIdZiDN5CAc10cM0ZyfYi-EVOTBWilSZjjnEIJWJp3z4rSNX54_duQvdS9Dgk7I4liTSMbn0wb2xHfTNZlHuc5qmFuno9rYYYF5XEnnUXxY0rEMPq9DRoJ5pbTnND5wwG-AZ5yR0SFwiGsR7b7qrVV0EOJDTZJce_Zh7OgmNq-qSQaaCbR_mtHtClfRSuDTsCb2KLFeeY&amp;__tn__=-UC%2CP-R\">Planchadora Express Cd. Valles<\/a>\u00a0\u00a0\u00a0\u00a0Ponemos a tu disposici\u00f3n Nuestro Servicio de Planchado de la m\u00e1s alta calidad en la Ciudad.\u00a0Informaci\u00f3n y Costos al 481 119 2145\u00a0\u00a0Direcci\u00f3n Plaza Engracia 110 Del Carmen 2\u00a0\u00a0\u00a0Contamos con Servicio a Domicilio con Costo Adicional!\u00a0+++++++++++++++++++++<a href=\"mailto:davidfloresservicios@hotmail.com\"><u>davidfloresservicios@hotmail.com<\/u><\/a>\u00a0\u00a0\u00a0\u00a0hasta la pr\u00f3xima semana..<\/p>\n<p>&#8212;<\/p>\n","protected":false},"excerpt":{"rendered":"<p>\u00a0VEHICULOS \u201cCHOCOLATE \u00a0SERAN REGULARIZADOS EN SAN LUIS POTOSI. Se emite Decreto Oficial para\u00a0regularizar autos chocolate en SLP Este\u00a031\u00a0de marzo, se publica nuevo decreto donde incluye al estado potosino para contar con este beneficio. En la \u00a0entidad potosina se regularizar\u00e1n \u00a0los llamados veh\u00edculos chocolate; este viernes &hellip; <\/p>\n","protected":false},"author":1,"featured_media":80155,"comment_status":"open","ping_status":"open","sticky":false,"template":"","format":"standard","meta":{"footnotes":""},"categories":[17,4],"tags":[],"class_list":["post-82130","post","type-post","status-publish","format-standard","has-post-thumbnail","hentry","category-colaboraciones","category-inicio"],"_links":{"self":[{"href":"https:\/\/amanecerhuasteco.com\/portal\/wp-json\/wp\/v2\/posts\/82130","targetHints":{"allow":["GET"]}}],"collection":[{"href":"https:\/\/amanecerhuasteco.com\/portal\/wp-json\/wp\/v2\/posts"}],"about":[{"href":"https:\/\/amanecerhuasteco.com\/portal\/wp-json\/wp\/v2\/types\/post"}],"author":[{"embeddable":true,"href":"https:\/\/amanecerhuasteco.com\/portal\/wp-json\/wp\/v2\/users\/1"}],"replies":[{"embeddable":true,"href":"https:\/\/amanecerhuasteco.com\/portal\/wp-json\/wp\/v2\/comments?post=82130"}],"version-history":[{"count":1,"href":"https:\/\/amanecerhuasteco.com\/portal\/wp-json\/wp\/v2\/posts\/82130\/revisions"}],"predecessor-version":[{"id":82131,"href":"https:\/\/amanecerhuasteco.com\/portal\/wp-json\/wp\/v2\/posts\/82130\/revisions\/82131"}],"wp:featuredmedia":[{"embeddable":true,"href":"https:\/\/amanecerhuasteco.com\/portal\/wp-json\/wp\/v2\/media\/80155"}],"wp:attachment":[{"href":"https:\/\/amanecerhuasteco.com\/portal\/wp-json\/wp\/v2\/media?parent=82130"}],"wp:term":[{"taxonomy":"category","embeddable":true,"href":"https:\/\/amanecerhuasteco.com\/portal\/wp-json\/wp\/v2\/categories?post=82130"},{"taxonomy":"post_tag","embeddable":true,"href":"https:\/\/amanecerhuasteco.com\/portal\/wp-json\/wp\/v2\/tags?post=82130"}],"curies":[{"name":"wp","href":"https:\/\/api.w.org\/{rel}","templated":true}]}}