{"id":82401,"date":"2023-04-10T10:28:33","date_gmt":"2023-04-10T16:28:33","guid":{"rendered":"http:\/\/amanecerhuasteco.com\/portal\/?p=82401"},"modified":"2023-04-10T10:28:33","modified_gmt":"2023-04-10T16:28:33","slug":"entre-columnas-560","status":"publish","type":"post","link":"https:\/\/amanecerhuasteco.com\/portal\/entre-columnas-560\/","title":{"rendered":"ENTRE COLUMNAS"},"content":{"rendered":"<p><strong>NO EXISTE PROFECO EN VALLES, EL CONSUMIDOR INDEFENSO.<\/strong><\/p>\n<p><strong>Estuvimos mejor\u00a0\u00a0 en Valles con jurisdicci\u00f3n en toda la Huasteca\u00a0 cuando\u00a0 funcionaron delegaciones de la Profeco y Secofi, de\u00a0 cierta\u00a0 manera proveedores, comerciantes\u00a0 e intermediarios\u00a0 fueron contenidos en los precios, pero una extra\u00f1a pol\u00edtica\u00a0 federal orden\u00f3 su traslado a la capital del estado.<\/strong><\/p>\n<p><strong>Desde\u00a0 la desaparici\u00f3n de ambas dependencias\u00a0\u00a0 el consumidor\u00a0 qued\u00f3 indefensa\u00a0 y la creaci\u00f3n de\u00a0 industrias se\u00a0 estanc\u00f3, el\u00a0 papel\u00a0 de\u00a0 la Profeco fue absorbida por\u00a0 el gobierno municipal a\u00a0 una oficina de quejas\u00a0\u00a0 que\u00a0 si bien, ha\u00a0 servido para\u00a0\u00a0 atender\u00a0 denuncias\u00a0\u00a0 que turna a la capital\u00a0 pero la\u00a0 ciudadan\u00eda prefiere olvidar la denuncia que\u00a0 seguir gastando en\u00a0 viajes a la capital del estado.<\/strong><\/p>\n<p><strong>Recientemente le\u00edmos sobre la clausura\u00a0 de <\/strong><strong>comercio por revisar tickets y mercanc\u00eda a clientes; la\u00a0 sanci\u00f3n aplicada fue de $1 mill\u00f3n de pesos por pr\u00e1cticas\u00a0 ilegales, este\u00a0 asunto fue al atender la Profeco\u00a0 una denuncia en ese sentido, <\/strong><strong>porque les revisaban los tickets de consumo y la mercanc\u00eda, una pr\u00e1ctica que las autoridades han prohibido ya que de hacerlo, el establecimiento incurrir\u00eda en una falta.<\/strong><\/p>\n<p><strong>En un comunicado de la Profeco se explica que\u00a0la medida viola el art\u00edculo 10 de la Ley Federal de Protecci\u00f3n al Consumidor,\u00a0que proh\u00edbe a los proveedores de bienes o servicios llevar a cabo pr\u00e1cticas que atenten contra la libertad, seguridad o integridad personales, bajo pretexto de registro.<\/strong><\/p>\n<p><strong>Por denuncia de los clientes,\u00a0 se constat\u00f3 que \u00abel establecimiento revisaba\u00a0 a los consumidores el ticket del producto que adquiri\u00f3, as\u00ed como su mercanc\u00eda y\/o producto y\/o bienes que ya fueron pagados y han pasado por el \u00e1rea de cajas y lo realiza en el \u00e1rea de salida de la empresa\u00bb.<\/strong><\/p>\n<p><strong>En la resoluci\u00f3n administrativa emitida el pasado 14 de febrero,\u00a0se le impuso una sanci\u00f3n econ\u00f3mica de un mill\u00f3n de pesos a la empresa de abarrotes. . Este local se ubica en Avenida del Rosal No. 264, colonia Molino de Rosas, en la alcald\u00eda \u00c1lvaro Obreg\u00f3n, en la Ciudad de M\u00e9xico.<\/strong><\/p>\n<p><strong>La dependencia se\u00f1al\u00f3 que para denunciar este tipo de revisiones irregulares, los consumidores pueden comunicarse al Tel\u00e9fono del Consumidor que es\u00a055 5568 8722\u00a0y el n\u00famero 800 468 8722, de lunes a viernes de 09:00 a 19:00 horas; s\u00e1bados, domingos y d\u00edas festivos de 10:00 a 18:00 horas, si lo desean pueden enviar un correo electr\u00f3nico a:\u00a0denunciasprofeco@profeco.gob.mx.<\/strong><strong>++++++++++++++<\/strong><\/p>\n<p><strong>INSISTEN \u00a0REGIOS Y\u00a0 TAMAULIPECOS LLEVAR\u00a0 AGUA DEL R\u00cdO P\u00c1NUCO.<\/strong><\/p>\n<p><strong>Las\u00a0 autoridades\u00a0\u00a0 del Estado y el Congreso principalmente del ramo hidr\u00e1ulico, se\u00a0 mantienen n atentos al proyecto h\u00eddrico Panuco-R\u00edo Bravo para evitar que afecte a la\u00a0 actividad\u00a0 agropecuaria\u00a0 de\u00a0 la\u00a0 regi\u00f3n oriental dela entidad potosina.<\/strong><\/p>\n<p><strong>Los distintos grupos parlamentarios representados en la LXIII Legislatura, se\u00a0 sumar\u00edan \u00a0a la defensa del patrimonio h\u00eddrico de San Luis Potos\u00ed, por lo que se trabajar\u00eda desde el Congreso del Estado para impedir cualquier proyecto que este intente llevar \u00a0el agua del r\u00edo Tampaon y sus afluentes a otras entidades del pa\u00eds.<\/strong><\/p>\n<p><strong>El vocal de la Comisi\u00f3n del Agua de la LXIII Legislatura, diputado Jos\u00e9 Luis Fern\u00e1ndez Mart\u00ednez se\u00f1alo que, se est\u00e1n atentos al proyecto que impulsan los gobernadores de Nuevo Le\u00f3n y Tamaulipas para activar el proyecto h\u00eddrico P\u00e1nuco-R\u00edo Bravo.<\/strong><\/p>\n<p><strong>Ante esta situaci\u00f3n, el legislador potosino consider\u00f3 que antes de llevar a cabo un proyecto de esta naturaleza, se tiene que revisar con mucha puntualidad para conocer las afectaciones que sin duda alguna se generar\u00e1n en el cauce del R\u00edo Panuco.<\/strong><\/p>\n<p><strong>Por parte del Congreso del Estado de San Luis Potos\u00ed, \u201cvamos a ser solidarios con la poblaci\u00f3n y nos sumaremos para acompa\u00f1ar al Ejecutivo del Estado Ricardo Gallardo Cardona, en las acciones de rechaz\u00f3, tomando en cuenta que p\u00fablicamente se ha manifestado en contra de este proyecto h\u00eddrico que nos afectar\u00eda y generar\u00eda una verdadera crisis de agua en una zona donde se depende de este vital l\u00edquido para sus actividades de ganader\u00eda, consumo humano y turismo\u201d.<\/strong><\/p>\n<p><strong>++++++++++++<\/strong><\/p>\n<p><strong>CARROCERIAS\u00a0 BUSTOS<\/strong><\/p>\n<p><strong>Reforma y Lerdo de tejada Col. Altavista.<\/strong><\/p>\n<p><strong>Cd Valles SLP\u00a0 Tel. 3824777.<\/strong><\/p>\n<p><strong>En carrocer\u00edas para camiones y camionetas nadie nos compite<\/strong><\/p>\n<p><strong>+++++++++++++++++++<\/strong><\/p>\n<p><strong>CAMBIOS EN EL GABINETE ESTATAL.<\/strong><\/p>\n<ul>\n<li><strong> Llega al C5i2, una mujer especialista en Inteligencia y combate a la delincuencia, mientras que en el Cobach llega <\/strong><\/li>\n<\/ul>\n<p><strong>\u00a0<\/strong><\/p>\n<p><strong>Siguen los enroques y cambios\u00a0 en el gabinete\u00a0 del Gobierno del Cambios, de acuerdo con el compromiso del Gobernador como parte del trabajo a favor de la mejora permanente en el servicio p\u00fablico, como es el compromiso con\u00a0 los potosinos, , anunci\u00f3 que en breve habr\u00e1 cambios en el gabinete estatal, en el Centro de Coordinaci\u00f3n, Control, Comando, Comunicaci\u00f3n y C\u00f3mputo, Informaci\u00f3n e Inteligencia (C5i2), el Colegio de Bachilleres (Cobach) y el Instituto Registral y Catastral (IRC).<\/strong><\/p>\n<p><strong>En el caso del Instituto Registral y Catastral, el Mandatario Estatal precis\u00f3 que el cambio obedece a cuestiones personales pues reconoci\u00f3 que su actual titular ten\u00eda un buen desempe\u00f1o, sin embargo, ser\u00e1 sustituida por Yahaira Mart\u00ednez.<\/strong><\/p>\n<p><strong>Por otro lado, en el C5i2, la nueva titular del \u00e1rea ser\u00e1 una mujer especialista en Inteligencia y combate a la delincuencia, que arribar\u00e1 a San Luis Potos\u00ed procedente de\u00a0 la Ciudad de M\u00e9xico, proveniente Centro Nacional de Inteligencia (CNI). Su nombre ser\u00e1 confirmado en cuanto se haga oficial el cambio por motivos de seguridad.<\/strong><\/p>\n<p><strong>En el Colegio de Bachilleres llega como nuevo director general Ricardo Centeno, esto, derivado de la evaluaci\u00f3n permanente que realiza diversas \u00e1reas de la administraci\u00f3n estatal a las diferentes dependencias.<\/strong><\/p>\n<p><strong>El mandatario potosino expres\u00f3 que continuar\u00e1 la evaluaci\u00f3n a todos los funcionarios estatales, mientras que sobre el relevo del delegado de la Fiscal\u00eda General de la Rep\u00fablica (FGR) \u00a0lo deciden\u00a0 los\u00a0 alytos mandos\u00a0 del gobierno federal.<\/strong><\/p>\n<p><strong>++++++++++++++<\/strong><\/p>\n<p><strong>TELEFONO GRATUITO<\/strong><\/p>\n<p><strong>PARA AGENDAR CITA\u00a0 AL IMSS<\/strong><\/p>\n<p><strong>Al final del anuncio\u2026\u2026.<\/strong><\/p>\n<p><strong>++++++<\/strong><\/p>\n<p><strong>EST\u00c1\u00a0 URGIDO DE DINERO?<\/strong><\/p>\n<p><strong>Pr\u00e9stamos\u00a0\u00a0\u00a0 de\u00a0 dinero inmediatos a pensionados\u00a0\u00a0 CFE, ISSSTE.FFCC, SCT, PEMEX,\u00a0 ACTIVOS Y JUBILADOS\u00a0 IMSS\u00a0\u00a0 SIN AFECTAR TARJETON.\u00a0\u00a0\u00a0 Ll\u00e1menos las\u00a0 24 hrs del d\u00eda\u00a0 4811039565\u2026.. CREDITO INMEDIATO\u00a0\u00a0\u00a0\u00a0 Tel. gratuito del IMSS\u00a0 800 681 2525<\/strong><\/p>\n<p><strong>++++++++++++++++++++++++++<\/strong><\/p>\n<p><strong>ATENCION.-<\/strong><\/p>\n<p><strong>En espacios cerrados, mantente puesto el cubrebocas y si estas al aire libre y te lo quitas, recuerda mantener una distancia de al menos 2 metros de otras personas. <\/strong><\/p>\n<p><strong>La pandemia no ha terminado; mant\u00e9n las medidas de prevenci\u00f3n y \u00a1corta el contagio!<\/strong><\/p>\n<p><strong>QFB\u00a0 FABIOLA GARCIA ALVAREZ<\/strong><\/p>\n<p><strong>Perito dictaminador en an\u00e1lisis bacteriol\u00f3gico de agua y alimentos con n\u00famero GES-PD 0705<\/strong><\/p>\n<p><strong>Perito dictaminador en\u00a0 estupefacientes GES-PD0523<\/strong><\/p>\n<p><strong>Maestr\u00eda\u00a0 en an\u00e1lisis cl\u00ednicos 1301 \u2013 368068<\/strong><\/p>\n<p><strong>Ced\u00a0 prof\u00a0 8664204\u00a0\u00a0 Tel. 38 1 66 64<\/strong><\/p>\n<p><strong>Asesor\u00eda,\u00a0 auditor\u00eda\u00a0 y gesti\u00f3n ambiental.<\/strong><\/p>\n<ol>\n<li><strong> Victoria No. 8 zona centro Cd Valles SLP.<\/strong><\/li>\n<\/ol>\n<p><strong>++++++++++++++<\/strong><\/p>\n<p><strong>\u00a0<\/strong><\/p>\n<p><strong>\u00a0<\/strong><\/p>\n<p><strong>\u00a0<\/strong><\/p>\n<p><strong>GESTIONA\u00a0 ALCALDE\u00a0 RECURSOS FEDERALES PARA OBRAS URBANAS EN VALLES.<\/strong><\/p>\n<p><strong>\u00a0<\/strong><\/p>\n<p><strong>\u00a0<\/strong><\/p>\n<p><strong>&#8211; Hasta un albergue para migrantes.<\/strong><\/p>\n<p><strong>\u00a0<\/strong><\/p>\n<p><strong>El Presidente Municipal\u00a0de esta ciudad inform\u00f3 \u00a0con\u00a0 benepl\u00e1cito que en su reciente visita a la Ciudad de M\u00e9xico firm\u00f3 convenios de\u00a0 colaboraci\u00f3n con dependencias del gobierno federal para obras urbanas y de asistencia social, destaca un proyecto por \u00a017 millones de pesos para la construcci\u00f3n de un albergue para Migrantes (cuando existen otras\u00a0 necesidades\u00a0\u00a0 que\u00a0 atender ante el reclamo social)El mun\u00edcipe de la urbe Huasteca\u00a0 dijo que \u201cEstuvimos participando en la firma de convenios para el Fortalecimiento del Ordenamiento Territorial y la Planeaci\u00f3n del Desarrollo Urbano en M\u00e9xico, teniendo la oportunidad adem\u00e1s de platicar con el Ingeniero Alfonso Ch\u00e1vez Mart\u00ednez, Director General del Instituto de Planeaci\u00f3n Urbana, donde logramos \u00a0cosas muy importantes para nuestro municipio\u201d Recalc\u00f3, \u00a0Ahora m\u00e1s que nunca, Ciudad Valles tiene un gobierno enfocado en trabajar, de la mano de los diferentes niveles de gobierno.\u00a0 A mitad de la\u00a0 administraci\u00f3n Verde, la\u00a0 ciudadan\u00eda\u00a0 exige atender\u00a0 obras como son pavimentaci\u00f3n de calles de acceso a las colonias y no gastar el precario presupuesto\u00a0 anual\u00a0\u00a0 en\u00a0 repavimentar calles\u00a0 como la Avenida\u00a0 o Libramiento oriente\u00a0 que lleva\u00a0 tres\u00a0\u00a0 aplicaciones de recursos millonarios\u00a0 en lo que VA\u00a0 DE LA ACTUAL ADMINISGTRACI\u00d3N,\u00a0 mientras otros accesos\u00a0 est\u00e1n intransitables. Ah\u00a0 pero dice\u00a0 el alcalde\u00a0 que \u201cNos van ayudar para desarrollar unidades deportivas, avenidas, construir casas\u201d <\/strong><\/p>\n<p><strong>+++++++++++++++<\/strong><\/p>\n<p><strong>\u00a0<\/strong><\/p>\n<p><strong>\u00a0<\/strong><\/p>\n<p><strong>M\u00daSICOS\u00a0 EN\u00a0 EL MERCADO CONSTITUCI\u00d3N DAN ALEGRIA Y VISTOSIDAD A\u00a0 VISITANTES.<\/strong><\/p>\n<p><strong>Quien ser\u00eda el funcionario\u00a0 o el mismo alcalde\u00a0 de esta ciudad, que tuvo la genial ideota\u00a0 de prohibir la incursi\u00f3n de\u00a0 conjuntos musicales\u00a0 a\u00a0 los pasillos\u00a0 del mercado Constituci\u00f3n a donde concurren los visitantes a deleitarse con las comidas tradicionales y escuchan las interpretaciones\u00a0 musicales en sus diferentes g\u00e9neros a cambio de\u00a0 gratificaciones, el modus vivendi de los m\u00fasicos.<\/strong><\/p>\n<p><strong>La medida\u00a0 caus\u00f3 indignaci\u00f3n entre los artistas y propietarios de establecimientos de comida, se\u00f1alaron directamente a la administradora y esta\u00a0 a sus\u00a0 inspectores, finalmente\u00a0 entr\u00f3 al quite el propio presidente municipal\u00a0 quien ofreci\u00f3 que el \u00a0Ayuntamiento de Valles \u201cmejores garant\u00edas de trabajo a los m\u00fasicos\u201d regulando sus servicios\u00a0 en los mercados\u00a0 p\u00fablicos municipales,\u00a0 para\u00a0 que haya equidad y seguridad. <\/strong><\/p>\n<p><strong>En cuanto a las cr\u00edticas por la medida un tanto arbitraria dijo <\/strong><strong>\u00a0que hay personas que han tratado de desvirtuar el trabajo de su \u00a0esta administraci\u00f3n y pretenden \u00a0provocar conflictos donde no existen.<\/strong><\/p>\n<p><strong>\u00abSe quiso mal informar a la sociedad que no quer\u00edamos permitir que la gente trabajar\u00e1 honradamente. Queremos un ordenamiento de\u00a0 todos, que nunca se hab\u00eda intentado, tenemos que dejar los espacios libres, porque se llegaban a concentrar hasta 5 conjuntos\u00a0 musicales en un solo lugar\u00a0 haci\u00e9ndose competencia entre ellos\u00bb.<\/strong><\/p>\n<p><strong>Ahora volvi\u00f3 la alegr\u00eda y la m\u00fasica tradicional\u00a0 para deleitar a los\u00a0 comensales\u00a0 a\u00a0 los puestos de comida pero de\u00a0 forma ordenada y equitativa, para todos las mismas oportunidades.<\/strong><\/p>\n<p><strong>++++++++++++<\/strong><\/p>\n<p><strong>\u00a0<\/strong><\/p>\n<p><strong>ESTUDIANTES \u00a0\u00a0MOLESTOS POR FRAUDULENTO PROGRAMA \u201cMI PASE\u201d<\/strong><\/p>\n<p><strong>\u00a0<\/strong><\/p>\n<p><strong>Programa \u201cMi Pase\u201d es un fiasco, \u00a0\u00a0al grado que el <\/strong><strong>Pleno del Congreso del Estado del 30 de marzo pasado aprob\u00f3 por unanimidad un Punto de Acuerdo para exhortar a la Secretar\u00eda de Comunicaciones y Transportes (SCT), para que a la brevedad se presente un marco jur\u00eddico que regule la operaci\u00f3n del programa \u201cMi Pase\u201d, que contempla apoyos a estudiantes para transporte p\u00fablico gratuito.<\/strong><\/p>\n<p><strong>\u201cEl programa Mi Pase es un fiasco, los estudiantes son objeto de burla\u201d, afirm\u00f3 el Edmundo Azael Torrescano dijo que urge erradicar las malas pr\u00e1cticas que incurren diversos operadores y concesionarios del transporte p\u00fablico afiliados al programa, as\u00ed como una continua revisi\u00f3n a las unidades para corroborar el buen funcionamiento de los dispositivos m\u00f3viles de cobro y establecer las sanciones correspondientes a quienes los da\u00f1en, desconecten o alteren.<\/strong><\/p>\n<p><strong>Indic\u00f3 el legislador que, \u201cdesde la presentaci\u00f3n de las denuncias \u00a0a la fecha, Leonel Serrato titular de la\u00a0 SCT , no ha informado ning\u00fan plan de acci\u00f3n, as\u00ed como sanciones para los operadores y concesionarios que incurren en estas \u00a0pr\u00e1cticas y que afectan directamente a los j\u00f3venes potosinos. Es lamentable el desempe\u00f1o de dicho funcionario y sus inspectores\u201d.<\/strong><\/p>\n<p><strong>+++++++++++<\/strong><\/p>\n<p><strong>CARROCERIAS\u00a0 BUSTOS<\/strong><\/p>\n<p><strong>Reforma y Lerdo de tejada Col. Altavista.<\/strong><\/p>\n<p><strong>Cd Valles SLP\u00a0 Tel. 3824777.<\/strong><\/p>\n<p><strong>En carrocer\u00edas para camiones y camionetas nadie nos compite.<\/strong><\/p>\n<p><strong>++++++++++++++<\/strong><\/p>\n<p><strong>PROGRAMAS DE REFORESTACION\u00a0 HAN SIDO UN FIASCO OFICIAL.<\/strong><\/p>\n<p><strong>Durante\u00a0 m\u00e1s de\u00a0 seis d\u00e9cadas que publiqu\u00e9 en diferentes medios informativos\u00a0 la\u00a0 celebraci\u00f3n anual del \u201cD\u00eda del \u00e1rbol\u201d\u00a0 despu\u00e9s D\u00eda del Bosque, del medio ambiente etc etc\u00a0 pero siempre sembrando arbolitos\u00a0\u00a0 en plena \u00e9poca de\u00a0 sequ\u00eda y\u00a0 nada m\u00e1s para cubrir apariencias\u00a0 de las escuelas\u00a0 y dependencias\u00a0 relacionadas a programas de reforestaci\u00f3n establecidas oficialmente en sus calendarios, y as\u00ed sucesivamente al siguiente a\u00f1o se repet\u00eda el evento, nunca\u00a0 regresaban los promotores\u00a0 para\u00a0\u00a0 verificar\u00a0 el resultado y mucho menos a regar\u00a0 agua a las plantitas\u00a0 que se secaban a los pocos d\u00edas de sembradas.<\/strong><\/p>\n<p><strong>Nos enteramos que agricultores y\u00a0 ganaderos\u00a0 principales causantes de la desforestaci\u00f3n de los bosques de la Huasteca, solicitaron <\/strong><strong>traer a especialistas para revertir los efectos ecol\u00f3gicos y ambientales de la sequ\u00eda, mientras\u00a0 que por otra parte Jos\u00e9 Alfredo P\u00e9rez Ortiz, titular de la Sedarh, propuso el inicio de la reforestaci\u00f3n en las cuencas del r\u00edo Valles y el Gallinas, porque los productores han deforestado mucho. (esto si es una gran verdad)\u00a0 pero no se concret\u00f3 nada y el estiaje cada vez\u00a0 m\u00e1s grave para esta zona por falta de lluvias, poniendo en grave peligro las actividades de campo y desapareciendo la producci\u00f3n.<\/strong><\/p>\n<p><strong>La\u00a0 Huasteca\u00a0 empez\u00f3\u00a0 a \u201cmorir\u201d en sus\u00a0 bosques, clima m\u00e1s benigno desde los a\u00f1os\u00a0 50s\u00a0 del siglo pasado\u00a0 con la llegada\u00a0 de la f\u00e1brica Fibracel, las\u00a0 que dej\u00f3 de trabajar cuando acab\u00f3 con los\u00a0 bosques\u00a0\u00a0 y luego\u00a0 los ganaderos, \u00e9stos se opusieron al\u00a0 principio a la actividad ca\u00f1era y la instalaci\u00f3n del ingenio azucarero, pero cuando vieron la prosperidad de los productores de la gram\u00ednea\u00a0\u00a0 acapararon superficies\u00a0\u00a0 y as\u00ed\u00a0 la\u00a0\u00a0 estocada final al medio ambiente\u00a0 se padece en\u00a0 esta regi\u00f3n\u00a0 de\u00a0 Huasteca norte. <\/strong><\/p>\n<p><strong>++++++++++++++<\/strong><\/p>\n<p><strong>El sitio ideal para\u00a0 sus fiestas\u2026\u00a0\u00a0 <\/strong><\/p>\n<p><strong>\u201cFINCA\u00a0 SAN ISIDRO\u201d <\/strong><\/p>\n<p><strong>Sal\u00f3n para fiestas de todo tipo.<\/strong><\/p>\n<p><strong>Carretera Valles \u2013 R\u00edo Verde Km. 8 <\/strong><\/p>\n<p><strong>Contrataciones al Tel. 01 481 179 09<\/strong><\/p>\n<p><strong>Cd. Valles SLP M\u00e9xico.<\/strong><\/p>\n<p><strong>+++++++++++++++++++<\/strong><\/p>\n<p><strong>\u00a0<\/strong><\/p>\n<p><strong>COMO ANDA LA \u201cJUSTICIA MEXICANA\u201d NI\u00a0 AMLO PODRA AYUDAR A\u00a0 REGLAMENTAR VIALIDAD EN TAMUIN.<\/strong><\/p>\n<p><strong>\u00a0<\/strong><\/p>\n<p><strong>Ya basta que CEMEX manipule a las autoridades municipales a cambio de algunas\u00a0 necesidades del gobierno municipal, LAMENTA\u00a0 Ernesto M\u00e1rquez Torres <\/strong><strong>apoderado legal del ejido Las Palmas quien denunci\u00f3 por\u00a0 en\u00e9sima ocasi\u00f3n que por regal\u00edas$$ que recibe el ayuntamiento a trav\u00e9s de polic\u00eda y tr\u00e1nsito municipal, se est\u00e1 poniendo en peligro la seguridad vial de los ciudadanos en Tamuin.<\/strong><\/p>\n<p><strong>Es\u00a0 lamentable\u00a0 los frecuentes hechos de tr\u00e1nsito que han causado la muerte de personas en el municipio de Tamuin siendo los protagonistas camiones de carga al servicio de la empresa cementera CEMEX y Termoel\u00e9ctricas TEG Y TEP, han convertido las calles de Tamuin, en \u201ccalles de uso industrial\u201d por d\u00f3nde circulan\u00a0 enormes \u00a0camiones de carga de doble remolque transportando diferentes tipos de materiales c\u00f3mo cemento y explosivos entre otros materiales, poniendo en riesgo la seguridad vial.<\/strong><\/p>\n<p><strong>M\u00e1rquez Torres, se\u00f1al\u00f3 \u00a0no se puede comparar un sem\u00e1foro por una vida humana, haciendo referencia al reciente accidente donde perdi\u00f3 la vida un joven y otro m\u00e1s quedar\u00e1 lesionado de gravedad en un\u00a0 atropellamiento con un trailer en la calle Reforma.<\/strong><\/p>\n<p><strong>Es\u00a0 tambi\u00e9n importante que la SEDENA intervenga \u00a0porque tambi\u00e9n pasan explosivos sin seguridad en la zona urbana de Tamuin y si llegar\u00e1 a pasar una tragedia qui\u00e9n ser\u00e1 responsable si las autoridades\u00a0 municipales\u00a0 tienen compromiso con las empresas\u00a0 referidas.<\/strong><\/p>\n<p><strong>Por \u00faltimo, dijo que hay responsabilidad de los regidores por tolerar el uso de las calles de la zona urbana de Tamuin, para uso industrial sin previo estudio de impacto vial y seguridad, porque a cambio de d\u00e1divas \u00a0exponiendo la vida de ciudadanos de Tamuin. <\/strong><\/p>\n<p><strong>+++++++++++++++<\/strong><\/p>\n<p><strong>\u201cCAF\u00c9 Y RESTAURANT\u00a0 EL FAROLITO\u201d\u00a0\u00a0 <\/strong><\/p>\n<p><strong>Lo mejor de la cocina Huasteca; el tradicional zacahuil y cazueladas.\u00a0\u00a0 Atendemos toda clase de\u00a0 festejos. Pedidos al Tel\u00a0 3821017 Ciudad Valles SLP.<\/strong><\/p>\n<p><strong>++++++++++++<\/strong><\/p>\n<p><strong>D\u00a0 E\u00a0\u00a0\u00a0 V O L A\u00a0 D\u00a0 A.-<\/strong><\/p>\n<p><strong>Donald Trump se refugiar\u00e1 en Rusia?<\/strong><\/p>\n<p><strong>El expressidente de EE.UU. recibi\u00f3 una invitaci\u00f3n de V\u00edktor But, el \u2018mercader de la muerte\u2019<\/strong><\/p>\n<p><strong>El\u00a0traficante de armas ruso V\u00edktor But, conocido como el \u201cmercader de la muerte\u201d, que pas\u00f3 casi 15 a\u00f1os en una prisi\u00f3n estadounidense, envi\u00f3 este viernes un telegrama al expresidente de Estados Unidos, Donal Trump, con una invitaci\u00f3n a refugiarse en Rusia del acoso de la Justicia estadounidense.<\/strong><\/p>\n<p><strong>\u201cHoy envi\u00e9 un telegrama al expresidente de Estados Unidos, Donald Trump (\u2026) El proceso penal que acaba de comenzar en su contra no terminar\u00e1 as\u00ed como as\u00ed. Lo m\u00e1s probable es que simplemente lo aniquilen\u201d, asever\u00f3 desde la sede del Tel\u00e9grafo Central de Rusia.<\/strong><\/p>\n<p><strong>\u201cQuiero invitarlo a Rusia, donde podr\u00e1 encabezar sin riesgos la\u00a0rebeli\u00f3n antiglobalista\u201d, a\u00f1adi\u00f3. Explic\u00f3 que la vida de Trump \u201cest\u00e1 en peligro, porque trat\u00f3 de salvar al pueblo estadounidense del genocidio de la esclavitud globalista\u201d.<\/strong><\/p>\n<p><strong>++++++<\/strong><\/p>\n<p><strong>SIGUE \u00a0LA\u00a0 DEUDA DEL AYUNTAMIENTO\u00a0 SIN ABONO IMPORTANTE.<\/strong><\/p>\n<p><strong>Cuando\u00a0 aquel\u00a0 infortunado alcalde\u00a0 interino Vallense conocido como \u201cLupillo\u201d fue heredado por su jefe\u00a0\u00a0 con na deuda de 145 millones\u00a0\u00a0 mas lo que apareciera, fue incrementada por el siguiente interino que a su vez entreg\u00f3 cuentas a su sucesor , de la\u00a0 actual administraci\u00f3n \u201cverde\u201d\u00a0 al primer a\u00f1ode gobierno, el mo nto de\u00a0 su deuda\u00a0 hasta el cierre del a\u00f1o fiscal 2022 ascend\u00eda a 260 millones de pesos.<\/strong><\/p>\n<p><strong>Para\u00a0 las finanzas\u00a0 raqu\u00edticas\u00a0 de ingresos propios y participaciones, mas los compromisos\u00a0 generados durante\u00a0 la primera mitad\u00a0 de la administraci\u00f3n actual, los proveedores que\u00a0 esperaban\u00a0 recuperar el pago de\u00a0 las\u00a0 cuentas tendr\u00e1n que\u00a0 seguir\u00a0 esperando su turno para futuras\u00a0 administraciones y\u00a0 aumentar\u00e1\u00a0 al concluir el trienio.<\/strong><\/p>\n<p><strong>La\u00a0 deuda\u00a0\u00a0 del\u00a0 ayuntamiento de\u00a0 Valles,\u00a0 ser\u00e1\u00a0 heredado a la siguiente\u00a0\u00a0 y as\u00ed sucesivamente\u00a0 pese a que los alcaldes en turno est\u00e1n advertidos de evitar\u00a0 estas pr\u00e1cticas.\u00a0 Lo curioso del caso, es el\u00a0\u00a0 aguante de los proveedores que\u00a0 hasta\u00a0 llegaron a la quiebra por\u00a0 no recibir los pagos\u00a0\u00a0 de los municipios, la verdad, se\u00a0 presume\u00a0\u00a0 que van en la polla, cada trienio aparecen nuevos negocios\u00a0 propiedad de ex funcionarios\u00a0 de gobiernos municipales.<\/strong><\/p>\n<p><strong>++++++++++++++++<\/strong><\/p>\n<p><strong>COBROS BAJO AMENAZAS\u00a0 PERO NO\u00a0 SON DENUNCIADOS.<\/strong><\/p>\n<p><strong>Es una pr\u00e1ctica\u00a0\u00a0 com\u00fan de algunos abogados sin escr\u00fapulos que\u00a0 est\u00e1n al servicio de\u00a0 financieras y prestamistas que aplican las amenazas\u00a0 a los clientes\u00a0\u00a0 que por alguna causa incurren en atrasos en sus\u00a0 pagos pactados, esto ocurre pese a que el Fiscal general del\u00a0 estado alert\u00f3 sobre casos de cobranza ileg\u00edtima ya sea propia\u00a0 o de\u00a0 quien funja como referencia o aval utilice el\u00a0 cobrador\u00a0 cualquier medio il\u00edcito o acciones de hostigamiento, amenazas de cualquier \u00edndole, intimidaci\u00f3n o actos de molestia al deudor.<\/strong><\/p>\n<p><strong>Este\u00a0 tipo de acciones pueden tener repercusiones legales contra los cobradores que\u00a0 act\u00faen sin\u00a0 ninguna autorizaci\u00f3n de autoridad competente judicial.<\/strong><\/p>\n<p><strong>*Nadie puede ser amedrentado o amenazado por una deuda, y se puede presentar denuncia en la Fiscal\u00eda\u201d\u00a0 seg\u00fan el exhorto del l Fiscal General del Estado, Jos\u00e9 Luis Ruiz Contreras, dio a conocer que en caso de que alguna persona sea amedrentada o amenazada por empresas con las que se haya contra\u00eddo una deuda, se pueden denunciar de manera penal, ya que son m\u00e9todos no permitidos por la ley.<\/strong><\/p>\n<p><strong>\u201cS\u00ed lo pueden denunciar en la Fiscal\u00eda puesto que son acciones que son extrajudiciales, con los cuales rayan o se pueden encuadrar dentro de un tipo penal\u201d, apunt\u00f3.<\/strong><\/p>\n<p><strong>Dijo que dichas acciones pudieran derivar en una extorsi\u00f3n o una amenaza de las cuales la instituci\u00f3n de procuraci\u00f3n de justicia puede tomar conocimiento y llevar a cabo las investigaciones respectivas.<\/strong><\/p>\n<p><strong>\u201cInvitar\u00edamos a la sociedad en general a que no se dejen enga\u00f1ar, a que no se dejen presionar por este tipo de acciones, puesto que, si la empresa o cualquier instituci\u00f3n necesita o requiere del pago o hacer l\u00edquida la garant\u00eda, lo deben hacer por los cauces legales, no a trav\u00e9s de estas llamadas telef\u00f3nicas\u201d, detall\u00f3.<\/strong><\/p>\n<p><strong>Ruiz Contreras coment\u00f3 que en San Luis Potos\u00ed se est\u00e1n presentando estos casos, por lo que es importante que la gente sepa actuar ante ellos, y no dejarse atemorizar.<\/strong><\/p>\n<p><strong>\u201cSi, se dan constantemente este tipo de conductas por esas cuestiones extrajudiciales que ya les refer\u00ed\u201d, <\/strong><\/p>\n<p><strong>++++++++++++<\/strong><\/p>\n<p><a href=\"https:\/\/www.facebook.com\/profile.php?id=100085690009848&amp;__cft__%5b0%5d=AZWXisZDUw6Wtas5y5BI4g2Vvr1flGtXn4VucgT9Uhl1X569CUh2Khb_tB-KT1teQ2r6dttfkzsBDgR-EK7EQ7ZhqImlNrTltBztWUKRD6EWRsgAkTve93hCaoGIdZiDN5CAc10cM0ZyfYi-EVOTBWilSZjjnEIJWJp3z4rSNX54_duQvdS9Dgk7I4liTSMbn0wb2xHfTNZlHuc5qmFuno9rYYYF5XEnnUXxY0rEMPq9DRoJ5pbTnND5wwG-AZ5yR0SFwiGsR7b7qrVV0EOJDTZJce_Zh7OgmNq-qSQaaCbR_mtHtClfRSuDTsCb2KLFeeY&amp;__tn__=-UC%2CP-R\"><strong>Planchadora Express Cd. Valles<\/strong><\/a><\/p>\n<p><strong>Ponemos a tu disposici\u00f3n Nuestro Servicio de Planchado de la m\u00e1s alta calidad en la Ciudad.<\/strong><\/p>\n<p><strong>Informaci\u00f3n y Costos al <\/strong><strong>481 119 2145<\/strong><\/p>\n<p><strong>Direcci\u00f3n Plaza Engracia 110 Del Carmen 2<\/strong><\/p>\n<p><strong>Contamos con Servicio a Domicilio con Costo Adicional!<\/strong><\/p>\n<p><strong>+++++++++++++++++++++<\/strong><a href=\"mailto:davidfloresservicios@hotmail.com\"><strong>davidfloresservicios@hotmail.com<\/strong><\/a><strong> \u00a0\u00a0hasta la pr\u00f3xima semana..<\/strong><\/p>\n<p><strong>&#8212;<\/strong><\/p>\n<p><strong>\u00a0<\/strong><\/p>\n<p><strong>\u00a0<\/strong><\/p>\n<p><strong>\u00a0<\/strong><\/p>\n<p><strong>\u00a0<\/strong><\/p>\n<p><strong>\u00a0<\/strong><\/p>\n<p><strong>\u00a0<\/strong><\/p>\n<p><strong>\u00a0<\/strong><\/p>\n<p><strong>\u00a0<\/strong><\/p>\n<p><strong>\u00a0<\/strong><\/p>\n<p><strong>\u00a0<\/strong><\/p>\n<p><strong>\u00a0<\/strong><\/p>\n<p><strong>\u00a0<\/strong><\/p>\n<p><strong>\u00a0<\/strong><\/p>\n<p><strong>\u00a0<\/strong><\/p>\n<p><strong>\u00a0<\/strong><\/p>\n","protected":false},"excerpt":{"rendered":"<p>NO EXISTE PROFECO EN VALLES, EL CONSUMIDOR INDEFENSO. Estuvimos mejor\u00a0\u00a0 en Valles con jurisdicci\u00f3n en toda la Huasteca\u00a0 cuando\u00a0 funcionaron delegaciones de la Profeco y Secofi, de\u00a0 cierta\u00a0 manera proveedores, comerciantes\u00a0 e intermediarios\u00a0 fueron contenidos en los precios, pero una extra\u00f1a pol\u00edtica\u00a0 federal orden\u00f3 su &hellip; <\/p>\n","protected":false},"author":1,"featured_media":80155,"comment_status":"open","ping_status":"open","sticky":false,"template":"","format":"standard","meta":{"footnotes":""},"categories":[17,4],"tags":[],"class_list":["post-82401","post","type-post","status-publish","format-standard","has-post-thumbnail","hentry","category-colaboraciones","category-inicio"],"_links":{"self":[{"href":"https:\/\/amanecerhuasteco.com\/portal\/wp-json\/wp\/v2\/posts\/82401","targetHints":{"allow":["GET"]}}],"collection":[{"href":"https:\/\/amanecerhuasteco.com\/portal\/wp-json\/wp\/v2\/posts"}],"about":[{"href":"https:\/\/amanecerhuasteco.com\/portal\/wp-json\/wp\/v2\/types\/post"}],"author":[{"embeddable":true,"href":"https:\/\/amanecerhuasteco.com\/portal\/wp-json\/wp\/v2\/users\/1"}],"replies":[{"embeddable":true,"href":"https:\/\/amanecerhuasteco.com\/portal\/wp-json\/wp\/v2\/comments?post=82401"}],"version-history":[{"count":1,"href":"https:\/\/amanecerhuasteco.com\/portal\/wp-json\/wp\/v2\/posts\/82401\/revisions"}],"predecessor-version":[{"id":82402,"href":"https:\/\/amanecerhuasteco.com\/portal\/wp-json\/wp\/v2\/posts\/82401\/revisions\/82402"}],"wp:featuredmedia":[{"embeddable":true,"href":"https:\/\/amanecerhuasteco.com\/portal\/wp-json\/wp\/v2\/media\/80155"}],"wp:attachment":[{"href":"https:\/\/amanecerhuasteco.com\/portal\/wp-json\/wp\/v2\/media?parent=82401"}],"wp:term":[{"taxonomy":"category","embeddable":true,"href":"https:\/\/amanecerhuasteco.com\/portal\/wp-json\/wp\/v2\/categories?post=82401"},{"taxonomy":"post_tag","embeddable":true,"href":"https:\/\/amanecerhuasteco.com\/portal\/wp-json\/wp\/v2\/tags?post=82401"}],"curies":[{"name":"wp","href":"https:\/\/api.w.org\/{rel}","templated":true}]}}