{"id":82707,"date":"2023-04-15T10:16:32","date_gmt":"2023-04-15T16:16:32","guid":{"rendered":"http:\/\/amanecerhuasteco.com\/portal\/?p=82707"},"modified":"2023-04-15T10:23:21","modified_gmt":"2023-04-15T16:23:21","slug":"82707-2","status":"publish","type":"post","link":"https:\/\/amanecerhuasteco.com\/portal\/82707-2\/","title":{"rendered":"Con un lleno total Ed\u00e9n Mu\u00f1oz colm\u00f3 de alegr\u00eda y baile la FENAE 2023"},"content":{"rendered":"<p>&nbsp;<\/p>\n<p>&nbsp;<\/p>\n<p>\u2022El cantautor de m\u00fasica regional, ampliamente conocido a nivel nacional e internacional, se dijo emocionado de pisar el escenario de la FENAE, y agradeci\u00f3 la calidez con la que fue recibido.<\/p>\n<p>Soledad de Graciano S\u00e1nchez; SLP.- La estupenda e inigualable voz de Ed\u00e9n Mu\u00f1oz, acompa\u00f1ada de los acordes del acorde\u00f3n y guitarra, hicieron vibrar la Feria Nacional de la Enchilada, en su s\u00e9ptima noche de fiesta, donde el int\u00e9rprete aprovech\u00f3 para dar a conocer su m\u00e1s reciente sencillo, \u201cVuela Tu\u201d.<\/p>\n<p>Ante un lleno multitudinario, Ed\u00e9n Mu\u00f1oz se present\u00f3 en la gran fiesta de los soledenses, donde no \u00fanicamente puso a bailar a los asistentes; tambi\u00e9n los llev\u00f3 por un recorrido musical que invoc\u00f3 memorias de anta\u00f1o.<\/p>\n<p>El cantautor de m\u00fasica regional, ampliamente conocido a nivel nacional e internacional, se dijo emocionado de pisar el escenario de la FENAE, y agradeci\u00f3 la calidez con la que fue recibido.<\/p>\n<p>Durante su presentaci\u00f3n, las notas de la guitarra y el acorde\u00f3n se intensificaron mientras el ex vocalista de Calibre 50 y Colmillo Norte\u00f1o deleitaba a sus seguidores con temas que se han consolidado como un \u00e9xito, entre estos: Chale; Como Quieras Quiero; Me Hace Tanto Bien; Consejos Gratis; B\u00e1jale, y Vuela t\u00fa.<\/p>\n<p>Fue una noche m\u00e1gica y espectacular, en donde las luces, la gran voz del artista y los acordes musicales fueron el complemento perfecto para hacer que la s\u00e9ptima noche de feria brillara con m\u00e1s fuerza.<\/p>\n<p>El espect\u00e1culo fue presenciado por la alcaldesa, Leonor Noyola Cervantes, y el Gobernador del Estado, Jos\u00e9 Ricardo Gallardo Cardona, quienes disfrutaron de los grandes \u00e9xitos y el espect\u00e1culo de calidad que ofreci\u00f3 el cantautor.<\/p>\n<p>La alcaldesa hizo un reconocimiento especial a cada una de las personas que est\u00e1n involucradas en la organizaci\u00f3n de la Feria Nacional de la Enchilada y agradeci\u00f3 el apoyo que ha otorgado el jefe del ejecutivo estatal, Jos\u00e9 Ricardo Gallardo Cardona.<\/p>\n<p>La jefa de gobierno municipal, record\u00f3 que este tipo de fiestas regionales, se organizan con la intenci\u00f3n de promover el sano esparcimiento y la diversi\u00f3n entre los habitantes de la localidad.<\/p>\n<p>Indic\u00f3 que representa tambi\u00e9n un motor econ\u00f3mico, que genera oportunidades laborales y promueve el consumo entre los comercios que se encuentran en la zona, sin dejar de lado, el gran impacto tur\u00edstico que la FENAE representa al atraer visitantes de municipios colindantes y otros estados.<\/p>\n","protected":false},"excerpt":{"rendered":"<p>&nbsp; &nbsp; \u2022El cantautor de m\u00fasica regional, ampliamente conocido a nivel nacional e internacional, se dijo emocionado de pisar el escenario de la FENAE, y agradeci\u00f3 la calidez con la que fue recibido. Soledad de Graciano S\u00e1nchez; SLP.- La estupenda e inigualable voz de Ed\u00e9n &hellip; <\/p>\n","protected":false},"author":1,"featured_media":82708,"comment_status":"open","ping_status":"open","sticky":false,"template":"","format":"standard","meta":{"footnotes":""},"categories":[11,4,42],"tags":[],"class_list":["post-82707","post","type-post","status-publish","format-standard","has-post-thumbnail","hentry","category-estado","category-inicio","category-soledad"],"_links":{"self":[{"href":"https:\/\/amanecerhuasteco.com\/portal\/wp-json\/wp\/v2\/posts\/82707","targetHints":{"allow":["GET"]}}],"collection":[{"href":"https:\/\/amanecerhuasteco.com\/portal\/wp-json\/wp\/v2\/posts"}],"about":[{"href":"https:\/\/amanecerhuasteco.com\/portal\/wp-json\/wp\/v2\/types\/post"}],"author":[{"embeddable":true,"href":"https:\/\/amanecerhuasteco.com\/portal\/wp-json\/wp\/v2\/users\/1"}],"replies":[{"embeddable":true,"href":"https:\/\/amanecerhuasteco.com\/portal\/wp-json\/wp\/v2\/comments?post=82707"}],"version-history":[{"count":2,"href":"https:\/\/amanecerhuasteco.com\/portal\/wp-json\/wp\/v2\/posts\/82707\/revisions"}],"predecessor-version":[{"id":82710,"href":"https:\/\/amanecerhuasteco.com\/portal\/wp-json\/wp\/v2\/posts\/82707\/revisions\/82710"}],"wp:featuredmedia":[{"embeddable":true,"href":"https:\/\/amanecerhuasteco.com\/portal\/wp-json\/wp\/v2\/media\/82708"}],"wp:attachment":[{"href":"https:\/\/amanecerhuasteco.com\/portal\/wp-json\/wp\/v2\/media?parent=82707"}],"wp:term":[{"taxonomy":"category","embeddable":true,"href":"https:\/\/amanecerhuasteco.com\/portal\/wp-json\/wp\/v2\/categories?post=82707"},{"taxonomy":"post_tag","embeddable":true,"href":"https:\/\/amanecerhuasteco.com\/portal\/wp-json\/wp\/v2\/tags?post=82707"}],"curies":[{"name":"wp","href":"https:\/\/api.w.org\/{rel}","templated":true}]}}