{"id":82744,"date":"2023-04-16T07:35:39","date_gmt":"2023-04-16T13:35:39","guid":{"rendered":"http:\/\/amanecerhuasteco.com\/portal\/?p=82744"},"modified":"2023-04-16T07:35:39","modified_gmt":"2023-04-16T13:35:39","slug":"entre-columnas-561","status":"publish","type":"post","link":"https:\/\/amanecerhuasteco.com\/portal\/entre-columnas-561\/","title":{"rendered":"ENTRE COLUMNAS"},"content":{"rendered":"<p>&nbsp;<\/p>\n<p>TESLA NO INSTALARA FABRICA DE BATERIAS EN EL ESTADO DE HIDALGO.<\/p>\n<p>Al parecer por no conceder M\u00e9xico est\u00edmulos fiscales\u00a0 que la empresa Tesla\u00a0 demandaba, cambia su proyecto a China, publican medios\u00a0 financieros internacionales.<\/p>\n<p>La nueva planta se construir\u00e1 en Shangai.<\/p>\n<p>El proyecto se hab\u00eda considerado en el pa\u00eds (concretamente en el Estado de Hidalgo) pero qued\u00f3 descartado al no contar con est\u00edmulos fiscales.<\/p>\n<p>Sin posibilidad de instalar la nueva f\u00e1brica de bater\u00edas de Tesla en M\u00e9xico, Elon Musk anunci\u00f3 que su destino ser\u00e1 Shangai, China, donde comenzar\u00e1 su construcci\u00f3n este a\u00f1o con el objetivo de que empiece su producci\u00f3n en 2024 sus \u00a0bater\u00edas de almacenamiento \u00abMegapack\u00bb,.<\/p>\n<p><a href=\"https:\/\/www.lapoliticaonline.com\/tools\/redirect.php?t=3&amp;i=254745&amp;s=4851c6a2f97097ed791319cf662b5215\">AMLO confirm\u00f3 que no habr\u00e1 est\u00edmulos fiscales para que Tesla instale una planta de bater\u00edas<\/a><\/p>\n<p>Vale recordar que el pa\u00eds fue considerado para la instalaci\u00f3n de esta f\u00e1brica, luego de que se anunciara que Monterrey ser\u00e1 la cede de una nueva planta de Tesla, sin embargo, ante la falta de un paquete de est\u00edmulos fiscales, se descart\u00f3 esta opci\u00f3n.<\/p>\n<p>+++++++<\/p>\n<p>.NUEVA\u00a0 TITULAR DEL C5 2.<\/p>\n<p>Desde\u00a0 el lunes anterior Gracia Cristina\u00a0 Z\u00fa\u00f1iga Malvarez es\u00a0 la\u00a0\u00a0 nueva funcionaria en el gabinete del Gobierno del Cambio, quien tiene la misi\u00f3n de seguir fortaleciendo el trabajo institucional en materia de seguridad p\u00fablica\u00a0 y la prevenci\u00f3n de delitos, en resultados positivos en favor de los ciudadanos, rindi\u00f3 protesta como nueva titular de la Direcci\u00f3n General en Tecnolog\u00edas de la Informaci\u00f3n e Inteligencia en Seguridad P\u00fablica, de la Secretar\u00eda de Seguridad y Protecci\u00f3n Ciudadana Estatal (SSPCE).<\/p>\n<p>En las instalaciones del Centro de Coordinaci\u00f3n, Control, Comando, Comunicaci\u00f3n, C\u00f3mputo, Informaci\u00f3n e Inteligencia (C5i2), se llev\u00f3 a cabo el acto protocolario encabezado por el secretario de Seguridad Estatal, General Guzmar \u00c1ngel Gonz\u00e1lez Castillo, quien exhort\u00f3 a la nueva funcionaria a impulsar acciones que permitan seguir con la din\u00e1mica de exitosos resultados en esta \u00e1rea tan importante para la administraci\u00f3n estatal.<\/p>\n<p>Z\u00fa\u00f1iga Malvarez dijo que se incorpora a una administraci\u00f3n para sumar esfuerzos en favor de la poblaci\u00f3n potosina, \u201cla intenci\u00f3n es generar mejoras siempre a donde llegamos, apoyados de un buen equipo de trabajo\u201d.<\/p>\n<p>Reconoci\u00f3 la voluntad e inter\u00e9s del Gobernador del Estado, Ricardo Gallardo Cardona, de quien recibi\u00f3 instrucciones para hacer un frente integral contra la delincuencia y todo aquello que pretenda desestabilizar la paz p\u00fablica.<\/p>\n<p>La\u00a0 nueva funcionaria cuenta con las licenciaturas en Contadur\u00eda P\u00fablica (Instituto Polit\u00e9cnico Nacional) y en Derecho (Universidad Nacional Aut\u00f3noma de M\u00e9xico); dentro del servicio p\u00fablico se ha desempe\u00f1ado en el Tribunal Superior de Justicia de la Ciudad de M\u00e9xico; Procuradur\u00eda General de la Rep\u00fablica en la Subprocuradur\u00eda Especializada en Investigaci\u00f3n de Delincuencia Organizada (S.E.I.D.O.); Servicio de Administraci\u00f3n Tributaria en materia de Delitos Fiscales, Procuradur\u00eda Fiscal de la Federaci\u00f3n; adem\u00e1s de desempe\u00f1arse en la defensa de asuntos jur\u00eddicos principalmente en materia penal-fiscal concluye el comunicado.<\/p>\n<p>++++++++++++<\/p>\n<p>CARROCERIAS\u00a0 BUSTOS<\/p>\n<p>Reforma y Lerdo de tejada Col. Altavista.<\/p>\n<p>Cd Valles SLP\u00a0 Tel. 3824777.<\/p>\n<p>En carrocer\u00edas para camiones y camionetas nadie nos compite<\/p>\n<p>+++++++++++++++++++<\/p>\n<p>Falleci\u00f3 Don Antonio Esper Bujaidar, ex alcalde\u00a0 de Valles.<\/p>\n<p>El pasado martes por la tarde fuimos enterados del fallecimiento del ex alcalde, ex diputado federal, amigo y benefactor\u00a0 de la comunidad Vallense,<\/p>\n<p>Don Antonio Esper Bujaidar, autor\u00a0 junto con su hermano\u00a0 el Arquitecto Alfonso, del paso trascendental de desarrollo que\u00a0 tuvo la urbe Huasteca con el apoyo\u00a0 del\u00a0 entonces gobernador Guillermo Fonseca \u00c1lvarez y la participaci\u00f3n decidida del pueblo obviamente.<\/p>\n<p>Fue presidente municipal en dos ocasiones\u00a0 durante la \u00e9poca triunfalista del PRI cuyo liderazgo fue por \u00a0los 80\u00b4s y 90\u00b4s fue Secretario de Obras y Servicios p\u00fablicos de Gobierno del Estado en la administraci\u00f3n de Horacio S\u00e1nchez Unzueta integrante del Consejo Pol\u00edtico Nacional del PRI y Secretario de Gesti\u00f3n Social en el Comit\u00e9 Directivo Estatal del PRI durante el Horaciato.<\/p>\n<p>El auge y esplendor de Ciudad Valles antes, estuvo marginado por los gobiernos\u00a0 anteriores\u00a0 a Fonseca \u00c1lvarez, con el arribo de To\u00f1o Eper, el despegue , auge y esplendor\u00a0 de la Puerta Grande de la Huasteca\u00a0 fue\u00a0 impactante, lo mismo los eventos feriales, durante su administraci\u00f3n se construy\u00f3 el bulevar 85 \u00a0pavimentaci\u00f3n de\u00a0 calles y avenidas, el bulevar es\u00a0 una obra perene\u00a0 que\u00a0 se\u00a0 disfruta por propios y extra\u00f1os.<\/p>\n<p>Era\u00a0 cu\u00f1ado de Jos\u00e9 Sulaiman,\u00a0\u00a0 haciendo posible la visita de grandes\u00a0 personajes\u00a0 del mundo del boxeo, entre ellos a Casius Clay y del gremio period\u00edstico fue un gran amigo\u00a0 que conviv\u00eda\u00a0 en todos los eventos\u00a0 con la\u00a0 familia period\u00edstica. Fue\u00a0 el patriarca del PRI\u00a0 en la Huasteca. hasta niveles del estado y nacional en los tiempos de gloria del partido.<\/p>\n<p>++++++++++++++<\/p>\n<p>TELEFONO GRATUITO<\/p>\n<p>PARA AGENDAR CITA\u00a0 AL IMSS<\/p>\n<p>Al final del anuncio\u2026\u2026.<\/p>\n<p>++++++<\/p>\n<p>&nbsp;<\/p>\n<p>EST\u00c1\u00a0 URGIDO DE DINERO?<\/p>\n<p>Pr\u00e9stamos\u00a0\u00a0\u00a0 de\u00a0 dinero inmediatos a pensionados\u00a0\u00a0 CFE, ISSSTE.FFCC, SCT, PEMEX,\u00a0 ACTIVOS Y JUBILADOS\u00a0 IMSS\u00a0\u00a0 SIN AFECTAR TARJETON.\u00a0\u00a0\u00a0 Ll\u00e1menos las\u00a0 24 hrs del d\u00eda\u00a0 4811039565\u2026.. CREDITO INMEDIATO\u00a0\u00a0\u00a0\u00a0 Tel. gratuito del IMSS\u00a0 800 681 2525<\/p>\n<p>++++++++++++++++++++++++++<\/p>\n<p>MULTAS AL CONGRESO LOCAL POR DESACATO.<\/p>\n<p>Juez federal multa al Congreso de\u00a0 SLP por desacato a una\u00a0 resoluci\u00f3n de amparo otorgado a la ex magistrada del Supremo Tribunal de Justicia, Mar\u00eda del Refugio Gonz\u00e1lez Reyes, el juzgador aplic\u00f3 a las siete integrantes del\u00a0 \u00f3rgano directivo con diez mil pesos a cada uno, ellos son los\u00a0 diputados Mar\u00eda Aranzaz\u00fa Puente Bustindui del PAN; Cinthia Ver\u00f3nica Segovia Colunga y Nadia Esmeralda Ochoa Lim\u00f3n del PVEM; Yolanda Josefina Cepeda Echavarr\u00eda del PRI; Emma Idalia Salda\u00f1a Guerrero del PMC; Gabriela Mart\u00ednez L\u00e1rraga de RSP y Lidia Nallely Vargas Hern\u00e1ndez de Morena.<\/p>\n<p>La diputada Cinthia Segovia Colunga, presidenta de la Directiva del Congreso del Estado, se\u00f1al\u00f3 que se atender\u00e1 la instrucci\u00f3n\u00a0 de la multa a las integrantes de la Directiva y se informar\u00e1 al juez.\u00a0 Antecedentes del caso, de la no ratificaci\u00f3n de una magistrada del Poder Judicial data de la Legislatura anterior; dicha magistrada al no estar conforme con la decisi\u00f3n, present\u00f3 una serie de procedimientos jur\u00eddicos ante una instancia federal que han sido atendidos por la LXIII Legislatura, pero, al no quedar conforme el juez federal con la respuesta del Congreso del Estado, se deriv\u00f3 en una sanci\u00f3n econ\u00f3mica para las integrantes de la Directiva actual.\u00a0 El pago de esta multa, se realizar\u00e1 de manera personal por cada una de las diputadas.<\/p>\n<p>++++++++++++<\/p>\n<p>ATENCION<\/p>\n<p>&nbsp;<\/p>\n<p>En espacios cerrados, mantente puesto el cubrebocas y si estas al aire libre y te lo quitas, recuerda mantener una distancia de al menos 2 metros de otras personas.<\/p>\n<p>La pandemia no ha terminado; mant\u00e9n las medidas de prevenci\u00f3n y \u00a1corta el contagio!<\/p>\n<p>QFB\u00a0 FABIOLA GARCIA ALVAREZ<\/p>\n<p>Perito dictaminador en an\u00e1lisis bacteriol\u00f3gico de agua y alimentos con n\u00famero GES-PD 0705<\/p>\n<p>Perito dictaminador en\u00a0 estupefacientes GES-PD0523<\/p>\n<p>Maestr\u00eda\u00a0 en an\u00e1lisis cl\u00ednicos 1301 \u2013 368068<\/p>\n<p>Ced\u00a0 prof\u00a0 8664204\u00a0\u00a0 Tel. 38 1 66 64<\/p>\n<p>Asesor\u00eda,\u00a0 auditor\u00eda\u00a0 y gesti\u00f3n ambiental.<\/p>\n<ol>\n<li>Victoria No. 8 zona centro Cd Valles SLP.<\/li>\n<\/ol>\n<p>++++++++++++++<\/p>\n<p>QUINCE\u00a0 EMPRESAS\u00a0 INDUSTRIALES\u00a0 LLEGARIAN A VALLES<\/p>\n<p>&nbsp;<\/p>\n<p>Durante\u00a0 sexenios\u00a0 anteriores\u00a0\u00a0 al Gobierno del Cambio, solo hubo promesas, ni siquiera intenciones\u00a0 de tomar en cuenta\u00a0 a Ciudad Valles\u00a0 y zona de influencia de\u00a0 crear \u00a0\u00a0fuentes de empleo, ni siquiera una,\u00a0 en cambio en la capital y zona conurbada\u00a0 hasta \u00a0requer\u00edan de\u00a0 m\u00e1s \u00e1reas\u00a0 para\u00a0 dar cabida a\u00a0 mas\u00a0 industrias, sin embargo,\u00a0 el Mandatario Potosino ha expresado su inter\u00e9s\u00a0 por\u00a0 Valles para crear fuentes de empleo y\u00a0 exhort\u00f3 a los\u00a0 alcaldes\u00a0 adquirir predios\u00a0 para\u00a0 alojar industrias en un futuro pr\u00f3ximo y lo ha confirmado el alcalde\u00a0 quien dijo que ya se dispone de la superficie requerida y\u00a0 acab\u00f3 el centralismo\u00a0 que\u00a0 pasados gobiernos\u00a0 practicaban\u00a0 marginando a\u00a0 esta zona, por esa\u00a0 raz\u00f3n los profesionistas y t\u00e9cnicos emigraban a otras\u00a0 ciudades\u00a0\u00a0 inclusive el extranjero.<\/p>\n<p>&nbsp;<\/p>\n<p>Sobre el tema, el ingeniero Ra\u00fal Camacho quien fuera director de desarrollo en el Gobierno Independiente, coment\u00f3 en redes sociales: \u201cNo hay manera, no hay espacio, ni est\u00e1n todos los servicios instalados.<\/p>\n<p>Muchos terrenos ni escrituras les han entregado. Muchas veces acud\u00ed a San Luis a tratar de resolver este tema del parque y all\u00e1 solo dan largas.<\/p>\n<p>Una empresa alemana se quiso\u00a0instalar aqu\u00ed hace 3 a\u00f1os y gobierno del estado se la llevo a Villa de Reyes. Pero el tiempo al tiempo y la naturaleza les va a cobrar factura con la contaminaci\u00f3n de la capital, por querer acaparar toda la industria\u201d<\/p>\n<p>Y\u00a0 ya\u00a0 empezaron con la escasez\u00a0 de agua.<\/p>\n<p>+++++++++++<\/p>\n<p>CARROCERIAS\u00a0 BUSTOS<\/p>\n<p>Reforma y Lerdo de tejada Col. Altavista.<\/p>\n<p>Cd Valles SLP\u00a0 Tel. 3824777.<\/p>\n<p>En carrocer\u00edas para camiones y camionetas nadie nos compite.<\/p>\n<p>++++++++++++++<\/p>\n<p>SE\u00a0 ACABARON LOS \u201cPAMES\u201d\u00a0 Y LOS \u201cXI OI\u201d AHORA ES LA ETNIA\u00a0 XI UY.<\/p>\n<p>&nbsp;<\/p>\n<p>El Congreso del Estado suprime t\u00e9rminos Pame y Xi\u2019oi de la Constituci\u00f3n Pol\u00edtica del Estado, se sustituy\u00f3 por\u00a0 el de XI UY\u00a0 identidad\u00a0 \u00e9tnica correcta, seg\u00fan el comunicado del Congreso.<\/p>\n<p>Seg\u00fan un comunicado del Congreso del \u00a0Estado, aprob\u00f3 la iniciativa presentada por la diputada Gabriela Mart\u00ednez L\u00e1rraga, y Carmelo Rodr\u00edguez Rojas, Presidente de los Pueblos Ind\u00edgenas de las Etnias Xi\u2019iuy, T\u00e9nek y N\u00e1huatl, la iniciativa donde se reforma el art\u00edculo 9\u00b0 en su p\u00e1rrafo primero de la Constituci\u00f3n Pol\u00edtica del Estado. Reformar el art\u00edculo 3\u00b0 en su p\u00e1rrafo \u00faltimo de la Ley de Consulta Ind\u00edgena para el Estado.<\/p>\n<p>En el dictamen, se suprimen los t\u00e9rminos pame y xi\u2019oi del texto de la Constituci\u00f3n Pol\u00edtica del Estado, as\u00ed como de la Ley de Consulta Ind\u00edgena, para sustituirlos por el t\u00e9rmino correcto Xi\u2019iuy que efectivamente da identidad a la etnia.<\/p>\n<p>La Presidenta de la Comisi\u00f3n de Asuntos Ind\u00edgenas coment\u00f3 que, \u201cde esta manera empezaremos a construir un camino de respeto y coordinaci\u00f3n con nuestros pueblos ind\u00edgenas, a fin de dar respuestas efectivas a sus reivindicaciones y aspiraciones, garantizando sus derechos y fortaleciendo sus culturas e identidades colectivas.\u201d<\/p>\n<p>Sobre el tema, \u00a0este grupo disperso en parte del suelo potosino, con presencia importante en el \u201cEjido La Palma\u201d (municipio de Tamasopo, donde se concentran aproximadamente treinta comunidades, se\u00f1alan que la palabra pame no es aceptada por los habitantes de la etnia Xi\u2019iuy, como un t\u00e9rmino que deba representar la identidad \u00e9tnica, en raz\u00f3n de que es utilizado constantemente para denigrar la condici\u00f3n humana de las personas, dado que su significado se refiere a \u201cpersona tonta y negativa\u201d, por lo que era\u00a0 considerado \u00a0despectivo. Por las comunidades pertenecientes a esta etnia.<\/p>\n<p>+++++++++++++<\/p>\n<p>\u00bfY\u00a0 SAMS\u00a0\u00a0 PAG\u00d3 LA MULTA AL MUNIICIPIO POR\u00a0 CONTAMINAR?<\/p>\n<p>+.-\u00a0 Mil umas\u00a0 la sanci\u00f3n aplicada por reincidentes.<\/p>\n<p>El pasado a\u00f1o la direcci\u00f3n de ecolog\u00eda municipal aplic\u00f3 una sanci\u00f3n administrativa a la\u00a0 empresa trasnacional Sams, pero \u00e9sta prefiri\u00f3 gastar m\u00e1s en abogados\u00a0 que\u00a0 cubrir los \u00a0300 mil pesos acumulados, incluso intervino hasta la Sindicatura\u00a0 a efecto de\u00a0\u00a0 hacer efectiva la sanci\u00f3n y hasta un funcionario de primer nivel fue renunciado\u00a0 por su incapacidad\u00a0 para imponer la Ley, sin embargo han pasado meses\u00a0 y\u00a0 no se\u00a0 volvi\u00f3 a tocar\u00a0 el tema a\u00a0 ni siquiera POR LOS REGIDORES\u00a0 PARA DESQUITAR SU SUPER SUELDO.<\/p>\n<p>La Direcci\u00f3n de\u00a0 ecolog\u00eda\u00a0 est\u00e1\u00a0 trabajando\u00a0 y aplica\u00a0 sanciones\u00a0 a\u00a0 quienes incurren \u00a0en violaciones al reglamento ecol\u00f3gico,\u00a0 en d\u00edas recientes\u00a0 fue informado que\u00a0\u00a0 tambi\u00e9n los establecimientos Church\u00b4s\u00a0 Chicquen\u00a0 y la\u00a0 empresa Tampique\u00f1a Abarrotera de Valles \u00a0ambas fueron sancionadas por casos de\u00a0contaminaci\u00f3n\u00a0 seg\u00fan\u00a0 el director de La dependencia\u00a0 municipal\u00a0 Luis \u00c1ngel Guzm\u00e1n, \u00a0agreg\u00f3 que ambos establecimientos\u00a0 estaban apercibidos\u00a0 anteriormente, por lo que se\u00a0 procedi\u00f3 a\u00a0\u00a0\u00a0 sancionarlos econ\u00f3micamente<\/p>\n<p>En el caso de la empresa reincidente ya se le hab\u00eda apercibido y entregado un plan para erradicar las acciones de contaminaci\u00f3n, situaci\u00f3n que no atendi\u00f3, posteriormente se le vuelve a denunciar y tras la verificaci\u00f3n nuevamente, se determin\u00f3 aplicar una sanci\u00f3n directamente como marca el Reglamento de Ecolog\u00eda.<\/p>\n<p>La sanci\u00f3n fue de mil UMAS, que corresponde a m\u00e1s de 100 mil pesos, si reinciden se le aplica, nuevamente, una sanci\u00f3n econ\u00f3mica mayor, en el caso de los pollos asados\u00a0\u00a0 tiene la oportunidad de\u00a0 cumplir con las especificaciones dictadas\u00a0 y evitar la elevada multa.<\/p>\n<p>++++++++++++++<\/p>\n<p>El sitio ideal para\u00a0 sus fiestas\u2026<\/p>\n<p>\u201cFINCA\u00a0 SAN ISIDRO\u201d<\/p>\n<p>Sal\u00f3n para fiestas de todo tipo.<\/p>\n<p>Carretera Valles \u2013 R\u00edo Verde Km. 8<\/p>\n<p>Contrataciones al Tel. 01 481 179 09<\/p>\n<p>Cd. Valles SLP M\u00e9xico.<\/p>\n<p>+++++++++++++++++++<\/p>\n<p>CAMBIOS\u00a0 CLIMATICOS BRUSCOS SORPRENDEN A HABITANTES DE LA HUASTECA.<\/p>\n<p>+.-\u00a0 En plena Semana Santa\u00a0 con clima fr\u00edo. Lo normal es caluroso y lluvia escasa.<\/p>\n<p>+.- El ciclo de\u00a0 clima fr\u00edo\u00a0 podr\u00eda\u00a0 extenderse hasta el mes de mayo, pronostican.<\/p>\n<p>Hace\u00a0 63\u00a0 a\u00f1os\u00a0 para ser precisos, el clima de la\u00a0 Huasteca, incluyendo\u00a0 la microrregi\u00f3n Huasteca norte, era\u00a0 benigna, agradable,\u00a0 no\u00a0 se\u00a0 requer\u00edan\u00a0 ni abanicos, eran pocas\u00a0 familias\u00a0 que utilizaban ese artefacto el\u00e9ctrico y\u00a0 los\u00a0 aparatos de aire acondicionado\u00a0 totalmente DESCONOC IDOS, las tres muebler\u00edas\u00a0 que\u00a0 exist\u00edan en ese entonces, no vend\u00edan abanicos el\u00e9ctricos.<\/p>\n<p>Pero pasadas algunas d\u00e9cadas, precisamente al inicio del mes de marzo del a\u00f1o 2013, una\u00a0 ola de calor invadi\u00f3 esta zona y particularmente el Valle\u00a0 de\u00a0 la Puerta grande de la Huasteca, se\u00a0 vivi\u00f3 literalmente en el infierno, hab\u00eda fuego por los\u00a0 alrededores\u00a0\u00a0\u00a0 de la ciudad\u00a0 y colonias (se dijo que manos criminales incendiaron los alrededores\u00a0 con prop\u00f3sitos\u00a0 de\u00a0 influir ante los gobiernos en turno a\u00a0 acceder a sus prop\u00f3sitos) \u00a0los Vallenses de\u00a0 esa \u00e9poca pasamos la \u201cprueba del infierno en la tierra\u201d el term\u00f3metro super\u00f3 los 55\u00a0 grados Celsius. Lo peor del caso es\u00a0 que\u00a0 no hab\u00eda autoridades\u00a0 municipales\u00a0 que\u00a0 encabezaran\u00a0 acciones de auxilio a la poblaci\u00f3n,\u00a0 el \u201cse\u00f1or alcalde\u201d\u00a0 en Canc\u00fan en una boda.<\/p>\n<p>Los medios informativos\u00a0 que publicaron el suceso dan cuenta del suceso\u00a0 nunca vivido por los Vallenses, para creyentes dec\u00edan que era el fin del mundo, pero pasadas\u00a0 las horas, ya por la noche\u00a0 mejoraron las condiciones,\u00a0 al siguiente d\u00eda\u00a0 llegaron brigadas de auxilio y v\u00edveres\u00a0 de apoyo\u00a0 a familias que perdieron todo ante\u00a0 el siniestro. Un caso semejante\u00a0 nunca\u00a0 antes\u00a0 ni despu\u00e9s han sufrido los Vallenses,\u00a0 solo aquel lunes\u00a0 18 de marzo del a\u00f1o 2013.<\/p>\n<p>+++++++++++++++<\/p>\n<p>\u201cCAF\u00c9 Y RESTAURANT\u00a0 EL FAROLITO\u201d<\/p>\n<p>Lo mejor de la cocina Huasteca; el tradicional zacahuil y cazueladas.\u00a0\u00a0 Atendemos toda clase de\u00a0 festejos. Pedidos al Tel\u00a0 3821017 Ciudad Valles SLP.<\/p>\n<p>++++++++++++<\/p>\n<p>D\u00a0 E\u00a0\u00a0\u00a0 V O L A\u00a0 D\u00a0 A.-<\/p>\n<p>VORACIDAD POR COBRO DE ESTACIONOMETROS\u2026. Ahora se\u00a0 comprende\u00a0 la actitud\u00a0 voraz sin contemplaci\u00f3n alguna pese al p\u00e9simo estado\u00a0 de los aparatos de medici\u00f3n y cobro por estacionamiento p\u00fablico en esta ciudad,\u00a0 reporta millonarios ingresos\u00a0\u00a0 que\u00a0 ingresan a los bolsillos del propietario\u00a0 de los\u00a0 aparatos y una parte al municipio.\u00a0 Seg\u00fan el reporte oficial, el ingreso reportado por cobro de estacionamiento en la v\u00eda p\u00fablica mediante el uso de parquimetros durante el a\u00f1o 2022, fue de $ 6,031,504.01 de los\u00a0\u00a0 que\u00a0 el municipio\u00a0 no explica\u00a0 si son netos\u00a0 o comparti\u00f3 con\u00a0 el C\u00f3nsul de San Bernab\u00e9 California EUA.<\/p>\n<p>&nbsp;<\/p>\n<p>++++++++++++++<\/p>\n<p>PROPONE\u00a0 SENADORA CAMBIAR NOMBRE\u00a0 AL ZOCALO DE LA\u00a0 CDMX.<\/p>\n<p>Algunos medios\u00a0 nacionales publicaron como una nota\u00a0 intrascendente\u00a0 la propuesta de La senadora de Morena, M\u00f3nica Fern\u00e1ndez Balboa,\u00a0 la iniciativa para llamar el cambio de nombre del Z\u00f3calo, con el fin de que ir acorde y en\u00a0 homenaje a la Constituci\u00f3n de 1824 en vez de a la monarqu\u00eda espa\u00f1ola.<\/p>\n<p>De\u00a0 acuerdo con el comunicado, en \u00a0la\u00a0 propuesta\u00a0 la\u00a0 Senadora explic\u00f3 que este recinto lleva por nombre Plaza de la Constituci\u00f3n en homenaje a la Constituci\u00f3n pol\u00edtica de la monarqu\u00eda espa\u00f1ola, aprobada en la ciudad de C\u00e1diz el 19 de marzo de 1812.<\/p>\n<p>Por lo que propone se modifique para enaltecer y reconocer la independencia del pa\u00eds y se nombre como \u201cPlaza de la Constituci\u00f3n de los Estados Unidos Mexicanos de 1824\u201d, la cual fue promulgada en la Ciudad de M\u00e9xico el 4 de octubre de 1824.<\/p>\n<p>Cit\u00f3 que el Acta Constitutiva de la Federaci\u00f3n fue aprobada solemnemente el 31 de enero de 1824 por los Estados de la \u201cnaciente naci\u00f3n mexicana\u201d, y \u00e9sta fue aprobada el 4 de octubre de ese mismo a\u00f1o, fechas que pr\u00f3ximamente cumplir\u00e1n 200 a\u00f1os.<\/p>\n<p>\u201cA la fecha, la plaza mayor del centro hist\u00f3rico lleva por nombre, seg\u00fan se indica en los letreros colocados en sus esquinas por la autoridad local, como \u2018Plaza de la Constituci\u00f3n\u2019, que abrevia su nombre completo que es \u2018Plaza de la Constituci\u00f3n Pol\u00edtica de la Monarqu\u00eda Espa\u00f1ola\u2019 en honor a la Constituci\u00f3n de C\u00e1diz de 1812\u201d, explic\u00f3 en su iniciativa.<\/p>\n<p>De nombrar la plaza mayor de la Ciudad de M\u00e9xico significar\u00eda concluir la intenci\u00f3n de \u201clos gloriosos insurgentes y honrar en su bicentenario su m\u00e1s preciado legado: la Constituci\u00f3n federal\u201d.<\/p>\n<p>La iniciativa fue presentada el 8 de febrero de este a\u00f1o, y se espera que sea discutida por la Comisi\u00f3n de Gobernaci\u00f3n, que preside la morenista, en las pr\u00f3ximas semanas, con la intenci\u00f3n de que m\u00e1s adelante fuese turnada al pleno.<\/p>\n<p>+++++++++<\/p>\n<p><a href=\"https:\/\/www.facebook.com\/profile.php?id=100085690009848&amp;__cft__%5b0%5d=AZWXisZDUw6Wtas5y5BI4g2Vvr1flGtXn4VucgT9Uhl1X569CUh2Khb_tB-KT1teQ2r6dttfkzsBDgR-EK7EQ7ZhqImlNrTltBztWUKRD6EWRsgAkTve93hCaoGIdZiDN5CAc10cM0ZyfYi-EVOTBWilSZjjnEIJWJp3z4rSNX54_duQvdS9Dgk7I4liTSMbn0wb2xHfTNZlHuc5qmFuno9rYYYF5XEnnUXxY0rEMPq9DRoJ5pbTnND5wwG-AZ5yR0SFwiGsR7b7qrVV0EOJDTZJce_Zh7OgmNq-qSQaaCbR_mtHtClfRSuDTsCb2KLFeeY&amp;__tn__=-UC%2CP-R\">Planchadora Express Cd. Valles<\/a><\/p>\n<p>Ponemos a tu disposici\u00f3n Nuestro Servicio de Planchado de la m\u00e1s alta calidad en la Ciudad.<\/p>\n<p>Informaci\u00f3n y Costos al 481 119 2145<\/p>\n<p>Direcci\u00f3n Plaza Engracia 110 Del Carmen 2<\/p>\n<p>Contamos con Servicio a Domicilio con Costo Adicional!<\/p>\n<p>+++++++++++++++++++++<a href=\"mailto:davidfloresservicios@hotmail.com\">davidfloresservicios@hotmail.com<\/a><\/p>\n<p>hasta la pr\u00f3xima semana..<\/p>\n<p>&#8212;<\/p>\n","protected":false},"excerpt":{"rendered":"<p>&nbsp; TESLA NO INSTALARA FABRICA DE BATERIAS EN EL ESTADO DE HIDALGO. Al parecer por no conceder M\u00e9xico est\u00edmulos fiscales\u00a0 que la empresa Tesla\u00a0 demandaba, cambia su proyecto a China, publican medios\u00a0 financieros internacionales. La nueva planta se construir\u00e1 en Shangai. El proyecto se hab\u00eda &hellip; <\/p>\n","protected":false},"author":1,"featured_media":80155,"comment_status":"open","ping_status":"open","sticky":false,"template":"","format":"standard","meta":{"footnotes":""},"categories":[17,4],"tags":[],"class_list":["post-82744","post","type-post","status-publish","format-standard","has-post-thumbnail","hentry","category-colaboraciones","category-inicio"],"_links":{"self":[{"href":"https:\/\/amanecerhuasteco.com\/portal\/wp-json\/wp\/v2\/posts\/82744","targetHints":{"allow":["GET"]}}],"collection":[{"href":"https:\/\/amanecerhuasteco.com\/portal\/wp-json\/wp\/v2\/posts"}],"about":[{"href":"https:\/\/amanecerhuasteco.com\/portal\/wp-json\/wp\/v2\/types\/post"}],"author":[{"embeddable":true,"href":"https:\/\/amanecerhuasteco.com\/portal\/wp-json\/wp\/v2\/users\/1"}],"replies":[{"embeddable":true,"href":"https:\/\/amanecerhuasteco.com\/portal\/wp-json\/wp\/v2\/comments?post=82744"}],"version-history":[{"count":1,"href":"https:\/\/amanecerhuasteco.com\/portal\/wp-json\/wp\/v2\/posts\/82744\/revisions"}],"predecessor-version":[{"id":82745,"href":"https:\/\/amanecerhuasteco.com\/portal\/wp-json\/wp\/v2\/posts\/82744\/revisions\/82745"}],"wp:featuredmedia":[{"embeddable":true,"href":"https:\/\/amanecerhuasteco.com\/portal\/wp-json\/wp\/v2\/media\/80155"}],"wp:attachment":[{"href":"https:\/\/amanecerhuasteco.com\/portal\/wp-json\/wp\/v2\/media?parent=82744"}],"wp:term":[{"taxonomy":"category","embeddable":true,"href":"https:\/\/amanecerhuasteco.com\/portal\/wp-json\/wp\/v2\/categories?post=82744"},{"taxonomy":"post_tag","embeddable":true,"href":"https:\/\/amanecerhuasteco.com\/portal\/wp-json\/wp\/v2\/tags?post=82744"}],"curies":[{"name":"wp","href":"https:\/\/api.w.org\/{rel}","templated":true}]}}