{"id":833,"date":"2011-09-08T20:30:51","date_gmt":"2011-09-09T02:30:51","guid":{"rendered":"http:\/\/amanecerhuasteco.com\/portal\/2011\/09\/08\/entre-columnas-5\/"},"modified":"2011-09-08T20:30:51","modified_gmt":"2011-09-09T02:30:51","slug":"entre-columnas-5","status":"publish","type":"post","link":"https:\/\/amanecerhuasteco.com\/portal\/entre-columnas-5\/","title":{"rendered":"ENTRE COLUMNAS"},"content":{"rendered":"<div align=\"justify\"><strong>SEPARAN A DOS OFICIALES<\/strong><\/div>\n<div align=\"justify\">De la Secretar\u00eda de Seguridad P\u00fablica del estado, `porque dieron positivo en el antidoping por eso \u201cces\u00f3 a dos jefes del grupo Erco\u201d a quienes se les podr\u00eda instaurar un procedimiento administrativo, por lo pronto est\u00e1n suspendidos, dice el titular de la corporaci\u00f3n en el estado.<br \/>\u201cEL GRITO EN PRIVADO\u201d\u00a0 as\u00ed es, de nueva cuenta ante la inseguridad que prevalece en Valles y ante la incapacidad de la polic\u00eda municipal de proporcionarla a la ciudadan\u00eda, la ceremonia del Grito se har\u00e1 con la asistencia del pueblo que primero pasar\u00e1 por una revisi\u00f3n electr\u00f3nica. Todo estar\u00e1 bajo el resguardo del 45 Batall\u00f3n de Infanter\u00eda.<br \/>Finalmente en casita est\u00e1 usted seguro, su asistencia al evento no resuelve nada de la situaci\u00f3n de inseguridad que padecemos.<\/div>\n<div align=\"justify\"><font color=\"#FF6600\"><em>La cita es en el caf\u00e9 \u201cLa Nueva Fe\u201d frente al jard\u00edn Hidalgo.<\/em><\/font><\/p>\n<p><strong>PESIMO SERVICIO DE AUTOBUSES PARA SUB PROCURADURIA DE JUSTICIA.<\/strong><br \/>Un ciudadano que\u00a0 sea v\u00edctima de alg\u00fan delito del fuero com\u00fan, que no tiene empleo o lo que gana apenas alcanza para llevar alimento a su familia, no perder\u00e1 un d\u00eda o mas, para intentar tener la oportunidad de acudir ante el Ministerio P\u00fablico por dos razones: 1.- El deficiente transporte urbano que\u00a0 cubre la ruta Tampaya Sub procuradur\u00eda de justicia por el Libramiento Sur\/poniente, hay una corrida\u00a0 cada hora y en ocasiones\u00a0 no la hace.<br \/>2.- .- La discriminaci\u00f3n de que son objeto un ciudadano com\u00fan, los MPs atienden preferentemente quienes llevan su abogado particular,. Pierden el d\u00eda y de lograr atenci\u00f3n, es una justicia a medias.<br \/><font color=\"#FF6600\"><\/font><\/div>\n<div align=\"justify\">\u00a0<\/div>\n<div align=\"justify\"><font color=\"#FF6600\"><em>REFACCIONARIA \u201cLA GOTA DE ORO\u201d en conexiones, mangueras y bandas automotrices y agr\u00edcolas Solo nosotros. Glorieta Pedro A. Santos.<\/em><\/font><\/p>\n<p><strong>LA UBICACI\u00d3N DE LA SUB PROCURARIA NO ES FACTIBLE.<\/strong><br \/>La \u201cideota\u201d de que la Procuradur\u00eda de Justicia fuera\u00a0 \u201cpronta y expedita\u201d fue en base a intereses\u00a0 entre un latifundista fraccionador urbano y el gobernante en turno del anterior sexenio, <br \/>El primero ya se hab\u00eda beneficiado con acaparar tierras\u00a0 cuando se proyecto el libramiento, fall\u00f3 el proyecto de un conjunto habitacional por ser zona inundable, ahora hab\u00eda que buscar valor agregado al enorme predio.<br \/>Ya est\u00e1!\u00a0 Donar un terreno al estado para construir su palacio de justicia, lo que fue logrado invirtiendo millonadas en el relleno y ah\u00ed est\u00e1 a\u00a0 cuatro kil\u00f3metros de la ciudad\u00a0 la \u201ccasa de justicia\u201d\u00a0 A todo esto agr\u00e9guele el alto riego de las personas obligadas a caminar\u00a0 a orillas de la carretera de alta velocidad, no hay se\u00f1alizaci\u00f3n de baja velocidad ni agentes de tr\u00e1nsito, en ese mismo tramo han ocurrido tragedias, el factor es ser atropellados peatones que caminan a para la subprocradur\u00eda o retornan a la ciudad a pi\u00e9 por la colonia Ju\u00e1rez.<\/p>\n<p><font color=\"#FF6600\"><em>Restaurante \u201cEL FAROLITO\u201d Lo mejor de la cocina Huasteca, el tradicional zacahuil y cazueladas. Atendemos sus festejos. Pedidos al tel\u00e9fono 3821017<\/em><\/font><\/p>\n<p><strong>RETROACTIVO A POLICIAS SOLO FUE POR AGOSTO: REGIDOR DE POLICIA.<\/strong><br \/>Los 12 polic\u00edas\u00a0 que protestaron por no recibir una correcta homologaci\u00f3n de sus salarios, fueron \u201cinvitados\u201d por el secretario del ayuntamiento a inconformarse con sus jefes\u00a0 y no por los medios informativos, dando carpetazo al asunto, ahora aparece el regidor de polic\u00eda Carlos Cervantes, al parecer ya se inform\u00f3 bien del caso.<br \/>Bien, el regidor priista de la comisi\u00f3n de polic\u00eda que radica casi todo el mes en el Distrito Federal, vino a Valles y conoci\u00f3 el problema, se reuni\u00f3 con la tesorera y el director de recursos humanos, aclararon que esos\u00a0 elementos inconformes \u201crecibir\u00e1n su homologaci\u00f3n\u00a0 retroaxctiva al mes de enero de manera gradual de tal forma que en la segunda quincena de agosto solo se les pag\u00f3 lo correspondiente al \u00faltimo mes\u201d<\/p>\n<p><em><font color=\"#FF6600\">\u201cSISTEMAS INFORMATICOS ESPECIALIZADOS\u201d\u00a0 todo para su computadora, reparaci\u00f3n y mantenimiento. Ju\u00e1rez 112 B tel\u00e9fono 3831226<\/font><\/em><\/p>\n<p><strong>EN LA CEREMONIA\u00a0 SE DIJO QUE ESTABAN PAGANDO TODA LA HOMOLOGACI\u00d3N \u00bfENTONCES<\/strong><br \/>El regidor de polic\u00eda Carlos Cervantes no estuvo en la ceremonia presidida por la alcaldesa para anunciar con bombos y platillos la homologaci\u00f3n de salarios a los polic\u00edas municipales sin embargo dice \u201cDesconocemos que hayan tenido un documento en el cual ten\u00edan un concepto retroactivo que marcaba el retroactivo por todo el a\u00f1o de enero a diciembre, a ellos se les taba pagando el retroactivo correspondiente al mes de la quincena pasada, de tal manera que el otro pendiente se les iba a ir\u00a0 aplicando conforme a su salario ya aumentado\u201d<br \/>Y Cervantes explica \u201c\u2026esto que quiere decir, si la otra parte que les hac\u00eda falta se les iba a juntar en cada quincena.<br \/>No est\u00e1 muy claro esto, porque el secretario municipal en sus declaraciones dijo que\u00a0 no har\u00eda mas declarar iones y en ning\u00fan momento intent\u00f3 explicar lo que ahora dice el regidor. Hay gato encerrado, alguien pretend\u00eda quedarse con el importe de las homologaciones. (piensa mal y acertar\u00e1) <br \/><font color=\"#FF6600\"><em><br \/>TELSOL<br \/>Venta de equipo y reparaci\u00f3n y cambio de\u00a0 compa\u00f1\u00eda.<br \/>Liberaci\u00f3n y mantenimiento de celulares.<br \/>Carranza y Abasolo a sus \u00f3rdenes.<\/em><\/font><\/p>\n<p>Ahora es en la DAPAS\u00a0 donde las cosas no andan muy transparentes y hasta existe la posibilidad que la Auditor\u00eda superior del estado intervenga y hasta\u00a0 aplique sanciones, nada mas que no habr\u00e1 un regidor a quien echar la culpa, sino al proveedor del equipo de c\u00f3mputo que fue actualizado con una inversi\u00f3n de casi 1.5 millones de pesos y no cumpli\u00f3, de esta manera\u00a0 los informes se retrasaron desde marzo del presente a\u00f1o.<\/p>\n<p><strong>LIDER PANISTA EXIGE A REGIDORES APOYAR A ALCALDESA.<\/strong><br \/>Recientemente el dirigente del PAN en el estado Marco Antonio Gama Bazarte, expres\u00f3 que la regidora de la Comisi\u00f3n de hacienda Lili Lara Compe\u00e1n, en lugar de criticar a la alcaldesa Socorro Herrera, su \u201cobligaci\u00f3n era apoyarla en todo\u201d<br \/>El l\u00edder partidista no le parece que la primer regidora del cabildo de Valles, haga fuertes cr\u00edticas\u00a0 a la mun\u00edcipe, declara que su funci\u00f3n es respaldarla, situaci\u00f3n que ha generado la aflicci\u00f3n de una sanci\u00f3n estatutaria a la edil (Lili).<br \/>Ciudadanos discrepan del dirigente, no es su funci\u00f3n mar4car\u00a0 la conducta del representante popular que es representante del pueblo no al servicio de su partido, si las cosas no est\u00e1n bien\u00a0 en la administraci\u00f3n es su obligaci\u00f3n ciudadana denunciarlo.<\/p>\n<p><strong>MINIMO\u00a0 PREPARAORIA EXIGIRAN A NUEVOS POLICIAS MUNICIPALES.<\/strong><br \/>Los municipios que gozan del SUBSEMUN para el funcionamiento de su polic\u00eda municipal, a partir del pr\u00f3ximo a\u00f1o, todos sus elementos deber\u00e1n\u00a0 contar con estudios de Preparatoria como m\u00ednimo, de lo contrario la federaci\u00f3n cancelar\u00eda el presupuesto anual (en el caso de Valles es superior a 10 millones de pesos) <br \/>Con este requisito obligatorio para el siguiente a\u00f1o, los elementos en activo que no tienen ese grado de preparaci\u00f3n tendr\u00e1n que cursarlos en escuelas abiertas En\u00a0 Valles son 142 polic\u00edas que\u00a0 aparecen en n\u00f3mina, no se inform\u00f3 cuantos de ellos tienen el bachillerato.<\/div>\n","protected":false},"excerpt":{"rendered":"<p>SEPARAN A DOS OFICIALES De la Secretar\u00eda de Seguridad P\u00fablica del estado, `porque dieron positivo en el antidoping por eso \u201cces\u00f3 a dos jefes del grupo Erco\u201d a quienes se les podr\u00eda instaurar un procedimiento administrativo, por lo pronto est\u00e1n suspendidos, dice el titular de &hellip; <\/p>\n","protected":false},"author":1,"featured_media":17874,"comment_status":"open","ping_status":"open","sticky":false,"template":"","format":"standard","meta":{"footnotes":""},"categories":[17],"tags":[],"class_list":["post-833","post","type-post","status-publish","format-standard","has-post-thumbnail","hentry","category-colaboraciones"],"_links":{"self":[{"href":"https:\/\/amanecerhuasteco.com\/portal\/wp-json\/wp\/v2\/posts\/833","targetHints":{"allow":["GET"]}}],"collection":[{"href":"https:\/\/amanecerhuasteco.com\/portal\/wp-json\/wp\/v2\/posts"}],"about":[{"href":"https:\/\/amanecerhuasteco.com\/portal\/wp-json\/wp\/v2\/types\/post"}],"author":[{"embeddable":true,"href":"https:\/\/amanecerhuasteco.com\/portal\/wp-json\/wp\/v2\/users\/1"}],"replies":[{"embeddable":true,"href":"https:\/\/amanecerhuasteco.com\/portal\/wp-json\/wp\/v2\/comments?post=833"}],"version-history":[{"count":0,"href":"https:\/\/amanecerhuasteco.com\/portal\/wp-json\/wp\/v2\/posts\/833\/revisions"}],"wp:featuredmedia":[{"embeddable":true,"href":"https:\/\/amanecerhuasteco.com\/portal\/wp-json\/wp\/v2\/media\/17874"}],"wp:attachment":[{"href":"https:\/\/amanecerhuasteco.com\/portal\/wp-json\/wp\/v2\/media?parent=833"}],"wp:term":[{"taxonomy":"category","embeddable":true,"href":"https:\/\/amanecerhuasteco.com\/portal\/wp-json\/wp\/v2\/categories?post=833"},{"taxonomy":"post_tag","embeddable":true,"href":"https:\/\/amanecerhuasteco.com\/portal\/wp-json\/wp\/v2\/tags?post=833"}],"curies":[{"name":"wp","href":"https:\/\/api.w.org\/{rel}","templated":true}]}}