{"id":84611,"date":"2023-06-01T10:05:10","date_gmt":"2023-06-01T16:05:10","guid":{"rendered":"http:\/\/amanecerhuasteco.com\/portal\/?p=84611"},"modified":"2023-06-01T10:05:10","modified_gmt":"2023-06-01T16:05:10","slug":"gc-desaloja-a-invasores-de-predios-en-san-vicente-tancuayalab","status":"publish","type":"post","link":"https:\/\/amanecerhuasteco.com\/portal\/gc-desaloja-a-invasores-de-predios-en-san-vicente-tancuayalab\/","title":{"rendered":"GC desaloja a invasores de predios en San Vicente Tancuayalab"},"content":{"rendered":"<p>San Vicente.- Como una medida para garantizar el derecho a la propiedad privada y la tranquilidad en la regi\u00f3n, la Guardia Civil del Estado procedi\u00f3 esta madrugada al desalojo pac\u00edfico de 300 personas que invadieron tres predios en el municipio de San Vicente Tancuayalab.<br \/>\nSe detuvo solo a cuatro sujetos que intentaron agredir a las fuerzas p\u00fablicas; el operativo fue supervisado por representantes de la Comisi\u00f3n Estatal de Derechos Humanos.<br \/>\nLos terrenos que hab\u00edan sido invadidos desde hace varios d\u00edas, son \u201cLos Sabinos\u201d, \u201cMancuernados\u201d y \u201cRancho de la O\u201d o \u201cLa Bolsa\u201d, por lo que se ha restaurado el orden y las garant\u00edas plenas a sus propietarios que presentaron las denuncias respectivas ante la Fiscal\u00eda General del Estado y fue lo que motiv\u00f3 la orden judicial del desalojo.<br \/>\nLos dirigentes que promovieron la invasi\u00f3n de las tierras est\u00e1n plenamente ubicados y pueden ser detenidos en cualquier momento; habr\u00edan recurrido a personas del vecino estado de Veracruz para realizar las invasiones.<br \/>\nEl operativo se realiz\u00f3 con el apoyo de la Polic\u00eda de Investigaci\u00f3n y la asistencia de Jorge Vega Arroyo, sub Secretario de Gobierno, Margarita Mar\u00eda Castillo Gonz\u00e1lez, de la Comisi\u00f3n Estatal de Derechos Humanos, as\u00ed como de Jos\u00e9 Cruz Morelos Torres de la Visitadur\u00eda adjunto, y Laura Azuara Larraga, Fiscal de la 7 Delegaci\u00f3n.<\/p>\n","protected":false},"excerpt":{"rendered":"<p>San Vicente.- Como una medida para garantizar el derecho a la propiedad privada y la tranquilidad en la regi\u00f3n, la Guardia Civil del Estado procedi\u00f3 esta madrugada al desalojo pac\u00edfico de 300 personas que invadieron tres predios en el municipio de San Vicente Tancuayalab. Se &hellip; <\/p>\n","protected":false},"author":1,"featured_media":84612,"comment_status":"open","ping_status":"open","sticky":false,"template":"","format":"standard","meta":{"footnotes":""},"categories":[7,11,4,12,19,5,24],"tags":[],"class_list":["post-84611","post","type-post","status-publish","format-standard","has-post-thumbnail","hentry","category-ciudad","category-estado","category-inicio","category-nacional","category-policia","category-politica","category-san-vicente"],"_links":{"self":[{"href":"https:\/\/amanecerhuasteco.com\/portal\/wp-json\/wp\/v2\/posts\/84611","targetHints":{"allow":["GET"]}}],"collection":[{"href":"https:\/\/amanecerhuasteco.com\/portal\/wp-json\/wp\/v2\/posts"}],"about":[{"href":"https:\/\/amanecerhuasteco.com\/portal\/wp-json\/wp\/v2\/types\/post"}],"author":[{"embeddable":true,"href":"https:\/\/amanecerhuasteco.com\/portal\/wp-json\/wp\/v2\/users\/1"}],"replies":[{"embeddable":true,"href":"https:\/\/amanecerhuasteco.com\/portal\/wp-json\/wp\/v2\/comments?post=84611"}],"version-history":[{"count":1,"href":"https:\/\/amanecerhuasteco.com\/portal\/wp-json\/wp\/v2\/posts\/84611\/revisions"}],"predecessor-version":[{"id":84613,"href":"https:\/\/amanecerhuasteco.com\/portal\/wp-json\/wp\/v2\/posts\/84611\/revisions\/84613"}],"wp:featuredmedia":[{"embeddable":true,"href":"https:\/\/amanecerhuasteco.com\/portal\/wp-json\/wp\/v2\/media\/84612"}],"wp:attachment":[{"href":"https:\/\/amanecerhuasteco.com\/portal\/wp-json\/wp\/v2\/media?parent=84611"}],"wp:term":[{"taxonomy":"category","embeddable":true,"href":"https:\/\/amanecerhuasteco.com\/portal\/wp-json\/wp\/v2\/categories?post=84611"},{"taxonomy":"post_tag","embeddable":true,"href":"https:\/\/amanecerhuasteco.com\/portal\/wp-json\/wp\/v2\/tags?post=84611"}],"curies":[{"name":"wp","href":"https:\/\/api.w.org\/{rel}","templated":true}]}}