{"id":84757,"date":"2023-06-05T10:09:45","date_gmt":"2023-06-05T16:09:45","guid":{"rendered":"http:\/\/amanecerhuasteco.com\/portal\/?p=84757"},"modified":"2023-06-05T10:09:45","modified_gmt":"2023-06-05T16:09:45","slug":"entre-columnas-568","status":"publish","type":"post","link":"https:\/\/amanecerhuasteco.com\/portal\/entre-columnas-568\/","title":{"rendered":"ENTRE COLUMNAS"},"content":{"rendered":"<p><strong>MUNICIPIO DE VALLES, INVASOR\u00a0 DE PREDIO DE LA\u00a0 ALAMEDA MUNICIPAL<\/strong><\/p>\n<p><strong>\u00a0<\/strong><\/p>\n<p><strong>+.- Con la cantidad\u00a0 que exigen\u00a0 en pago, se har\u00e1 una obra semejante y mejor.<\/strong><\/p>\n<p><strong>Durante decenios el gobierno municipal de Valles\u00a0 fue\u00a0 invasor\u00a0 de\u00a0 un predio\u00a0 que perteneciera\u00a0 la extinta f\u00e1brica Fibracel, en esa \u00e1rea se invirtieron millones de pesos en obras\u00a0 en propiedad ajena\u00a0 ahora\u00a0 se\u00a0 vive la triste realidad, la\u00a0 empresa propietaria\u00a0 demand\u00f3 v\u00eda judicial el desalojo o pago\u00a0 de\u00a0 18 millones de esos cantidad que\u00a0 NO SE PAGARA por considerar un abuso seg\u00fan declaraciones del alcalde\u00a0 de la ciudad.<\/strong><\/p>\n<p><strong>\u00a0<\/strong><\/p>\n<p><strong>\u00a0<\/strong><\/p>\n<p><strong>Ante especulaciones de algunos integrantes del Cabildo que aseguraban que la Alameda municipal\u00a0 ya\u00a0 era\u00a0 propiedad del municipio, la\u00a0 realidad fue\u00a0 cruda, el mismo alcalde declar\u00f3 <\/strong><\/p>\n<p><strong>\u00a0<\/strong><\/p>\n<p><strong>El predio de la Alameda Municipal nunca ha sido \u00a0propiedad del Ayuntamiento,y fue mass contundente\u00a0 al decir que\u00a0 \u00a0pagar 18 millones de pesos \u00a0a la firma Capemart M\u00e9xico por ep predio de 1.5\u00a0 hect\u00e1reas es oneroso\u00a0 costoso, opin\u00f3 David Medina Salazar, quien asest\u00f3 que los que piden ese recurso ni siquiera tienen escrituras de ese lugar.<\/strong><\/p>\n<p><strong>Coment\u00f3 que ha sido un error de muchos a\u00f1os haber estado invirtiendo dinero e infraestructura a un lugar que nunca ha pertenecido al Municipio y que por lo pronto, ahora se est\u00e1n viendo los deslindes para conocer qu\u00e9 \u00e1reas s\u00ed y qu\u00e9 \u00e1reas no y hasta advirti\u00f3\u00a0 que los demandante\u00a0 carecen de\u00a0 escrituras\u00a0 del terreno que fue parte de la empresa maderera Fibracel.<\/strong><\/p>\n<p><strong>\u00a0<\/strong><\/p>\n<p><strong>ADELANTE EL DESALOJO.<\/strong><\/p>\n<p><strong>Sobre el muerto lss\u00a0 coronas\u00a0 dice el refr\u00e1n popular y\u00a0 as\u00ed\u00a0 parecen\u00a0 estar actuando en el <\/strong><\/p>\n<p><strong>Ayuntamiento de Valles; personal jur\u00eddico y de Catastro,\u00a0 se reunieron con \u00a0el <\/strong><\/p>\n<p><strong>\u00a0<\/strong><\/p>\n<p><strong>para hacer el deslinde de la parte predial \u00a0donde\u00a0 funciono la\u00a0 Alameda municipal para obviamente dar\u00a0 por\u00a0 terminadas\u00a0 las\u00a0 negociaciones\u00a0\u00a0 tendientes a la compra venta del lugar, a menos\u00a0 que el representante legal hiciera\u00a0 otra oferta, sin embargo la administraci\u00f3n tom\u00f3 otra determinaci\u00f3n.<\/strong><\/p>\n<p><strong>++++++++++++<\/strong><\/p>\n<p><strong>CARROCERIAS\u00a0 BUSTOS<\/strong><\/p>\n<p><strong>Reforma y Lerdo de tejada Col. Altavista.<\/strong><\/p>\n<p><strong>Cd Valles SLP\u00a0 Tel. 3824777.<\/strong><\/p>\n<p><strong>En carrocer\u00edas para camiones y camionetas nadie nos compite<\/strong><\/p>\n<p><strong>+++++++++++++++++++<\/strong><\/p>\n<p><strong>FINAL\u00a0 DEL PRIISMO PARA\u00a0 SAID LOPEZ, SE\u00a0 ACABO PROTECCIONISMO.<\/strong><\/p>\n<p><strong>+.- \u00danica opci\u00f3n que solicite a Norma de la Corte amparos express.<\/strong><\/p>\n<p><strong>Los tiempos y condiciones\u00a0\u00a0 en que\u00a0 el otrora\u00a0 partido tricolor poderoso mantuvo y utilizaba \u00a0agrupaciones campesinas \u00a0que\u00a0 incurr\u00edan impunemente en hechos penados por la Ley, son parte\u00a0 de\u00a0 la historia negra de la pol\u00edtica, hubo casos\u00a0\u00a0 en que hasta\u00a0 un gobernador\u00a0 pernoctaba\u00a0 con invasores de tierras, ante el malestar obvio de\u00a0 ganaderos y terratenientes\u00a0 de la Huasteca Potosina, ahora\u00a0 a nedia semana el otrora poderoso l\u00edder\u00a0 del MHD\u00a0 y seguidores\u00a0 fueron detenidos en ranchos del municipio de San Vicente.<\/strong><\/p>\n<p><strong>Sa\u00edd L\u00f3pez de Olmos, dirigente de la organizaci\u00f3n campesina Movimiento Huasteco Democr\u00e1tico (MHD), fue detenido el pasado \u00a0jueves, junto con otras personas, en \u00a0un operativo realizado por polic\u00edas de la Guardia Civil Estatal y de investigaci\u00f3n \u00a0para desalojar predios invadidos\u00a0 cuyos propietarios\u00a0 hab\u00edan presentado previamente\u00a0 sendas denuncias ante la Fiscal\u00eda regi\u00f3n norte, se\u00f1alando como principal responsable al dirigente y compa\u00f1eros por el delito de despojo y lo que resulte en la averiguaci\u00f3n.<\/strong><\/p>\n<p><strong>Directivos\u00a0 de organizaciones de ganaderos, ca\u00f1eros y productores del campo de la Huasteca, expresaron su reconocimiento y benepl\u00e1cito \u00a0por la respuesta del gobierno de Ricardo Gallardo Cardona al restaurar el orden con la implementaci\u00f3n del operativo y garantizar los derechos de los propietarios.<\/strong><\/p>\n<p><strong>L\u00f3pez de Olmos durante\u00a0 los pasados\u00a0 gobiernos prianistas fue\u00a0 instrumento de represi\u00f3n rural cuando los caprichos de los gobernantes en turno se cumpl\u00edan mediante invasiones negociadas, con el argumento de\u00a0 exigencia de\u00a0 campesinos que exig\u00edan tierras\u00a0 de cultivo. L farsa\u00a0 ha terminado.<\/strong><\/p>\n<p><strong>++++++++++++++++++<\/strong><\/p>\n<p><strong>TELEFONO GRATUITO<\/strong><\/p>\n<p><strong>PARA AGENDAR CITA\u00a0 AL IMSS<\/strong><\/p>\n<p><strong>Al final del anuncio\u2026\u2026.<\/strong><\/p>\n<p><strong>++++++<\/strong><\/p>\n<p><strong>EST\u00c1\u00a0 URGIDO DE DINERO?<\/strong><\/p>\n<p><strong>Pr\u00e9stamos\u00a0\u00a0\u00a0 de\u00a0 dinero inmediatos a pensionados\u00a0\u00a0 CFE, ISSSTE.FFCC, SCT, PEMEX,\u00a0 ACTIVOS Y JUBILADOS\u00a0 IMSS\u00a0\u00a0 SIN AFECTAR TARJETON.\u00a0\u00a0\u00a0 Ll\u00e1menos las\u00a0 24 hrs del d\u00eda\u00a0 4811039565\u2026.. CREDITO INMEDIATO\u00a0\u00a0\u00a0\u00a0 Tel. gratuito del IMSS\u00a0 800 681 2525<\/strong><\/p>\n<p><strong>++++++++++++++++++++++++++<\/strong><\/p>\n<p><strong>!<\/strong><strong>QFB\u00a0 FABIOLA GARCIA ALVAREZ<\/strong><\/p>\n<p><strong>Perito dictaminador en an\u00e1lisis bacteriol\u00f3gico de agua y alimentos con n\u00famero GES-PD 0705<\/strong><\/p>\n<p><strong>Perito dictaminador en\u00a0 estupefacientes GES-PD0523<\/strong><\/p>\n<p><strong>Maestr\u00eda\u00a0 en an\u00e1lisis cl\u00ednicos 1301 \u2013 368068<\/strong><\/p>\n<p><strong>Ced\u00a0 prof\u00a0 8664204\u00a0\u00a0 Tel. 38 1 66 64<\/strong><\/p>\n<p><strong>Asesor\u00eda,\u00a0 auditor\u00eda\u00a0 y gesti\u00f3n ambiental.<\/strong><\/p>\n<ol>\n<li><strong> Victoria No. 8 zona centro Cd Valles SLP.<\/strong><\/li>\n<\/ol>\n<p><strong>++++++++++++++<\/strong><\/p>\n<p><strong>EL MERCADO\u00a0 GNS\u00a0 ES UN HACINAMIENTO DE TIANGUISTAS\u00a0 Y COMERCIO AMBULANTE.<\/strong><\/p>\n<p><strong>+.- A mitad\u00a0 del trienio \u201cVerde\u201d el proyecto de remodelaci\u00f3n nada concreto.<\/strong><\/p>\n<p><strong>La\u00a0 reconstrucci\u00f3n total del mercado \u201cGNS\u201d que\u00a0 intent\u00f3 la administraci\u00f3n municipal de David Medina que fue\u00a0 frustrado por los locatarios\u00a0 que se\u00a0 dicen \u201cdue\u00f1os\u201d de los\u00a0 locales\u00a0\u00a0 que\u00a0 ocupan desde\u00a0 hace\u00a0 a\u00f1os, llegando incluso a apararse\u00a0 para evitar la ejecuci\u00f3n del proyecto, sigue vigente y seguramente los 80 millones de pesos\u00a0 que\u00a0 dijo el mun\u00edcipe\u00a0 estar\u00edan destinados a la obra suspendida por ordenamiento judicial.<\/strong><\/p>\n<p><strong>Recientemente el\u00a0 alcalde\u00a0 dijo en reuni\u00f3n con <\/strong><strong>locatarios del mercado Gonzalo N. Santos, a quienes present\u00f3 el proyecto de remodelaci\u00f3n del mercado, donde habr\u00e1 espacios para todos los comerciantes establecidos, incluyendo a todos los hacinados \u00a0en los pasillos y plataformas. Explic\u00f3\u00a0 esta vez el alcalde Vallennse\u00a0 que \u201csi no construimos y\u00a0 ampliamos m\u00e1s espacio, -se pregunt\u00f3 &#8211;\u00a0 qu\u00e9 \u00a0vamos hacer con la gente que est\u00e1 en los andadores y pasillos? necesitamos un mercado incluyente donde los\u00a0 clientes y visitantes puedan caminar\u00a0 con fluidez y \u00a0libremente. \u00a0\u00a0Este mercado p\u00fablico inaugurado hacia el a\u00f1o 1950\u00a0 carece de funcionabilidad y modernidad acorde al crecimiento urbano de la ciudad y hay que modernizarlo necesariamente.<\/strong><\/p>\n<p><strong>El proyecto ejecutivo contempla 200 espacios comerciales, respetando a todos los oferentes t\u00e9nek, \u00a0incluye un estacionamiento subterr\u00e1neo y en este a\u00f1o se tratar\u00eda de hacer. (este\u00a0 compromiso si est\u00e1 en duda) ya\u00a0 que tambi\u00e9n\u00a0 se\u00a0 incluye reconstruir el mercado Constituci\u00f3n, en el\u00a0 cual se\u00a0 comprometi\u00f3 hacerlo este mismo a\u00f1o.\u00a0\u00a0 El anunci\u00f3 lo hizo\u00a0 el\u00a0 pasado 27\u00a0 de\u00a0 Marzo del presente a\u00f1o.<\/strong><\/p>\n<p><strong>+++++++++++<\/strong><\/p>\n<p><strong>CARROCERIAS\u00a0 BUSTOS<\/strong><\/p>\n<p><strong>Reforma y Lerdo de tejada Col. Altavista.<\/strong><\/p>\n<p><strong>Cd Valles SLP\u00a0 Tel. 3824777.<\/strong><\/p>\n<p><strong>En carrocer\u00edas para camiones y camionetas nadie nos compite.<\/strong><\/p>\n<p><strong>++++++++++++++<\/strong><\/p>\n<p><strong>SEVERAS\u00a0 SANCIONES POR\u00a0 DESERDICIO DE AGUA POTABLE.<\/strong><\/p>\n<p><strong>+- Lavar banquetas\u00a0 o carros\u00a0 con uso de manguera m\u00e1s de 2 mil pesos multa.<\/strong><\/p>\n<p><strong>Informaci\u00f3n obtenida\u00a0 de la\u00a0 CEA de la\u00a0 capital del estado, en virtud\u00a0 que la Dapas\u00a0 de Valles\u00a0 ha omitido hacerla p\u00fablica\u00a0 como parte de concientizar\u00a0 a\u00a0 la poblaci\u00f3n\u00a0 el\u00a0 uso racional del agua potable,\u00a0 en efecto\u00a0 son sanciones severas\u00a0 por el desperdicio que algunos usuarios hacen del vital l\u00edquido,<\/strong><strong> son motivo de sanci\u00f3n que van de 10 hasta 500 UMAS (Unidad de Medida y Actualizaci\u00f3n).<\/strong><\/p>\n<p><strong>As\u00ed lo establece la Ley de Aguas para el Estado de San Luis Potos\u00ed, en sus art\u00edculos 231 y 232 como una medida aplicada para sensibilizar a la ciudadan\u00eda, respeto al cuidado del agua y evitar el desperdicio, usuarios que instalen de forma clandestina conexiones en cualquiera de las instalaciones del sistema, sin apegarse a los requisitos que se establecen en la Ley de aguas para el Estado de San Luis Potos\u00ed, en su art\u00edculo 232 fracci\u00f3n IV, deber\u00e1n pagar de 10 mil 374 pesos a\u00a0 51 mil 870 pesos ser\u00e1n sancionados..<\/strong><\/p>\n<p><strong>De igual manera en el art\u00edculo 231 \u00a0fracci\u00f3n XII \u00a0determina, que \u201clas personas que utilicen agua potable para lavar con manguera los veh\u00edculos, banquetas o la v\u00eda p\u00fablica o no usen incluso manguera, y el agua utilizada sea de manera excesiva, ser\u00e1n sancionadas hasta con 2 mil 074 pesos, de acuerdo al art\u00edculo 232 fracci\u00f3n II de la ley .<\/strong><\/p>\n<p><strong>Personas que empleen mecanismos para succionar agua potable de las tuber\u00edas de distribuci\u00f3n, pagar\u00e1n de 5 a 50 UMAS, considerando que su valor actualizado es de 103.74 pesos.<\/strong><\/p>\n<p><strong>++++++++<\/strong><\/p>\n<p><strong>El sitio ideal para\u00a0 sus fiestas\u2026\u00a0 <\/strong><\/p>\n<p><strong>\u201cFINCA\u00a0 SAN ISIDRO\u201d <\/strong><\/p>\n<p><strong>Sal\u00f3n para fiestas de todo tipo.<\/strong><\/p>\n<p><strong>Carretera Valles \u2013 R\u00edo Verde Km. 8 <\/strong><\/p>\n<p><strong>Contrataciones al Tel. 01 481 179 09<\/strong><\/p>\n<p><strong>Cd. Valles SLP M\u00e9xico.<\/strong><\/p>\n<p><strong>+++++++++++++++++++<\/strong><\/p>\n<p><strong>SARA\u00a0 LLEGA A\u00a0 \u201cTRABAJAR POR EL RIP\u201d<\/strong><\/p>\n<p><strong>Como todos los que han llegado\u00a0 a ocupar\u00a0 cargos directivos en el otrora\u00a0 partido tricolor en el estado potosino,\u00a0 la encargada\u00a0\u00a0 de la dirigencia\u00a0 reci\u00e9n heredada\u00a0 en su puesto como secretaria de organizaci\u00f3n, dijo traer \u00a0la intenci\u00f3n de fortalecer al PRI.<\/strong><\/p>\n<p><strong>Comentamos la semana anterior las misteriosas\u00a0 renuncias de los dirigentes\u00a0 del tricolor \u2013 presidente y secretaria general \u2013 y la inesperada llegada de\u00a0 Sara Rocha\u00a0 como secretaria de organizaci\u00f3n\u00a0 y de hecho\u00a0 responsable del partido\u00a0 ante la renuncia del presidente quien le tom\u00f3 la protesta y\u00a0 entreg\u00f3 las riendas, mientras\u00a0 a nivel nacional se convulsiona parte de\u00a0 la\u00a0 nomenclatura.\u00a0 <\/strong><\/p>\n<p><strong>La reci\u00e9n llegada\u00a0 declar\u00f3 que trae la encomienda de\u00a0 sumar y fortalecer al PRI; y reconoci\u00f3 que no puede dar un informe detallado de las condiciones en que recibi\u00f3 al partido, sin embargo,\u00a0 independientemente de las condiciones que recibi\u00f3, \u00a0se pondr\u00e1 a trabajar, para ello, se tendr\u00e1 que regresar a las causas sociales y generar acercamiento con la militancia.<\/strong><\/p>\n<p><strong>Para\u00a0 nadie es un secreto\u00a0 los enredos de todo tipo en los\u00a0\u00a0 que est\u00e1 involucrado\u00a0 el aun dirigente nacional Alejandro Moreno,\u00a0 al respecto, Sara Rocha\u00a0 reconoci\u00f3 que\u00a0 su partido \u00a0tiene mala fama, sin embargo, se\u00f1al\u00f3 \u00a0que no es un tema exclusivo de este partido, sino de todos en la vida p\u00fablica de M\u00e9xico. \u00a0\u00a0Y,\u00a0 asegur\u00f3 que, a diferencia de otros partidos, el PRI es un instituto que construy\u00f3, mientras que otros, como Morena, \u00a0han destruido \u00a0lo que, durante a\u00f1os, se edific\u00f3. (ejem est\u00e1 por acabar con el reinado del RIP)\u00a0 En cuando lo determine la dirigencia nacional se convocar\u00e1 a renovar la dirigencia estatal del PRI para darle certeza y legalidad a fin de que pueda llegar fortalecido al proceso electoral de 2024, sin duda alguna, participar\u00e1 en alianza con otros partidos para hacer un frente de oposici\u00f3n a Morena y sus aliados.<\/strong><\/p>\n<p><strong>+++++++++++++<\/strong><\/p>\n<p><strong>AMPLIACION DEL\u00a0 AEROPUERTO DE TAMUIN SIGUE CONGELADO.<\/strong><\/p>\n<p><strong>+.- Vuelos del Sur de EUA\u00a0 quedan en sue\u00f1o\u00a0 dorado.<\/strong><\/p>\n<p><strong>La\u00a0 SCT federal\u00a0 no ha\u00a0 emitido ninguna\u00a0 respuesta\u00a0\u00a0 al planteamiento\u00a0 que el Gobierno del Estado hizo\u00a0 para\u00a0 que la concesi\u00f3n del aeropuerto de Tamu\u00edn\u00a0 se\u00a0 transfiera a al\u00a0 Estado, de otro modo\u00a0 no es posible\u00a0 asignar una partida\u00a0 millonaria\u00a0 para\u00a0 la\u00a0 remodelaci\u00f3n de oficinas\u00a0 y\u00a0 ampliaci\u00f3n de la pista\u00a0 para\u00a0 aterrizaje de aviones de mayor\u00a0 capacidad.<\/strong><\/p>\n<p><strong>El gobernador\u00a0 dijo que con la <\/strong><strong>\u00a0nueva infraestructura en las cuatro regiones del estado, hay un nuevo dinamismo a la econom\u00eda potosina, \u00a0entre\u00a0 esas\u00a0\u00a0 obras el nuevo acceso al aeropuerto capitalino, la ampliaci\u00f3n del aeropuerto de la capital y las pr\u00f3ximas obras de ampliaci\u00f3n en el de Tamu\u00edn, ser\u00edan detonantes para trazar nuevo rumbo a la actividad tur\u00edstica y de log\u00edstica.<\/strong><\/p>\n<p><strong>Revel\u00f3 que, de la mano de la inversi\u00f3n que buscar\u00e1 el Estado para el aeropuerto de Tamu\u00edn, ya que la concesionaria no tiene recursos, el Gobierno del cambio plantea un importante proyecto para consolidar viajes a\u00e9reos desde Texas, Estados Unidos, directamente a la Huasteca Potosina, para lo que ya se trabaja y por ello la importancia de la ampliaci\u00f3n de la pista, para detonar el potencial de esta regi\u00f3n.\u00a0<\/strong><\/p>\n<p><strong>\u00abEn el momento en que nos entreguen la concesi\u00f3n y liberen los tramos, nosotros ya pudi\u00e9ramos empezar a ampliar la pista a dos mil 500 metros, agrandar el edificio y la torre de control, con una inversi\u00f3n de 550 millones de pesos, que estar\u00edan presupuestados dentro de los cinco mil millones para infraestructura que se aplicar\u00e1n durante este a\u00f1o\u00bb esta obra dar\u00e1 un gran empuje a la Huasteca Potosina, al generar grandes dividendos por la actividad tur\u00edstica en los 20 municipios.<\/strong><\/p>\n<p><strong>+++++++++++++++<\/strong><\/p>\n<p><strong>\u201cCAF\u00c9 Y RESTAURANT\u00a0 EL FAROLITO\u201d\u00a0\u00a0 <\/strong><\/p>\n<p><strong>Lo mejor de la cocina Huasteca; el tradicional zacahuil y cazueladas.\u00a0\u00a0 Atendemos toda clase de\u00a0 festejos. Pedidos al Tel\u00a0 3821017 Ciudad Valles SLP.<\/strong><\/p>\n<p><strong>++++++++++++<\/strong><\/p>\n<p><strong>D\u00a0 E\u00a0\u00a0\u00a0 V O L A\u00a0 D\u00a0 A.-<\/strong><\/p>\n<p><strong>MINIAUTO CHINO NO PODRA CIRCULAR EN CARRETERAS\u00a0 DE MEXICO.<\/strong><\/p>\n<p><strong>+.-\u00a0 Su precio de poco Mas de 20mil pesos lo hace atractivo.<\/strong><\/p>\n<p><strong>La Ley Mexicana de la Industria Automotriz establece que todo veh\u00edculo importado, ya sea de combusti\u00f3n interna o el\u00e9ctrico, debe tener al menos una parte fabricada localmente.<\/strong><\/p>\n<p><strong>El autom\u00f3vil chino se volvi\u00f3 viral en las redes sociales debido a su dise\u00f1o peculiar y a un supuesto costo de alrededor de 20 mil pesos por unidad. Sin embargo, seg\u00fan explic\u00f3 Jaime Salazar, director de la Expo El\u00e9ctrica Internacional, este veh\u00edculo no puede circular en territorio mexicano debido a limitaciones legales de importaci\u00f3n.<\/strong><\/p>\n<p><strong>Salazar se\u00f1al\u00f3 que, aunque se mantuviera el precio de fabricaci\u00f3n de 20 mil pesos, habr\u00eda que sumarle los costos log\u00edsticos de importaci\u00f3n para que el veh\u00edculo est\u00e9 disponible en M\u00e9xico. Sin embargo, existe una restricci\u00f3n establecida por la Ley de la Industria Automotriz, que exige que cualquier veh\u00edculo que se importe, ya sea de combusti\u00f3n interna o el\u00e9ctrico, debe tener al menos alguna parte de fabricaci\u00f3n nacional. En el caso de este autom\u00f3vil en particular, no cumple con este requisito y, por lo tanto, no puede ser importado de acuerdo con la legislaci\u00f3n vigente.<\/strong><\/p>\n<p><strong>En el sector de la electromovilidad no se tiene conocimiento de la producci\u00f3n de un autom\u00f3vil con estas caracter\u00edsticas y costos, lo que podr\u00eda indicar que se trata de una \u201cocurrencia\u201d<\/strong><\/p>\n<p><strong>++++++++++++++<\/strong><strong>+++++++++<\/strong><\/p>\n<p><a href=\"https:\/\/www.facebook.com\/profile.php?id=100085690009848&amp;__cft__%5b0%5d=AZWXisZDUw6Wtas5y5BI4g2Vvr1flGtXn4VucgT9Uhl1X569CUh2Khb_tB-KT1teQ2r6dttfkzsBDgR-EK7EQ7ZhqImlNrTltBztWUKRD6EWRsgAkTve93hCaoGIdZiDN5CAc10cM0ZyfYi-EVOTBWilSZjjnEIJWJp3z4rSNX54_duQvdS9Dgk7I4liTSMbn0wb2xHfTNZlHuc5qmFuno9rYYYF5XEnnUXxY0rEMPq9DRoJ5pbTnND5wwG-AZ5yR0SFwiGsR7b7qrVV0EOJDTZJce_Zh7OgmNq-qSQaaCbR_mtHtClfRSuDTsCb2KLFeeY&amp;__tn__=-UC%2CP-R\"><strong>Planchadora Express Cd. Valles<\/strong><\/a><\/p>\n<p><strong>Ponemos a tu disposici\u00f3n Nuestro Servicio de Planchado de la m\u00e1s alta calidad en la Ciudad.<\/strong><\/p>\n<p><strong>Informacion y Costos al 481 119 2145<\/strong><\/p>\n<p><strong>Direcci\u00f3n Plaza Engracia 110 Del Carmen 2<\/strong><\/p>\n<p><strong>Contamos con Servicio a Domicilio con Costo Adicional! <\/strong><\/p>\n<p><strong>+++++++++++++++++++++<\/strong><a href=\"mailto:davidfloresservicios@hotmail.com\"><strong>davidfloresservicios@hotmail.com<\/strong><\/a><\/p>\n<p><strong>hasta la pr\u00f3xima semana..<\/strong><\/p>\n<p><strong>\u00a0<\/strong><\/p>\n<p><strong>\u00a0<\/strong><\/p>\n<p><strong>\u00a0<\/strong><\/p>\n<p><strong>\u00a0<\/strong><\/p>\n","protected":false},"excerpt":{"rendered":"<p>MUNICIPIO DE VALLES, INVASOR\u00a0 DE PREDIO DE LA\u00a0 ALAMEDA MUNICIPAL \u00a0 +.- Con la cantidad\u00a0 que exigen\u00a0 en pago, se har\u00e1 una obra semejante y mejor. Durante decenios el gobierno municipal de Valles\u00a0 fue\u00a0 invasor\u00a0 de\u00a0 un predio\u00a0 que perteneciera\u00a0 la extinta f\u00e1brica Fibracel, en &hellip; <\/p>\n","protected":false},"author":1,"featured_media":84195,"comment_status":"open","ping_status":"open","sticky":false,"template":"","format":"standard","meta":{"footnotes":""},"categories":[17],"tags":[],"class_list":["post-84757","post","type-post","status-publish","format-standard","has-post-thumbnail","hentry","category-colaboraciones"],"_links":{"self":[{"href":"https:\/\/amanecerhuasteco.com\/portal\/wp-json\/wp\/v2\/posts\/84757","targetHints":{"allow":["GET"]}}],"collection":[{"href":"https:\/\/amanecerhuasteco.com\/portal\/wp-json\/wp\/v2\/posts"}],"about":[{"href":"https:\/\/amanecerhuasteco.com\/portal\/wp-json\/wp\/v2\/types\/post"}],"author":[{"embeddable":true,"href":"https:\/\/amanecerhuasteco.com\/portal\/wp-json\/wp\/v2\/users\/1"}],"replies":[{"embeddable":true,"href":"https:\/\/amanecerhuasteco.com\/portal\/wp-json\/wp\/v2\/comments?post=84757"}],"version-history":[{"count":1,"href":"https:\/\/amanecerhuasteco.com\/portal\/wp-json\/wp\/v2\/posts\/84757\/revisions"}],"predecessor-version":[{"id":84758,"href":"https:\/\/amanecerhuasteco.com\/portal\/wp-json\/wp\/v2\/posts\/84757\/revisions\/84758"}],"wp:featuredmedia":[{"embeddable":true,"href":"https:\/\/amanecerhuasteco.com\/portal\/wp-json\/wp\/v2\/media\/84195"}],"wp:attachment":[{"href":"https:\/\/amanecerhuasteco.com\/portal\/wp-json\/wp\/v2\/media?parent=84757"}],"wp:term":[{"taxonomy":"category","embeddable":true,"href":"https:\/\/amanecerhuasteco.com\/portal\/wp-json\/wp\/v2\/categories?post=84757"},{"taxonomy":"post_tag","embeddable":true,"href":"https:\/\/amanecerhuasteco.com\/portal\/wp-json\/wp\/v2\/tags?post=84757"}],"curies":[{"name":"wp","href":"https:\/\/api.w.org\/{rel}","templated":true}]}}