{"id":85829,"date":"2023-07-02T07:58:22","date_gmt":"2023-07-02T13:58:22","guid":{"rendered":"http:\/\/amanecerhuasteco.com\/portal\/?p=85829"},"modified":"2023-07-03T07:59:25","modified_gmt":"2023-07-03T13:59:25","slug":"entre-columnas-570","status":"publish","type":"post","link":"https:\/\/amanecerhuasteco.com\/portal\/entre-columnas-570\/","title":{"rendered":"ENTRE COLUMNAS"},"content":{"rendered":"<p>Y\u00a0 LLEGO LA\u00a0 HORA CERO A CAPITALINOS\u2026. SE\u00a0 QUEDAN SIN AGUA.<\/p>\n<p>+.-\u00a0 En Valles\u00a0\u00a0 el R\u00edo est\u00e1\u00a0 a punto de\u00a0 extinguir su corriente, tambi\u00e9n se han tomado medidas\u00a0 preventivas.<\/p>\n<p>La\u00a0 presa\u00a0 El Realito\u00a0 su reparaci\u00f3n se llevara meses\u00a0 y el problema\u00a0 principal es que no ha llovido.<\/p>\n<p>Estado y municipio\u00a0 de la capital\u00a0 enfrentan el problema\u00a0\u00a0 para\u00a0 abastecer\u00a0 a\u00a0 la\u00a0 poblaci\u00f3n del vital elemento, este\u00a0 problema\u00a0 se advirti\u00f3 desde el pasado mayo, cuando el presidente municipal de la capital, Enrique Galindo Ceballos, pronostic\u00f3 que ser\u00eda el d\u00eda 28 de ese mismo mes el\u00a0<em>d\u00eda cero<\/em>, fecha en la que el agua proveniente del acueducto de El Realito se acabar\u00eda, pero medidas lograron estirar por m\u00e1s tiempo este plazo. \u00a0Fue el pasado 8 de junio, que el alcalde afirm\u00f3 que el abasto del agua proveniente de El Realito llegar\u00eda a su fin en una o dos semanas que significar\u00edan 10 d\u00edas para que la Zona Metropolitana enfrentara el\u00a0 \u00a0desabasto que dejar\u00eda a alrededor del 35 por ciento de la poblaci\u00f3n sin acceso al \u00a0agua.\u00a0 Para evitar que m\u00e1s de 280 mil personas se vean afectadas por la falta de agua, se mencion\u00f3 que se cuenta con una flota de mas\u00a0 de\u00a0 cien pipas\u00a0\u00a0\u00a0 que\u00a0 abastecer\u00e1n\u00a0 un\u00a0 aproximado de\u00a0 50\u00a0 colonias y fraccionamientos\u00a0 capitalinos llevando agua a sus\u00a0 hogares.<\/p>\n<p>++++++++++<\/p>\n<p>CUAL MIEDO A QU\u00c9\u2026<\/p>\n<p>SI TODO MANEJAN CORRECTAMENTE.<\/p>\n<p>. Alcaldes pidieron ayuda a la Secretar\u00eda del Bienestar por intenci\u00f3n de auditarlos la la\u00a0 ASE por lo que Ayuntamientos de San Luis Potos\u00ed solicitaron apoyo a la Delegaci\u00f3n Estatal de la Secretar\u00eda del Bienestar para ir en contra de un ordenamiento de la Auditor\u00eda Superior del Estado, ASE, Edith Virginia Mu\u00f1oz Guti\u00e9rrez, qui\u00e9n pretend\u00eda fiscalizar recursos federales que s\u00f3lo son atribuciones de la Auditor\u00eda Superior de la Federaci\u00f3n, ASF.<br \/>\nPidieron a Gabino Morales Mendoza, delegado de la Secretar\u00eda del Bienestar en la entidad, que investigar\u00e1 ante la federaci\u00f3n los motivos por los que la ASE quer\u00eda fiscalizar el uso de los recursos del Ramo 28 y 33, que justamente se trata de obras nacionales que b\u00e1sicamente est\u00e1n ligadas al gobierno de la Rep\u00fablica Mexicana y no al Estado.<br \/>\nEl funcionario federal contest\u00f3 que a la Auditor\u00eda Superior de la Federaci\u00f3n, ASF, se le concedieron facultades exclusivas para calificar recursos federales que ejercen las diversas entidades federativas, municipios y alcald\u00edas de la Ciudad de M\u00e9xico y se suprimi\u00f3 la facultad de las entidades de fiscalizaci\u00f3n locales, por lo que la ASE no puede investigar recursos del orden nacional.<br \/>\nEn las declaraciones de la auditora, aleg\u00f3 que debido a que esos recursos est\u00e1n registrados en las Cuentas P\u00fablicas y ella audita ese documento, significa que tiene la facultad para hacerlo.<\/p>\n<p>En respuesta, la Secretar\u00eda del Bienestar Federal, les aclar\u00f3 a los ediles de San Luis Potos\u00ed que en virtud de que se suprimieron las facultades de las Entidades de Fiscalizaci\u00f3n Locales, EFL -que es lo mismo que ASE-, para fiscalizar las aportaciones del Ramo General 33 no puede hacerlo.<\/p>\n<p>En un oficio enviado a los alcaldes por el delegado estatal de la Secretar\u00eda del Bienestar, Gabino Morales Mendoza, reafirm\u00f3 que la ASF es la \u00fanica autoridad que cuenta con facultades para fiscalizar directamente los recursos de origen federal que ejercen las entidades del pa\u00eds, los municipios y alcald\u00edas<\/p>\n<p>+++++++++++++++<\/p>\n<p>&nbsp;<\/p>\n<p>REGIDORES\u00a0 GANAN SUPER SUELDOS Y PRERROGATIVAS, PERO SON FALTISTAS.<\/p>\n<p>Un\u00a0 empleado o trabajador de\u00a0 una empresa\u00a0 no\u00a0 se\u00a0 puede\u00a0 dar el lujo de\u00a0 faltar porque\u00a0 pierde su empleo sin mas\u00a0 explicaci\u00f3n,\u00a0 entonces\u00a0 porqu\u00e9\u00a0 los servidores p\u00fablicos, entre los que se incluyen\u00a0 alcaldes\u00a0 regidores y s\u00edndicos, se dan el lujo\u00a0 de\u00a0 no cumplir sus comisiones\u00a0 y faltar a las sesiones del cabildo, justificando\u00a0 su ausencia por \u201cmotivos de salud\u201d\u00a0 y exhibiendo una\u00a0 receta m\u00e9dica, esto es\u00a0 com\u00fan pero se\u00a0 maneja como cuestiones internas.<\/p>\n<p>Poco se sabe\u00a0 de estas irregularidades\u00a0 que se sancionan por\u00a0 reglamento de los Ayuntamientos, solamente cuando trasciende\u00a0 es conocido p\u00fablicamente como\u00a0 el\u00a0 reciente\u00a0 caso\u00a0 de Tamasopo\u00a0 donde por inasistencia de regidores suspenden reuni\u00f3n de cabildo. Este martes 13 de\u00a0 junio\u00a0 en punto de las 15 horas se celebrar\u00eda la reuni\u00f3n de cabildo del mes de junio del ayuntamiento de Tamasopo, pero por inasistencia de regidores fue suspendida y reprogramada.<\/p>\n<p>Por causas aun desconocidas,\u00a0 varios integrantes del Cabildo de Tamasopo, no asistieron a la reuni\u00f3n convocada por el alcalde Luis Alberto Abundis Rangel, donde el Secretario del Ayuntamiento al realizar pase de lista se percataron que no se cumpl\u00eda el qu\u00f3rum legal.<\/p>\n<p>++++++++++++<\/p>\n<p>CARROCERIAS\u00a0 BUSTOS<\/p>\n<p>Reforma y Lerdo de tejada Col. Altavista.<\/p>\n<p>Cd Valles SLP\u00a0 Tel. 3824777.<\/p>\n<p>En carrocer\u00edas para camiones y camionetas nadie nos compite<\/p>\n<p>+++++++++++++++++++<\/p>\n<p>CIUDADANOS\u00a0 TEMEN MAS A LA POLICIA\u00a0 DE VALLES\u00a0 QUE A\u00a0 LOS DELINCUENTES.<\/p>\n<p>El compromiso del alcalde\u00a0\u00a0\u00a0 con el director de la polic\u00eda y tr\u00e1nsito municipal\u00a0 de hacer de la corporaci\u00f3n uniformada\u00a0\u00a0 una\u00a0 autoridad preventiva\u00a0 DE CONFIANZA Y RESPETO, fueron solamente palabras sin sustento, los elementos\u00a0\u00a0 ahora con nuevo director\u00a0 siguen\u00a0 siendo\u00a0 se\u00f1alados de\u00a0 abusos de autoridad, atracos y hasta delitos penados,\u00a0 como el ocurrido la semana anterior a un ciudadano a quien ROBARON supuestamente su dinero\u00a0 cuando lo detuvieron el pasado domingo al salir de una fiesta, donde discuti\u00f3 con su esposa y decidi\u00f3 abandonar el lugar para abordar un taxi fue detenido por motopatrulleros, por sospechoso.<\/p>\n<p>En los separos, dijo a los polic\u00edas municipales que tra\u00eda 15 mil pesos, que le hab\u00edan pagado por los da\u00f1os de un accidente veh\u00edcular, m\u00e1s mil 600 pesos de su sueldo, \u00a0ambas cantidades desaparecieron de su cartera, dice en su denuncia\u00a0 ciudadana.<\/p>\n<p>La\u00a0 v\u00edctima\u00a0 de la\u00a0 \u201crenovada\u201d\u00a0 polic\u00eda municipal de Valles\u00a0 denuncia pero prefiere\u00a0\u00a0 no ser identificado por temor a represalias\u00a0 pues fue advertido\u00a0 por los uniformados,\u00a0 que\u00a0 intervinieron en su detenci\u00f3n viajaban en\u00a0 la patrulla 2048 con cinco elementos, quienes le robaron su dinero, el afectado dijo \u00a0que no lo presentaron al M\u00e9dico Legista ni del Juez Calificador de la comandancia de polic\u00eda, donde solo hay un encargado de barandilla y mucho menos\u00a0 un representante de\u00a0 Derechos Humanos.\u00a0 Se\u00a0 reserva el derecho de la denuncia\u00a0 ante la Fiscal\u00eda, solo demanda\u00a0 la devoluci\u00f3n de su dinero, dando margen a\u00a0 la duda\u00a0 sobre\u00a0 los hechos denunciados,<\/p>\n<p>++++++++++++++++++<\/p>\n<p>TELEFONO GRATUITO<\/p>\n<p>PARA AGENDAR CITA\u00a0 AL IMSS<\/p>\n<p>Al final del anuncio\u2026\u2026.<\/p>\n<p>++++++<\/p>\n<p>EST\u00c1\u00a0 URGIDO DE DINERO?<\/p>\n<p>Pr\u00e9stamos\u00a0\u00a0\u00a0 de\u00a0 dinero inmediatos a pensionados\u00a0\u00a0 CFE, ISSSTE.FFCC, SCT, PEMEX,\u00a0 ACTIVOS Y JUBILADOS\u00a0 IMSS\u00a0\u00a0 SIN AFECTAR TARJETON.\u00a0\u00a0\u00a0 Ll\u00e1menos las\u00a0 24 hrs del d\u00eda\u00a0 4811039565\u2026.. CREDITO INMEDIATO\u00a0\u00a0\u00a0\u00a0 Tel. gratuito del IMSS\u00a0 800 681 2525<\/p>\n<p>++++++++++++++++++++++++++<\/p>\n<p>ATENCION.-<\/p>\n<p>En espacios cerrados, mantente puesto el cubrebocas y si estas al aire libre y te lo quitas, recuerda mantener una distancia de al menos 2 metros de otras personas.<\/p>\n<p>La pandemia no ha terminado; mant\u00e9n las medidas de prevenci\u00f3n y \u00a1corta el contagio!<\/p>\n<p>QFB\u00a0 FABIOLA GARCIA ALVAREZ<\/p>\n<p>Perito dictaminador en an\u00e1lisis bacteriol\u00f3gico de agua y alimentos con n\u00famero GES-PD 0705<\/p>\n<p>Perito dictaminador en\u00a0 estupefacientes GES-PD0523<\/p>\n<p>Maestr\u00eda\u00a0 en an\u00e1lisis cl\u00ednicos 1301 \u2013 368068<\/p>\n<p>Ced\u00a0 prof\u00a0 8664204\u00a0\u00a0 Tel. 38 1 66 64<\/p>\n<p>Asesor\u00eda,\u00a0 auditor\u00eda\u00a0 y gesti\u00f3n ambiental.<\/p>\n<ol>\n<li>Victoria No. 8 zona centro Cd Valles SLP.<\/li>\n<\/ol>\n<p>++++++++++++++<\/p>\n<p>&nbsp;<\/p>\n<p>SIGUEN\u00a0 \u00a0ABUSOS Y \u00a0ROBOS DE LA POLICIA MUNICIPAL.<\/p>\n<p>+.-\u00a0 El alcalde debe\u00a0 poner freno a los abusos y atracos frecuentes contra la ciudadan\u00eda.<\/p>\n<p>En presencia de decenas de testigos, polic\u00edas municipales\u00a0 \u201cimpusieron su\u00a0 autoridad\u201d y\u00a0 habr\u00edan robado\u00a0 dinero en efectivo\u00a0 que un discapacitado llevaba en sus bolsillos cuando fue\u00a0 agredido, el caso\u00a0 est\u00e1\u00a0\u00a0 en la Fiscal\u00eda Regional\u00a0 pero ahora el director policiaco solicit\u00f3 a los familiares\u00a0 de\u00a0 su v\u00edctima\u00a0 formalicen tambi\u00e9n su denuncia ante su comandancia para someterlos a investigaci\u00f3n interna y sancionarlos.<\/p>\n<p>&nbsp;<\/p>\n<p>La denuncia ante la Fiscal\u00eda por parte de Osiel Mu\u00f1oz P\u00e9rez se\u00f1ala \u00a0a los polic\u00edas municipales de la Unidad 2039 \u00a0agredieron a su hermano Jes\u00fas\u00a0 Mu\u00f1oz\u00a0 P\u00e9rez\u00a0 de 42\u00a0 a\u00f1os &#8211;\u00a0 discapacitado &#8211;\u00a0 y lo despojaron de 2,300 pesos\u00a0 que\u00a0 llevaba en su poder, cuando manejaba un autom\u00f3vil\u00a0 sin luces, por la lateral del bulevar Adolfo L\u00f3pez Mateos, para\u00a0 su ma\u00f1a\u00a0 suerte se topo\u00a0 con los gen\u00edzaros.<\/p>\n<p>La\u00a0 v\u00edctima de\u00a0 la polic\u00eda municipal es\u00a0 un discapacitado presenta\u00a0 seg\u00fan testimonio der su familia, un da\u00f1o irreparable en el f\u00e9mur izquierdo por lo que usa muletas, los\u00a0 agresores\u00a0\u00a0 pese a esa condici\u00f3n f\u00edsica lo agredieron y derribaron, caus\u00e1ndole sangrado y lesiones en la herida del muslo afectado.<\/p>\n<p>Despu\u00e9s\u00a0 que\u00a0 fue\u00a0 \u201csometido\u201d\u00a0 el rijoso ciudadano\u00a0 fuer\u00a0 revisado y\u00a0 seg\u00fan la denuncia\u00a0 fue cuando los\u00a0 polic\u00edas\u00a0 se\u00a0 apropiaron del dinero.\u00a0 Esta\u00a0 clase\u00a0\u00a0 de hechos son recurrentes, el ciudadano prefiere no denunciar ante la autoridad porque\u00a0 no se\u00a0 aplica\u00a0 la ley contra los polic\u00edas que\u00a0\u00a0 siguen cometiendo esta clase de atropellos. Mientras el alcalde\u00a0 recomienda una y otra vez\u00a0 denunciarlos.<\/p>\n<p>+++++++++++<\/p>\n<p>CARROCERIAS\u00a0 BUSTOS<\/p>\n<p>Reforma y Lerdo de tejada Col. Altavista.<\/p>\n<p>Cd Valles SLP\u00a0 Tel. 3824777.<\/p>\n<p>En carrocer\u00edas para camiones y camionetas nadie nos compite.<\/p>\n<p>++++++++++++++<\/p>\n<p>MACHINENA\u00a0 REAPARECE \u00a0EN EL\u00a0 EQUIPO\u00a0 DEL GOBERNADOR.<\/p>\n<p>Durante los gobiernos\u00a0 tricolores\u00a0\u00a0 del pasado<\/p>\n<p>Juan Carlos Machinena Morales ocup\u00f3 casi todas las\u00a0 carteras\u00a0\u00a0\u00a0\u00a0 de funcionarios estatales,\u00a0 entr\u00f3 en pausa\u00a0\u00a0 y ahora sustituye a Aurora Mancilla Castro en la Secretar\u00eda de Turismo Estatal\u00a0 seg\u00fan la designaci\u00f3n del Gobernador del estado, Ricardo Gallardo Cardona.<\/p>\n<p>El mandatario potosino hizo el anuncio sorpresivo\u00a0 en la dependencia\u00a0 dando posesi\u00f3n al\u00a0 nuevo\u00a0 funcionario\u00a0 mientras Aurora Mancilla expres\u00f3 que por lo pronto ignora si ir\u00e1 a otra dependencia del estado,\u00a0 pero que seguir\u00e1 en el equipo de Gobierno de Ricardo Gallardo Cardona, ignorando el motivo de su cambio.<\/p>\n<p>&nbsp;<\/p>\n<p>++++++++++++++<\/p>\n<p>El sitio ideal para\u00a0 sus fiestas\u2026<\/p>\n<p>\u201cFINCA\u00a0 SAN ISIDRO\u201d<\/p>\n<p>Sal\u00f3n para fiestas de todo tipo.<\/p>\n<p>Carretera Valles \u2013 R\u00edo Verde Km. 8<\/p>\n<p>Contrataciones al Tel. 01 481 179 09<\/p>\n<p>Cd. Valles SLP M\u00e9xico.<\/p>\n<p>+++++++++++++++++++<\/p>\n<p>\u00a1Cuidado!<\/p>\n<p>DEFRAUDADORES AL ACECHO DE\u00a0 INCAUTOS.<\/p>\n<p>Desde\u00a0 el pasado mes de mayo\u00a0\u00a0 en redes sociales\u00a0 aparecen\u00a0 supuestos\u00a0 avisos de la CFE\u00a0 seg\u00fan, los usuarios\u00a0 recibir\u00e1n una\u00a0 supuesta notificaci\u00f3n de multa por\u00a0 32 mil pesos , no haga caso es\u00a0 FALSO.<\/p>\n<p>La Comisi\u00f3n Federal de la Electricidad\u00a0 emiti\u00f3 una alerta, a los usuarios, \u00a0deben estar al pendiente del documento falso relacionado con el recibo de luz en el que se pretende llevar a cabo un fraude. Lo que consiste en que personas que no son parte del organismo avisan a los usuarios, la aplicaci\u00f3n de una supuesta multa argumentando que cuentan con un medidor que no tiene sello o este mismo se encuentra alterado, por lo que es necesario realizar el pago correspondiente, hasta los 32 mil pesos.<\/p>\n<p>Este documento\u00a0 en redes sociales se puede leer que\u00a0 existe\u00a0\u00a0\u00a0 riesgo de suspender el servicio de luz, a menos que se haga el pago de la multa, la cual, aseguran que llegar\u00e1 en el pr\u00f3ximo de luz, haciendo creer que se trata de algo real citando leyes para que parezca algo leg\u00edtimo y no haya sospecha.<\/p>\n<p>En el falso documento, los estafadores se hacen pasar por representantes de la CFE y advierten sobre los adeudos que rebasan la cantidad de 20 mil pesos. Ante esto, se proporcionan diversos contactos para comunicarse con la supuesta dependencia y saldar el importe obviamente a\u00a0 favor de los delincuentes.<\/p>\n<p>La CFE exhorta a los suscriptores \u00a0que no se dejen enga\u00f1ar ante el aviso\u00a0 que reciben,\u00a0 deben ocurrir a las oficinas de la para estatal o comunicarse por medio de Twitter, atenci\u00f3n a clientes o acudir a la misma dependencia. QUE NO PANDA EL CUNICO.<\/p>\n<p>++++++++++++<\/p>\n<p>D\u00a0 E\u00a0\u00a0\u00a0 V O L A\u00a0 D\u00a0 A.-<\/p>\n<p>UNA\u00a0 DISCULPA por nuestra ausencia\u00a0 en dos \u201cCalumnias\u201d por motivos de salud, pero ya\u00a0 estamos con renovados br\u00edos \u2026Ah\u00a0\u00a0\u00a0 gracias\u00a0 a\u00a0 los\u00a0 coleguitas\u00a0 que dieron su opini\u00f3n para\u00a0 que el mal llamado Concurso anual de periodismo \u201cManuel Montalvo Sol\u00eds\u201d entregara a\u00a0 este servidor\u00a0 el reconocimiento en el presente a\u00f1o, NO PREMIO anual de periodismo\u00a0 en el pasado festejo del D\u00eda de la Libertad de Expresi\u00f3n organizada por el gobierno municipal.<\/p>\n<p>Siendo alcalde\u00a0 Miguel Romero Ruizesparza\u00a0 el Honorable (de ahora\u00a0 ya tengo mis dudas) Ayuntamiento, me entreg\u00f3 un reconocimiento \u00a0en un cuadro vistoso e impresi\u00f3n art\u00edstica con motivo de mis primeros 25\u00a0 a\u00f1os de periodista en Valles (el reconocimiento de\u00a0 este a\u00f1o, comparado con el primero, ser\u00eda penoso\u00a0 hacerlo. Tambi\u00e9n por\u00a0 aquellos a\u00f1os en el Sal\u00f3n Corregidora\u00a0 del Ayuntamiento de Quer\u00e9taro,\u00a0 recib\u00ed algo semejante.\u00a0 Ambos documentos hist\u00f3ricos convertidos en cenizas cuando intencionalmente\u00a0 incendiaron mi domicilio\u00a0 en el a\u00f1o 2007\u2026pero esto es\u00a0 otra historia)<\/p>\n<p>++++++++<\/p>\n<p>CANICULA EN EL ESTADO POTOSINO.-<\/p>\n<p>Usted\u00a0 amable lector\u00a0 advirti\u00f3 que desde\u00a0 el inicio de las segunda quincena del mes de junio el \u00a0periodo de intenso calor comenz\u00f3 con \u00a0altas temperaturas que han\u00a0 rebasado los\u00a0 52\u00a0 grados en \u00a0algunos puntos de la Huasteca\u00a0\u00a0 este\u00a0 fen\u00f3meno\u00a0 seguir\u00e1 ocurriendo porque ya estamos en pleno per\u00edodo de can\u00edcula del a\u00f1o 2023, por lo que la Comisi\u00f3n Nacional de Agua, alerta a la poblaci\u00f3n para prevenir desastres y v\u00edctimas mortales durante esta temporada\u00a0 de excesivo calor.<\/p>\n<p>.La can\u00edcula es un fen\u00f3meno climatol\u00f3gico caracterizado por un periodo de aumento de la temperatura, debido a un calentamiento excesivo del aire, combinado con factores como el cielo despejado y la ausencia de lluvias.<\/p>\n<p>Este clima extremoso inclusive para regiones\u00a0 fr\u00edas, dura alrededor de 40 d\u00edas, por lo que la Comisi\u00f3n Nacional del Agua, alert\u00f3 a los estados costeros del al Golfo de M\u00e9xico y al Oc\u00e9ano Pac\u00edfico, tal es el caso de San Luis Potos\u00ed, as\u00ed como sus estados colindantes de Nuevo Le\u00f3n, Tamaulipas, Veracruz y Quer\u00e9taro; adem\u00e1s de los estados de Tabasco, Colima, Michoac\u00e1n, Guerrero, Oaxaca y Chiapas.<\/p>\n<p>Las autoridades recomiendan a la poblaci\u00f3n mantenerse hidratado, protegerse contra los rayos solares, consumir alimentos frescos y evitar exponerse directamente al sol. \u00a0con el fin de evitar complicaciones de salud sobre todo los \u00a0golpes de calor.<\/p>\n<p>+++++++++<\/p>\n<p>INE rechaza suspender giras de las \u201cCorcholatas\u201d de Morena<\/p>\n<p>El INE\u00a0 emiti\u00f3 el pasado 28 de junio\u00a0 el bolet\u00edn de La Comisi\u00f3n de Quejas y Denuncias del Instituto Nacional Electoral (INE) se decidi\u00f3 no acceder a la solicitud de suspender las giras por el territorio nacional de las \u00abcorcholatas\u00bb de Morena y sus aliados.\u00a0 LOS\u00a0\u00a0 consejeros Rita Bell L\u00f3pez Vences y Jorge Monta\u00f1o Ventura votaran en contra de la propuesta presentada por la presidenta de la Comisi\u00f3n, Claudia Zavala, para tomar medidas cautelares contra los actos anticipados de campa\u00f1a.<\/p>\n<p>Zavala justific\u00f3 su propuesta se\u00f1alando que en los eventos de Morena se han abordado temas relacionados con la continuidad de la Cuarta Transformaci\u00f3n y los programas sociales, adem\u00e1s de que se ha escuchado el grito de \u00abpresidenta o presidente\u00bb en referencia a los aspirantes. Sin embargo, Monta\u00f1o argument\u00f3 que no existen pruebas suficientes para demostrar que los aspirantes est\u00e9n incurriendo en actos anticipados de campa\u00f1a.<\/p>\n<p>La consejera Rita Bell L\u00f3pez record\u00f3 que las medidas cautelares impuestas en el pasado no especificaban si los eventos pol\u00edticos deb\u00edan ser p\u00fablicos o privados, por lo que las \u00abcorcholatas\u00bb no estar\u00edan violando dichas medidas. En cuanto a los consejeros Arturo Castillo, Dania Ravel y Jaime Rivera, quienes asistieron a la sesi\u00f3n con voz pero sin derecho a voto, se mostraron a favor de suspender las giras.<\/p>\n<p>++++++++++++<\/p>\n<p><a href=\"https:\/\/www.facebook.com\/profile.php?id=100085690009848&amp;__cft__%5b0%5d=AZWXisZDUw6Wtas5y5BI4g2Vvr1flGtXn4VucgT9Uhl1X569CUh2Khb_tB-KT1teQ2r6dttfkzsBDgR-EK7EQ7ZhqImlNrTltBztWUKRD6EWRsgAkTve93hCaoGIdZiDN5CAc10cM0ZyfYi-EVOTBWilSZjjnEIJWJp3z4rSNX54_duQvdS9Dgk7I4liTSMbn0wb2xHfTNZlHuc5qmFuno9rYYYF5XEnnUXxY0rEMPq9DRoJ5pbTnND5wwG-AZ5yR0SFwiGsR7b7qrVV0EOJDTZJce_Zh7OgmNq-qSQaaCbR_mtHtClfRSuDTsCb2KLFeeY&amp;__tn__=-UC%2CP-R\">Planchadora Express Cd. Valles<\/a><\/p>\n<p>Ponemos a tu disposici\u00f3n Nuestro Servicio de Planchado de la m\u00e1s alta calidad en la Ciudad.<\/p>\n<p>Informacion y Costos al 481 119 2145<\/p>\n<p>Direcci\u00f3n Plaza Engracia 110 Del Carmen 2<\/p>\n<p>Contamos con Servicio a Domicilio con Costo Adicional!<\/p>\n<p>+++++++++++++++++++++\u00a0 <a href=\"mailto:davidfloresservicios@hotmail.com\">davidfloresservicios@hotmail.com<\/a><\/p>\n<p>hasta la pr\u00f3xima semana..<\/p>\n<p>&#8212;<\/p>\n<p>&nbsp;<\/p>\n<p>&nbsp;<\/p>\n<p>&nbsp;<\/p>\n","protected":false},"excerpt":{"rendered":"<p>Y\u00a0 LLEGO LA\u00a0 HORA CERO A CAPITALINOS\u2026. SE\u00a0 QUEDAN SIN AGUA. +.-\u00a0 En Valles\u00a0\u00a0 el R\u00edo est\u00e1\u00a0 a punto de\u00a0 extinguir su corriente, tambi\u00e9n se han tomado medidas\u00a0 preventivas. La\u00a0 presa\u00a0 El Realito\u00a0 su reparaci\u00f3n se llevara meses\u00a0 y el problema\u00a0 principal es que no &hellip; <\/p>\n","protected":false},"author":1,"featured_media":84195,"comment_status":"open","ping_status":"open","sticky":false,"template":"","format":"standard","meta":{"footnotes":""},"categories":[17,4],"tags":[],"class_list":["post-85829","post","type-post","status-publish","format-standard","has-post-thumbnail","hentry","category-colaboraciones","category-inicio"],"_links":{"self":[{"href":"https:\/\/amanecerhuasteco.com\/portal\/wp-json\/wp\/v2\/posts\/85829","targetHints":{"allow":["GET"]}}],"collection":[{"href":"https:\/\/amanecerhuasteco.com\/portal\/wp-json\/wp\/v2\/posts"}],"about":[{"href":"https:\/\/amanecerhuasteco.com\/portal\/wp-json\/wp\/v2\/types\/post"}],"author":[{"embeddable":true,"href":"https:\/\/amanecerhuasteco.com\/portal\/wp-json\/wp\/v2\/users\/1"}],"replies":[{"embeddable":true,"href":"https:\/\/amanecerhuasteco.com\/portal\/wp-json\/wp\/v2\/comments?post=85829"}],"version-history":[{"count":1,"href":"https:\/\/amanecerhuasteco.com\/portal\/wp-json\/wp\/v2\/posts\/85829\/revisions"}],"predecessor-version":[{"id":85830,"href":"https:\/\/amanecerhuasteco.com\/portal\/wp-json\/wp\/v2\/posts\/85829\/revisions\/85830"}],"wp:featuredmedia":[{"embeddable":true,"href":"https:\/\/amanecerhuasteco.com\/portal\/wp-json\/wp\/v2\/media\/84195"}],"wp:attachment":[{"href":"https:\/\/amanecerhuasteco.com\/portal\/wp-json\/wp\/v2\/media?parent=85829"}],"wp:term":[{"taxonomy":"category","embeddable":true,"href":"https:\/\/amanecerhuasteco.com\/portal\/wp-json\/wp\/v2\/categories?post=85829"},{"taxonomy":"post_tag","embeddable":true,"href":"https:\/\/amanecerhuasteco.com\/portal\/wp-json\/wp\/v2\/tags?post=85829"}],"curies":[{"name":"wp","href":"https:\/\/api.w.org\/{rel}","templated":true}]}}