{"id":85858,"date":"2023-06-28T15:39:54","date_gmt":"2023-06-28T21:39:54","guid":{"rendered":"http:\/\/amanecerhuasteco.com\/portal\/?p=85858"},"modified":"2023-07-04T15:55:02","modified_gmt":"2023-07-04T21:55:02","slug":"inicia-liquidacion-de-la-zafra-2022-2023-del-ingenio-plan-de-san-luis-alejandro-bustos-medina","status":"publish","type":"post","link":"https:\/\/amanecerhuasteco.com\/portal\/inicia-liquidacion-de-la-zafra-2022-2023-del-ingenio-plan-de-san-luis-alejandro-bustos-medina\/","title":{"rendered":"Inicia liquidaci\u00f3n de la Zafra 2022-2023 del Ingenio Plan de San Luis Alejandro Bustos Medina"},"content":{"rendered":"<p>&nbsp;<\/p>\n<p>Ciudad Valles.- El Comit\u00e9 de Producci\u00f3n y Calidad Ca\u00f1era del Ingenio Plan de san Luis, defini\u00f3 calendario de pagos de la liquidaci\u00f3n final.<\/p>\n<p>En entrevista con Alejandro Bustos Medina, Presidente de la Uni\u00f3n Local de Productores de Ca\u00f1a de Az\u00facar de Plan de San Luis AC, inform\u00f3 que luego de negociaciones por algunas controversias con el Ingenio, se dio por terminada la zafra 2022-2023 con un KARBE de 130.350, con el cual se esta pagando la liquidaci\u00f3n final desde el pasado 26 de junio.<\/p>\n<p>Se industrializaron en el Ingenio Plan de San Luis, 1,213,217 toneladas de ca\u00f1a, durante 156 d\u00edas de zafra, cumpliendo con el estimado inicial y teniendo la producci\u00f3n m\u00e1s alta de los 4 Ingenios azucareros de San Luis Potos\u00ed, con un KARBE final de 130.350.<\/p>\n<p>Bustos Medina, reconoci\u00f3 que se trat\u00f3 de una zafra dif\u00edcil por la afectaci\u00f3n de la sequ\u00eda.<\/p>\n<p>Puntualiz\u00f3 que la programaci\u00f3n de pagos de la liquidaci\u00f3n inicio el pasado 26 de junio y terminara el 7 de julio.<\/p>\n<p>&#8212;<\/p>\n","protected":false},"excerpt":{"rendered":"<p>&nbsp; Ciudad Valles.- El Comit\u00e9 de Producci\u00f3n y Calidad Ca\u00f1era del Ingenio Plan de san Luis, defini\u00f3 calendario de pagos de la liquidaci\u00f3n final. En entrevista con Alejandro Bustos Medina, Presidente de la Uni\u00f3n Local de Productores de Ca\u00f1a de Az\u00facar de Plan de San &hellip; <\/p>\n","protected":false},"author":1,"featured_media":85859,"comment_status":"open","ping_status":"open","sticky":false,"template":"","format":"standard","meta":{"footnotes":""},"categories":[13,28,11,16,4,12,21,20],"tags":[],"class_list":["post-85858","post","type-post","status-publish","format-standard","has-post-thumbnail","hentry","category-agropecuaria","category-cnc","category-estado","category-ingenios","category-inicio","category-nacional","category-tamasopo","category-tamuin"],"_links":{"self":[{"href":"https:\/\/amanecerhuasteco.com\/portal\/wp-json\/wp\/v2\/posts\/85858","targetHints":{"allow":["GET"]}}],"collection":[{"href":"https:\/\/amanecerhuasteco.com\/portal\/wp-json\/wp\/v2\/posts"}],"about":[{"href":"https:\/\/amanecerhuasteco.com\/portal\/wp-json\/wp\/v2\/types\/post"}],"author":[{"embeddable":true,"href":"https:\/\/amanecerhuasteco.com\/portal\/wp-json\/wp\/v2\/users\/1"}],"replies":[{"embeddable":true,"href":"https:\/\/amanecerhuasteco.com\/portal\/wp-json\/wp\/v2\/comments?post=85858"}],"version-history":[{"count":1,"href":"https:\/\/amanecerhuasteco.com\/portal\/wp-json\/wp\/v2\/posts\/85858\/revisions"}],"predecessor-version":[{"id":85860,"href":"https:\/\/amanecerhuasteco.com\/portal\/wp-json\/wp\/v2\/posts\/85858\/revisions\/85860"}],"wp:featuredmedia":[{"embeddable":true,"href":"https:\/\/amanecerhuasteco.com\/portal\/wp-json\/wp\/v2\/media\/85859"}],"wp:attachment":[{"href":"https:\/\/amanecerhuasteco.com\/portal\/wp-json\/wp\/v2\/media?parent=85858"}],"wp:term":[{"taxonomy":"category","embeddable":true,"href":"https:\/\/amanecerhuasteco.com\/portal\/wp-json\/wp\/v2\/categories?post=85858"},{"taxonomy":"post_tag","embeddable":true,"href":"https:\/\/amanecerhuasteco.com\/portal\/wp-json\/wp\/v2\/tags?post=85858"}],"curies":[{"name":"wp","href":"https:\/\/api.w.org\/{rel}","templated":true}]}}