{"id":86041,"date":"2023-07-09T10:27:18","date_gmt":"2023-07-09T16:27:18","guid":{"rendered":"http:\/\/amanecerhuasteco.com\/portal\/?p=86041"},"modified":"2023-07-10T10:40:30","modified_gmt":"2023-07-10T16:40:30","slug":"entre-columnas-571","status":"publish","type":"post","link":"https:\/\/amanecerhuasteco.com\/portal\/entre-columnas-571\/","title":{"rendered":"ENTRE COLUMNAS"},"content":{"rendered":"<p>URGE\u00a0 REORGANIZAR\u00a0 LA POLICIA\u00a0 MUNIICIPAL.<\/p>\n<p>&#8211;\u00a0 Cambian directores\u00a0 pero siguen en sus filas viciados\u00a0 elementos.<\/p>\n<p>Las\u00a0 buenas intenciones del alcalde Vallense al\u00a0 exhortar a los ciudadanos\u00a0 que\u00a0 resulten v\u00edctimas de abusos de autoridad\u00a0\u00a0 de la polic\u00eda uniformada\u00a0 del municipio, los denuncien\u00a0 ante\u00a0 la Fiscal\u00eda acudan directamente.<\/p>\n<p>\u00c9l ara aplicar los correctivos y consignar los hechos\u00a0 la autoridad\u00a0 competente si\u00a0 as\u00ed se requiere, pero los\u00a0 afectados son ap\u00e1ticos\u00a0 o no tienen confianza\u00a0 a la m\u00e1xima autoridad\u00a0\u00a0 del municipio a quien han acudido sin lograr entrevistarlo por su ausencia frecuente o bien son atendidos por funcionarios\u00a0 que solo por protocolo reciben al afectado sin dar\u00a0 respuesta pronta y expedita.<\/p>\n<p>En el cabildo\u00a0 existe\u00a0 una Comisi\u00f3n de seguridad y polic\u00eda presidida por un regidor, en este caso\u00a0 desde\u00a0 la designaci\u00f3n de este funcionario, no se sabe qui\u00e9n es o\u00a0 que resultados\u00a0 ha\u00a0 dado a la ciudadan\u00eda, los afectados\u00a0\u00a0\u00a0 tambi\u00e9n han recurrido a la oficinas que tienen frente al palacio chico\u00a0 por la calle Morelos pero la respuesta es que\u00a0 est\u00e1\u00a0 atendiendo \u201cuna comisi\u00f3n\u201d y\u00a0 as\u00ed sucesivamente.\u00a0 Algunos medios informativos publicaron presuntas\u00a0 declaraciones del alcalde\u00a0 quien habr\u00eda manifestado que\u00a0\u00a0 enviar\u00eda un ultim\u00e1tum al director de Seguridad P\u00fablica y Tr\u00e1nsito Municipal (DSPTM), Jos\u00e9 Isidoro Salazar Gonz\u00e1lez para\u00a0 que\u00a0 informe sobre recientes casos de abuso policiaco que\u00a0 publicamos en esta\u00a0 columna\u00a0 la\u00a0 semana anterior.<\/p>\n<p>El caso masa\u00a0 reciente\u00a0 que ha originado la\u00a0 reprobaci\u00f3n social\u00a0 es el hecho ocurrido el pasado domingo 25 de junio, cuando los gen\u00edzaros de la patrulla 2039 detuvieron a un hombre con discapacidad al que golpearon e hirieron de una operaci\u00f3n reciente de pr\u00f3tesis acus\u00e1ndolo de\u00a0 manejar un veh\u00edculo sin farros, el caso est\u00e1 en la Fiscal\u00eda General del Estado\u00a0 zona\u00a0 norte\u00a0 con sede en esta ciudad.<\/p>\n<p>Ser\u00eda\u00a0 largo enumerar los abusos\u00a0 de la polic\u00eda municipal de Valles solapados\u00a0 por\u00a0 sus jefes\u00a0 y la tibia\u00a0 intervenci\u00f3n de\u00a0 o los comisionados de polic\u00eda\u00a0 ante la corporaci\u00f3n\u00a0 para auxiliar al alcalde<\/p>\n<p>&nbsp;<\/p>\n<p>++++++++++++<\/p>\n<p>CARROCERIAS\u00a0 BUSTOS<\/p>\n<p>Reforma y Lerdo de tejada Col. Altavista.<\/p>\n<p>Cd Valles SLP\u00a0 Tel. 3824777.<\/p>\n<p>En carrocer\u00edas para camiones y camionetas nadie nos compite<\/p>\n<p>+++++++++++++++++++<\/p>\n<p>&nbsp;<\/p>\n<p>&nbsp;<\/p>\n<p>DINOS TRICOLORES SOBREVIVIENTES PRETENDEN VOLVER\u2026\u2026(no lo que se\u00a0 llevaron)<\/p>\n<p>Mientras\u00a0 a\u00a0 nivel nacional los cabecillas\u00a0 del RIP\u00a0 se dan con todo, ac\u00e1\u00a0 en casa el arribo a la dirigencia\u00a0 tras la renuncia de\u00a0\u00a0 los anteriores directivos, son de los mismos que han medrado a la sombra\u00a0 del otrora poder\u00a0 del\u00a0 tricolor\u00a0 y la alta nomenclatura operada por el ex gobernador\u00a0 HSU\u00a0 declar\u00f3 en entrevista para la\u00a0\u00a0 Radio\u00a0 capitalina Oye 105.5 FM, reiter\u00f3 el el llamado a hacer un frente a la imposici\u00f3n que se est\u00e1 fraguando de cara a las elecciones del pr\u00f3ximo a\u00f1o para hacer un frente a la imposici\u00f3n que se est\u00e1 fraguando para las elecciones del pr\u00f3ximo a\u00f1o.\u00a0\u00a0 El ex gobernador de San Luis Potos\u00ed, Horacio S\u00e1nchez Unzueta, retorna \u00a0a la vida p\u00fablica para hacer frente al presidente Andr\u00e9s Manuel L\u00f3pez Obrador y \u201cencabezar un movimiento con el que busca reivindicar a los actuales partidos de oposici\u00f3n en aras de recuperar la Presidencia de la Rep\u00fablica\u201d \u00a0y, obvio\u00a0 el estado y municipios, ejemplo\u00a0\u00a0 en la\u00a0 Huasteca\u00a0\u00a0 tambi\u00e9n recuperar las\u00a0 diputaciones\u00a0 federales y\u00a0 locales. En El Ayuntamiento de Valles \u00a0solamente\u00a0\u00a0 tiene un regidor y\u00a0 los dirigentes del comit\u00e9\u00a0 renunciaron o\u00a0 desatendieron por motivos de salud, esta\u00a0 situaci\u00f3n ha obligado a\u00a0 entregar mandos a\u00a0 viejos priistas que\u00a0 siguen leales a\u00a0 ese partido.<\/p>\n<p>Publica\u00a0\u00a0 en su\u00a0 plataforma\u00a0 el medio informativo C\u00f3digo San Luis\u00a0 que en entrevista para Oye 105.5 FM, el tambi\u00e9n ex embajador de M\u00e9xico en El Vaticano, consider\u00f3 que las condiciones actuales que se est\u00e1n viviendo en el pa\u00eds hablan de que al presidente \u201cha perdido el rumbo, la br\u00fajula y el camino que se le quer\u00eda dar a la naci\u00f3n ya que, a la fecha, lo \u00fanico que se est\u00e1 haciendo es generar divisi\u00f3n y polarizar a un pueblo que necesita estar unido para enfrentar los retos que se avecinan. (Ya\u00a0 se\u00a0 vi\u00f3\u00a0 ese\u00a0 pueblo desunido\u00a0 el pasado 1\u00a0 de julio\u00a0 en el festejo del Z\u00f3calo capitalino en torno a\u00a0 AMLO)<\/p>\n<p>Finalmente los radioescuchas potosinos\u00a0 comentaron\u00a0 que\u00a0 HSU expres\u00f3 muy seguro que \u00a0el PRI y el resto de los partidos de oposici\u00f3n no est\u00e1n muertos, se pensaba que la elecci\u00f3n del Estado de M\u00e9xico estaba resuelta a favor de Morena y sus aliados, sin embargo, todav\u00eda hay batalla, \u00a0la victoria no fue tan sencilla como la ten\u00edan prevista,\u00a0 este hecho augur\u00f3 lo que podr\u00eda pasar en el 2024, proceso para el que se cree que el resultado ya est\u00e1 dicho, pero, insisti\u00f3, a\u00fan falta mucho por ver. (ya\u00a0 se\u00a0 empez\u00f3 a ver\u00a0 con el derrumbe de las bases del PRI\u00a0 nacional)<\/p>\n<p>++++++++++++++++++<\/p>\n<p>TELEFONO GRATUITO<\/p>\n<p>PARA AGENDAR CITA\u00a0 AL IMSS<\/p>\n<p>Al final del anuncio\u2026\u2026.<\/p>\n<p>++++++<\/p>\n<p>\u201cCHEPE HUASTECO\u201d PROYECTAN.<\/p>\n<p>Una\u00a0 nueva intentona\u00a0 ahora con todo el apoyo del gobierno del estado, el proyecto de\u00a0 los empresarios de la\u00a0 \u201cindustria sin chimineas\u201d\u00a0 de la regi\u00f3n media\u00a0 hasta la\u00a0 entrada a la Huasteca\u00a0 (Tamasopo) esperan concretar el<\/p>\n<p>corredor tur\u00edstico en la Zona Media y Huasteca al\u00a0 avanzar las\u00a0 gestiones con Kansas City Southern, para la puesta en operaci\u00f3n de un tren y conformaci\u00f3n de una ruta ferroviaria entre C\u00e1rdenas, Tamasopo y Rioverde.<\/p>\n<p>El Gobernador, dio a conocer que se avanza favorablemente con las gestiones ante la firma Kansas City Southern, para la puesta en operaci\u00f3n de un tren y conformaci\u00f3n de una ruta ferroviaria entre C\u00e1rdenas, Tamasopo y Rioverde, que incluir\u00e1 un Museo del Ferrocarril con una M\u00e1quina de Vapor.<\/p>\n<p>Detall\u00f3 que con el nombramiento de nuevo Pueblo M\u00e1gico a Ciudad del Ma\u00edz, se anexa\u00a0 \u00a0esta regi\u00f3n en materia tur\u00edstica, \u00a0a\u00f1adi\u00e9ndolo al \u00a0plan maestro para rescate y potenciar la zona Media que\u00a0 a\u00a0 futuro se unir\u00e1 con el proyecto de la Riviera \u00a0Huasteca que reactivar\u00e1 el \u00a0dinamismo econ\u00f3mico a las cuatro regiones del estado.<\/p>\n<p>++++++++++++++<\/p>\n<p>EST\u00c1\u00a0 URGIDO DE DINERO?<\/p>\n<p>Pr\u00e9stamos\u00a0\u00a0\u00a0 de\u00a0 dinero inmediatos a pensionados\u00a0\u00a0 CFE, ISSSTE.FFCC, SCT, PEMEX,\u00a0 ACTIVOS Y JUBILADOS\u00a0 IMSS\u00a0\u00a0 SIN AFECTAR TARJETON.\u00a0\u00a0\u00a0 Ll\u00e1menos las\u00a0 24 hrs del d\u00eda\u00a0 4811039565\u2026.. CREDITO INMEDIATO\u00a0\u00a0\u00a0\u00a0 Tel. gratuito del IMSS\u00a0 800 681 2525<\/p>\n<p>++++++++++++++++++++++++++<\/p>\n<p>ATENCION<\/p>\n<p>En espacios cerrados, mantente puesto el cubrebocas y si estas al aire libre y te lo quitas, recuerda mantener una distancia de al menos 2 metros de otras personas.<\/p>\n<p>La pandemia no ha terminado; mant\u00e9n las medidas de prevenci\u00f3n y \u00a1corta el contagio!<\/p>\n<p>QFB\u00a0 FABIOLA GARCIA ALVAREZ<\/p>\n<p>Perito dictaminador en an\u00e1lisis bacteriol\u00f3gico de agua y alimentos con n\u00famero GES-PD 0705<\/p>\n<p>Perito dictaminador en\u00a0 estupefacientes GES-PD0523<\/p>\n<p>Maestr\u00eda\u00a0 en an\u00e1lisis cl\u00ednicos 1301 \u2013 368068<\/p>\n<p>Ced\u00a0 prof\u00a0 8664204\u00a0\u00a0 Tel. 38 1 66 64<\/p>\n<p>Asesor\u00eda,\u00a0 auditor\u00eda\u00a0 y gesti\u00f3n ambiental.<\/p>\n<ol>\n<li>Victoria No. 8 zona centro Cd Valles SLP.<\/li>\n<\/ol>\n<p>++++++++++++++<\/p>\n<p>&nbsp;<\/p>\n<p>REFORESTARAN\u00a0 TERRITORIO POTODSINO<\/p>\n<p>&nbsp;<\/p>\n<p>En la primera fase\u00a0\u00a0 no se incluye a Valles.<\/p>\n<p>La\u00a0 reforestaci\u00f3n\u00a0 del campo potosino \u00a0no es solamente\u00a0 llevar a los alumnos de las escuelas a plantar arbolitos\u00a0\u00a0 en la celebraci\u00f3n del D\u00eda del Bosque\u00a0 o D\u00eda del \u00c1rbol\u00a0 en\u00a0 el presente mes de julio,\u00a0 millones\u00a0 se han plantado desde\u00a0 que\u00a0 recuerdo (1958) y particip\u00e9 en comit\u00e9s de\u00a0 reforestaci\u00f3n, durante\u00a0 el tiempo transcurrido\u00a0 no\u00a0 hay vestigios\u00a0 de esos programas\u00a0 porque\u00a0 nunca\u00a0 prosperaron.\u00a0 No es lo mismo plantar\u00a0 alguna especie y\u00a0 tomar la foto, despu\u00e9s olvidarse\u00a0 de\u00a0 regarlo o\u00a0 protegerlo\u00a0 de\u00a0 los irresponsables\u00a0\u00a0 que\u00a0 hasta como le\u00f1a ampliar\u00a0 \u00e1reas\u00a0 urbanas o simplemente porque \u201cson un estorbo\u201d los devastan.\u00a0\u00a0 (predio de Ju\u00e1rez y Carranza)<\/p>\n<p>Pues bien, con \u00a0un mill\u00f3n de \u00e1rboles, el gobernador puso en marcha la\u00a0 reforestaci\u00f3n para\u00a0 la conservaci\u00f3n y cuidado medioambiental de San Luis Potos\u00ed \u00a0hacia un mejor futuro; son 11 municipios la primera etapa de reforestaci\u00f3n con los primeros 300 mil \u00e1rboles de un mill\u00f3n que sembrar\u00e1n en este a\u00f1o 2023, con la restauraci\u00f3n, conservaci\u00f3n de los ecosistemas forestales de las cuatro regiones y el cuidado y la preservaci\u00f3n del medio ambiente ante los efectos del cambio clim\u00e1tico.<\/p>\n<p>Con motivo \u00a0del D\u00eda Mundial del \u00c1rbol, que se celebr\u00f3 el pasado \u00a028 de junio, el Mandatario Estatal convoc\u00f3 a los presidentes municipales, autoridades ambientales, as\u00ed como a \u00a0los potosinos, a sumarse a esta iniciativa que busca dar cumplimiento a los Objetivos de Desarrollo Sostenible que garanticen el derecho a un medio ambiente sano y un\u00a0 mejor estilo de vida\u00a0 a futuras generaciones, ser\u00e1n sembrados un mill\u00f3n de \u00e1rboles, para disminuir los efectos del calentamiento global<\/p>\n<p>+++++++++++<\/p>\n<p>CARROCERIAS\u00a0 BUSTOS<\/p>\n<p>Reforma y Lerdo de tejada Col. Altavista.<\/p>\n<p>Cd Valles SLP\u00a0 Tel. 3824777.<\/p>\n<p>En carrocer\u00edas para camiones y camionetas nadie nos compite.<\/p>\n<p>++++++++++++++<\/p>\n<p>PROMUEVE AUTORIDAD MUNICIPAL CAPITALINA MASCENTROS\u00a0 FABRILES.<\/p>\n<p>&#8211; Primero deben garantizar el agua a la poblaci\u00f3n.<\/p>\n<p>&#8211;\u00a0 Para\u00a0 Ciudad Valles\u00a0 SOLO PROMESAS.<\/p>\n<p>El crecimiento poblacional de la\u00a0 capital de las tunas\u00a0 sigue y l\u00a0 demanda de los servicios aumenta, lo m\u00e1s preocupante para\u00a0 los\u00a0 capitalinos es\u00a0 la\u00a0 escasez\u00a0 de\u00a0 agua ante la demanda de\u00a0 las\u00a0 industrias y la poblacional, el problema\u00a0 a juicio de las autoridades del municipio\u00a0 ser\u00e1 resuelto, pero llevar\u00e1 su tiempo, entre tanto la demanda del vital elemento ser\u00e1\u00a0 llevarla en pipas a los domicilios\u00a0\u00a0 de cuando menos 50 colonias.(no se\u00a0 citan fraccionamientos)<\/p>\n<p>Sin embargo\u00a0 el gobierno municipal capitalino sigue generando las condiciones favorables para la llegada de m\u00e1s inversiones locales, nacionales y extranjeras, con el objetivo de potenciar el desarrollo econ\u00f3mico de la ciudad, que se generen m\u00e1s empleo y desarrollo.<\/p>\n<p>El director de Desarrollo Econ\u00f3mico de la capital, Jaime Chalita Zarur, dijo que \u00a0se\u00a0 espera en corto plazo \u00a0el establecimiento de m\u00e1s empresas, como \u00a0la planta Tecco del grupo Himile,\u00a0 de origen chino, la que invertir\u00e1 42 millones de d\u00f3lares y generar\u00e1 alrededor de 400 nuevos empleos.<\/p>\n<p>\u201cLas empresas nacionales y extranjeras ven \u00a0que San Luis Potos\u00ed re\u00fane las condiciones necesarias para establecerse en una ciudad cuya infraestructura cumple para favorecer su desarrollo y eso gracias al trabajo que se ha venido realizando en la actual administraci\u00f3n\u201d, manifest\u00f3 el funcionario municipal. Para la Huasteca, CERO.<\/p>\n<p>++++++++++++++<\/p>\n<p>El sitio ideal para\u00a0 sus fiestas\u2026<\/p>\n<p>\u201cFINCA\u00a0 SAN ISIDRO\u201d<\/p>\n<p>Sal\u00f3n para fiestas de todo tipo.<\/p>\n<p>Carretera Valles \u2013 R\u00edo Verde Km. 8<\/p>\n<p>Contrataciones al Tel. 01 481 179 09<\/p>\n<p>Cd. Valles SLP M\u00e9xico.<\/p>\n<p>+++++++++++++++++++<\/p>\n<p>FIRME\u00a0 EL PROYECTO DE\u00a0 AMPLIAR AEROPUERTO DE TAMUIN.<\/p>\n<p>&nbsp;<\/p>\n<p>El gobernador del Estado tiene\u00a0 especial inter\u00e9s en concretar el proyecto de\u00a0 ampliar el\u00a0 aeropuerto nacional de Tamuin, as\u00ed\u00a0 qued\u00f3 formalizado\u00a0 con el presidente\u00a0 AMLO\u00a0 e su \u00faltima visita a la regi\u00f3n Huasteca expres\u00f3 la disposici\u00f3n del Estado para poner todo lo que est\u00e9 de su parte para que el proyecto de ampliaci\u00f3n se concrete antes del final de este sexenio.<\/p>\n<p>\u201cLa ampliaci\u00f3n del aeropuerto de Tamu\u00edn va a potenciar el turismo que llega a esta regi\u00f3n, generando mayor econom\u00eda y bienestar, pero sobre todo podremos llegar m\u00e1s r\u00e1pido y a m\u00e1s rincones, a donde ning\u00fan otro Gobierno de la naci\u00f3n o del Estado hab\u00eda llegado para tenderles la mano a quienes m\u00e1s lo necesitan\u201d, dijo Gallardo Cardona.<\/p>\n<p>El Mandatario agradeci\u00f3 la disposici\u00f3n del Gobierno Federal para invertir recursos en este tipo de proyectos en una regi\u00f3n que tienen una vocaci\u00f3n tur\u00edstica que permitir\u00e1 detonar el desarrollo y bienestar de los habitantes de la Huasteca.<\/p>\n<p>El proyecto de modernizaci\u00f3n del aeropuerto de Tamu\u00edn plantea incrementar la longitud de la pista en 900 metros, para lo que ser\u00e1 necesario adquirir 46 hect\u00e1reas hacia el norte y hacer un convenio de permuta con el CBTA 121, adem\u00e1s de una desviaci\u00f3n de carretera.<\/p>\n<p>++++++++<\/p>\n<p>\u201cCAF\u00c9 Y RESTAURANT\u00a0 EL FAROLITO\u201d<\/p>\n<p>Lo mejor de la cocina Huasteca; el tradicional zacahuil y cazueladas.\u00a0\u00a0 Atendemos toda clase de\u00a0 festejos. Pedidos al Tel\u00a0 3821017 Ciudad Valles SLP.<\/p>\n<p>++++++++++++<\/p>\n<p>D\u00a0 E\u00a0\u00a0\u00a0 V O L A\u00a0 D\u00a0 A.-<\/p>\n<p>A M\u00e9xico le hace falta m\u00e1s PRI: Frinn\u00e9 Azuara, diputada premiada\u00a0 por\u00a0 el RIP\u00a0 es\u00a0\u00a0 una\u00a0 legisladora federal Huasteca\u00a0 poco\u00a0 conocida\u00a0 y\u00a0 ni los mismos tricolores sab\u00edan de su existencia\u00a0 en\u00a0 el parlamento, por el RIP Frinn\u00e9 Azuara Yarz\u00e1bal, oriunda de Axtla de Terrazas en la huasteca potosina, asegur\u00f3 que ante el fracaso del gobierno emanado de Morena, \u201clo que le hace falta a M\u00e9xico es m\u00e1s PRI\u201d.<\/p>\n<p>Asegur\u00f3 que \u201cel PRI sab\u00eda gobernar y eso es lo que queremos hacerle ver a la gente\u2026 porque hoy el pa\u00eds est\u00e1 en crisis, vivimos en medio de una terrible tragedia\u201d. (el que est\u00e1 en crisis es su partido querida paisana)<\/p>\n<p>Aseguro la\u00a0 originaria de Las Garzas Blancas que est\u00e9 pa\u00eds est\u00e1 en crisis y lo que est\u00e1n generando es una f\u00e1brica de pobres, es terrible, es una desgracia\u201d, \u00a0rese\u00f1aron los medios informativos tunero en la visita de esta\u00a0 f\u00e9mina.<\/p>\n<p>As\u00ed lo\u00a0 dijo con seguridad \u00abNosotros estamos recuperando la confianza del pueblo y el pueblo nos est\u00e1 volteando a ver, porque sabe que este pa\u00eds, y lo vuelvo a decir, lo que necesita, es m\u00e1s PRI\u00bb, reiter\u00f3.<\/p>\n<p>Hasta donde\u00a0 lleg\u00f3 la\u00a0 visitante\u00a0 que pocos conocen en su pueblo, dijo que su partido \u201cha representado a los mexicanos durante m\u00e1s de 70 a\u00f1os, \u201c y cu\u00e1ndo gobern\u00f3 &#8211;\u00a0 se\u00a0 pregunt\u00f3 &#8211; \u00a0c\u00f3mo estaban las instituciones, c\u00f3mo estaba la econom\u00eda, c\u00f3mo estaba la salud, c\u00f3mo estaba el campo, hoy lo extra\u00f1amos$$$$$$$$ y lo resentimos.<\/p>\n<p>Y\u00a0\u00a0 encarrilada\u00a0 asegur\u00f3 que c\u00f3mo su partido no hay ning\u00fan otro partido pol\u00edtico que abandere las causas sociales del pa\u00eds \u201cse perdieron, por eso estamos en crisis y por eso nosotros vamos a seguir abander\u00e1ndolas, porque nosotros si sab\u00edamos gobernar\u201d y aun hay mas.<\/p>\n<p>++++++++++++<\/p>\n<p>&nbsp;<\/p>\n<p>&nbsp;<\/p>\n<p>&nbsp;<\/p>\n<p>&nbsp;<\/p>\n<p>&nbsp;<\/p>\n<p><a href=\"https:\/\/www.facebook.com\/profile.php?id=100085690009848&amp;__cft__%5b0%5d=AZWXisZDUw6Wtas5y5BI4g2Vvr1flGtXn4VucgT9Uhl1X569CUh2Khb_tB-KT1teQ2r6dttfkzsBDgR-EK7EQ7ZhqImlNrTltBztWUKRD6EWRsgAkTve93hCaoGIdZiDN5CAc10cM0ZyfYi-EVOTBWilSZjjnEIJWJp3z4rSNX54_duQvdS9Dgk7I4liTSMbn0wb2xHfTNZlHuc5qmFuno9rYYYF5XEnnUXxY0rEMPq9DRoJ5pbTnND5wwG-AZ5yR0SFwiGsR7b7qrVV0EOJDTZJce_Zh7OgmNq-qSQaaCbR_mtHtClfRSuDTsCb2KLFeeY&amp;__tn__=-UC%2CP-R\">Planchadora Express Cd. Valles<\/a><\/p>\n<p>Ponemos a tu disposici\u00f3n Nuestro Servicio de Planchado de la m\u00e1s alta calidad en la Ciudad.<\/p>\n<p>Informacion y Costos al 481 119 2145<\/p>\n<p>Direcci\u00f3n Plaza Engracia 110 Del Carmen 2<\/p>\n<p>Contamos con Servicio a Domicilio con Costo Adicional!<\/p>\n<p>+++++++++++++++++++++\u00a0 <a href=\"mailto:davidfloresservicios@hotmail.com\">davidfloresservicios@hotmail.com<\/a><\/p>\n<p>&#8212;<\/p>\n","protected":false},"excerpt":{"rendered":"<p>URGE\u00a0 REORGANIZAR\u00a0 LA POLICIA\u00a0 MUNIICIPAL. &#8211;\u00a0 Cambian directores\u00a0 pero siguen en sus filas viciados\u00a0 elementos. Las\u00a0 buenas intenciones del alcalde Vallense al\u00a0 exhortar a los ciudadanos\u00a0 que\u00a0 resulten v\u00edctimas de abusos de autoridad\u00a0\u00a0 de la polic\u00eda uniformada\u00a0 del municipio, los denuncien\u00a0 ante\u00a0 la Fiscal\u00eda acudan &hellip; <\/p>\n","protected":false},"author":1,"featured_media":80155,"comment_status":"open","ping_status":"open","sticky":false,"template":"","format":"standard","meta":{"footnotes":""},"categories":[17,4],"tags":[],"class_list":["post-86041","post","type-post","status-publish","format-standard","has-post-thumbnail","hentry","category-colaboraciones","category-inicio"],"_links":{"self":[{"href":"https:\/\/amanecerhuasteco.com\/portal\/wp-json\/wp\/v2\/posts\/86041","targetHints":{"allow":["GET"]}}],"collection":[{"href":"https:\/\/amanecerhuasteco.com\/portal\/wp-json\/wp\/v2\/posts"}],"about":[{"href":"https:\/\/amanecerhuasteco.com\/portal\/wp-json\/wp\/v2\/types\/post"}],"author":[{"embeddable":true,"href":"https:\/\/amanecerhuasteco.com\/portal\/wp-json\/wp\/v2\/users\/1"}],"replies":[{"embeddable":true,"href":"https:\/\/amanecerhuasteco.com\/portal\/wp-json\/wp\/v2\/comments?post=86041"}],"version-history":[{"count":1,"href":"https:\/\/amanecerhuasteco.com\/portal\/wp-json\/wp\/v2\/posts\/86041\/revisions"}],"predecessor-version":[{"id":86042,"href":"https:\/\/amanecerhuasteco.com\/portal\/wp-json\/wp\/v2\/posts\/86041\/revisions\/86042"}],"wp:featuredmedia":[{"embeddable":true,"href":"https:\/\/amanecerhuasteco.com\/portal\/wp-json\/wp\/v2\/media\/80155"}],"wp:attachment":[{"href":"https:\/\/amanecerhuasteco.com\/portal\/wp-json\/wp\/v2\/media?parent=86041"}],"wp:term":[{"taxonomy":"category","embeddable":true,"href":"https:\/\/amanecerhuasteco.com\/portal\/wp-json\/wp\/v2\/categories?post=86041"},{"taxonomy":"post_tag","embeddable":true,"href":"https:\/\/amanecerhuasteco.com\/portal\/wp-json\/wp\/v2\/tags?post=86041"}],"curies":[{"name":"wp","href":"https:\/\/api.w.org\/{rel}","templated":true}]}}