{"id":86777,"date":"2023-07-29T21:32:22","date_gmt":"2023-07-30T03:32:22","guid":{"rendered":"http:\/\/amanecerhuasteco.com\/portal\/?p=86777"},"modified":"2023-07-30T21:37:07","modified_gmt":"2023-07-31T03:37:07","slug":"entre-columnas-573","status":"publish","type":"post","link":"https:\/\/amanecerhuasteco.com\/portal\/entre-columnas-573\/","title":{"rendered":"ENTRE COLUMNAS"},"content":{"rendered":"<p><strong>LIDERESA INTERINA DEL PRI VINO A VALLES, SOLO UNA VEINTENA\u00a0 DE TRICOLORES\u00a0 LA RECIBIERON.<\/strong><\/p>\n<p><strong>&#8211; JJOA\u00a0 que se\u00a0 autoproclama precandidato a la sucesi\u00f3n municipal, el gran ausente. (se pinta Moreno?)<\/strong><\/p>\n<p><strong>&#8211;\u00a0 Palomares Tejeda\u00a0 otro que trabaja por la\u00a0 candidatura se hizo presente.<\/strong><\/p>\n<p><strong>La semana anterior\u00a0 estuvo\u00a0 en esta ciudad \u2013no se sabe si invitada por los\u00a0 escasos tricolores o iniciativa propia_\u00a0 la\u00a0 actual\u00a0 presidenta interina\u00a0 Sara Rocha, en las pocas\u00a0 horas\u00a0 que atendi\u00f3\u00a0 retorn\u00f3 con una imagen con s\u00edntomas de muerte\u00a0 pol\u00edtica, si ahora\u00a0 no est\u00e1\u00a0 representado en el cabildo\u00a0 porque el \u00fanico regidor\u00a0 est\u00e1\u00a0 enfermo y su suplente\u00a0 no ha sido llamado, para el siguiente\u00a0 no\u00a0 alcanzaran sus votos\u00a0 para\u00a0 un plurinominal , de ese\u00a0 tama\u00f1o est\u00e1\u00a0 su partido en Valles.<\/strong><\/p>\n<p><strong>Desde la frustrada\u00a0 inauguraci\u00f3n del edificio del PRI durante el sexenio Carrerista, nadie mas\u00a0 visit\u00f3 el edificio nuevo\u00a0 ahora en ruinas, debido\u00a0\u00a0 que las autoridades\u00a0 electorales intervinieron ante denuncia de\u00a0 un ciudadano\u00a0 que la obra fue financiada\u00a0\u00a0 en parte con recursos\u00a0 de la Dapas y ayuntamiento, se demostr\u00f3\u00a0 con cheques\u00a0\u00a0 el desv\u00edo de esos recursos,\u00a0 Adem\u00e1s la donaci\u00f3n hasta el pasado a\u00f1o estaba irregular debido a que los sucesores\u00a0 no\u00a0 acordaban\u00a0 la referida\u00a0 donaci\u00f3n que en su momento habr\u00eda hecho de palabra el finado ex alcalde Antonio Esper\u2026\u00a0 y aun hay mas.<\/strong><\/p>\n<p><strong>++++++++++++<\/strong><\/p>\n<p><strong>CARROCERIAS\u00a0 BUSTOS<\/strong><\/p>\n<p><strong>Reforma y Lerdo de tejada Col. Altavista.<\/strong><\/p>\n<p><strong>Cd Valles SLP\u00a0 Tel. 3824777.<\/strong><\/p>\n<p><strong>En carrocer\u00edas para camiones y camionetas nadie nos compite<\/strong><\/p>\n<p><strong>+++++++++++++++++++<\/strong><\/p>\n<p><strong>UN ASPIRANTE A ALCALDE\u00a0 EN VALLES, ESTAR\u00cdA\u00a0 ENTRE LOS PRIMEROS\u00a0 INCUMPLIDOS.<\/strong><\/p>\n<p><strong>El Congreso del Estado aprob\u00f3 <\/strong><\/p>\n<p><strong>REFORMA AL C\u00d3DIGO FAMILIAR DEL ESTADO PRESENTADA POR LA DIP. LIDIA NALLELY VARGAS HERN\u00c1NDEZ:\u00a0 quien <\/strong><strong>incumpla con la pensi\u00f3n alimenticia por un periodo de 60 d\u00edas continuos o que deje de cubrir cuatro pensiones en un periodo de dos a\u00f1os, se constituir\u00e1 en deudora alimentaria morosa. \u00a0<\/strong><\/p>\n<p><strong>\u00a0Se\u00a0 reforman los art\u00edculos 152 en su p\u00e1rrafo segundo, 165 el p\u00e1rrafo segundo y 167 BIS, del C\u00f3digo Familiar para el Estado, para establecer que la persona que incumpla con la pensi\u00f3n alimenticia por un periodo de sesenta d\u00edas continuos, o que deje de cubrir cuatro pensiones en un periodo de dos a\u00f1os, se constituir\u00e1 en deudora alimentaria morosa.\u00a0 Se considerada persona deudora alimentaria morosa, y es cuando se deje de cubrir cuatro pensiones en un periodo de dos a\u00f1os, trae como consecuencia ser registrado en el Padr\u00f3n Estatal de Personas Deudoras Alimentarias Morosas, evitando de esta manera la comisi\u00f3n de malas pr\u00e1cticas que pongan en riesgo la subsistencia alimentaria de las acreedoras.<\/strong><\/p>\n<p><strong>++++++++++++++<\/strong><\/p>\n<p><strong>TELEFONO GRATUITO<\/strong><\/p>\n<p><strong>PARA AGENDAR CITA\u00a0 AL IMSS<\/strong><\/p>\n<p><strong>Al final del anuncio\u2026\u2026.<\/strong><\/p>\n<p><strong>++++++<\/strong><\/p>\n<p><strong>EST\u00c1\u00a0 URGIDO DE DINERO?<\/strong><\/p>\n<p><strong>Pr\u00e9stamos\u00a0\u00a0\u00a0 de\u00a0 dinero inmediatos a pensionados\u00a0\u00a0 CFE, ISSSTE.FFCC, SCT, PEMEX,\u00a0 ACTIVOS Y JUBILADOS\u00a0 IMSS\u00a0\u00a0 SIN AFECTAR TARJETON.\u00a0\u00a0\u00a0 Ll\u00e1menos las\u00a0 24 hrs del d\u00eda\u00a0 4811039565\u2026.. CREDITO INMEDIATO\u00a0\u00a0\u00a0\u00a0 Tel. gratuito del IMSS\u00a0 800 681 2525<\/strong><\/p>\n<p><strong>++++++++++++++++++++++++++<\/strong><\/p>\n<p><strong>ATENCION.-<\/strong><\/p>\n<p><strong>En espacios cerrados, mantente puesto el cubrebocas y si estas al aire libre y te lo quitas, recuerda mantener una distancia de al menos 2 metros de otras personas. <\/strong><\/p>\n<p><strong>La pandemia no ha terminado; mant\u00e9n las medidas de prevenci\u00f3n y \u00a1corta el contagio!<\/strong><\/p>\n<p><strong>QFB\u00a0 FABIOLA GARCIA ALVAREZ<\/strong><\/p>\n<p><strong>Perito dictaminador en an\u00e1lisis bacteriol\u00f3gico de agua y alimentos con n\u00famero GES-PD 0705<\/strong><\/p>\n<p><strong>Perito dictaminador en\u00a0 estupefacientes GES-PD0523<\/strong><\/p>\n<p><strong>Maestr\u00eda\u00a0 en an\u00e1lisis cl\u00ednicos 1301 \u2013 368068<\/strong><\/p>\n<p><strong>Ced\u00a0 prof\u00a0 8664204\u00a0\u00a0 Tel. 38 1 66 64<\/strong><\/p>\n<p><strong>Asesor\u00eda,\u00a0 auditor\u00eda\u00a0 y gesti\u00f3n ambiental.<\/strong><\/p>\n<ol>\n<li><strong> Victoria No. 8 zona centro Cd Valles SLP.<\/strong><\/li>\n<\/ol>\n<p><strong>++++++++++++++<\/strong><\/p>\n<p><strong>\u00a0<\/strong><\/p>\n<p><strong>\u00a0<\/strong><\/p>\n<p><strong>Paisanos\u00a0 nos\u00a0 env\u00edan esta horripilante noticia ; polic\u00edas\u00a0 arrojaran ni\u00f1os al rio bravo.<\/strong><\/p>\n<p><strong>El t\u00edo\u00a0 Sam que\u00a0 presume ser\u00a0 el defensor de la\u00a0 humanidad, de los derechos humanos y la\u00a0 democracia, llegar\u00eda\u00a0 al extremo\u00a0 de utilizar\u00a0 a la polic\u00eda fronteriza\u00a0 con M\u00e9xico,\u00a0 de arrojar a ni\u00f1os\u00a0 que\u00a0 sean\u00a0 atrapados\u00a0 cuando\u00a0 junto a sus padres\u00a0 cruzan el R\u00edo\u00a0 para\u00a0 adentrarse\u00a0 en el pa\u00eds del sue\u00f1o americano.\u00a0\u00a0 <\/strong><strong>\u00a0El medio Norteamericano <\/strong><\/p>\n<p><strong>\u00a0The Houston Chronicle exhibi\u00f3 correos donde confirman estas pr\u00e1cticas. <\/strong><strong>El sue\u00f1o americano cada vez es m\u00e1s complicado para toda la comunidad de Am\u00e9rica Latina. Si bien desde la llegada de George Bush se ten\u00edan medidas estrictas: en la frontera de M\u00e9xico con Estados Unidos, desde el arribo de Donald Trump y Joe Biden, el pa\u00eds de las barras y las estrellas han implementado medidas cada vez m\u00e1s severas para evitar la llegada de migrantes a su pa\u00eds, algunas de ellas, catalogadas como inhumanas y dr\u00e1sticas.<\/strong><\/p>\n<p><strong>Ahora todo parece indicar que, de acuerdo a la informaci\u00f3n difundida por The Houston Chronicle, los agentes fronterizos del estado de Texas tienen la orden de empujar a los ni\u00f1os peque\u00f1os y beb\u00e9s lactantes al R\u00edo Bravo, situaci\u00f3n que implica un alto peligro y un riesgo de ahogamiento para ellos. As\u00ed lo dio a conocer el portal norteamericano, mismo que dice cuenta con correos electr\u00f3nicos que confirman dicha informaci\u00f3n.<\/strong><\/p>\n<p><strong>Los correos son dirigidos a un agente del Departamento de Seguridad P\u00fablica de Estados Unidos y han pedido modificar las leyes y la iniciativa fronteriza que impulsa el\u00a0 gobernador de Texas, Gregg Abbott. Adem\u00e1s, en los correos tambi\u00e9n se habr\u00eda especificado la negativa de proveer de agua a los solicitantes en el asilo, sin importar las condiciones extremas de calor que se han llegado a presentar.<\/strong><\/p>\n<p><strong>Los incidentes detallados en los correos electr\u00f3nicos del agente tambi\u00e9n arrojan luz sobre una serie de ahogamientos en el R\u00edo Bravo.<\/strong><\/p>\n<p><strong>+++++++++++<\/strong><\/p>\n<p><strong>CARROCERIAS\u00a0 BUSTOS<\/strong><\/p>\n<p><strong>Reforma y Lerdo de tejada Col. Altavista.<\/strong><\/p>\n<p><strong>Cd Valles SLP\u00a0 Tel. 3824777.<\/strong><\/p>\n<p><strong>En carrocer\u00edas para camiones y camionetas nadie nos compite.<\/strong><\/p>\n<p><strong>+++++++++++++<\/strong><\/p>\n<p><strong>TRES\u00a0 ASPIRANTES POR EL BOTIN\u00a0 DEL AYUNTAMIENTO\u00a0\u00a0 DE VALLES.<\/strong><\/p>\n<p><strong>+.-\u00a0 Tres ex alcaldes no \u201cterminaron su obra por Valles\u201d (de ellos)<\/strong><\/p>\n<p><strong>Dos de\u00a0 tres \u00a0ex\u00a0 alcaldes\u00a0 Vallenses que\u00a0\u00a0 han\u00a0 sacrificado\u00a0 hasta su salud\u00a0\u00a0 por servir a la ciudadan\u00eda, amenazan con volver\u00a0 a\u00a0 participar\u00a0 en la\u00a0 sucesi\u00f3n municipal el pr\u00f3ximo a\u00f1o, uno\u00a0 es\u00a0 panista y\u00a0 dos\u00a0 tricolores\u00a0\u00a0 que\u00a0 ahora uno\u00a0 ya milit\u00f3 con mala suerte\u00a0 en Morena y\u00a0 otro\u00a0 se dice\u00a0 que ya\u00a0 movi\u00f3 sus influencias\u00a0\u00a0 para\u00a0 que\u00a0 este partido lo nomine,\u00a0 (lo\u00a0 neg\u00f3 ante un medio informativo local) ambos son recalcitrantes priistas,\u00a0 si\u00a0 alguno de los\u00a0 dos\u00a0 llegara\u00a0 al palacio chico, estar\u00eda de hecho\u00a0 volviendo el vapuleado tricolor ni duda cabe, ambos no saben otro trabajo mas productivo\u00a0 que el modus operandi de la pol\u00edtica.<\/strong><\/p>\n<p><strong>C\u00e9lulas que\u00a0 operan en las colonias\u00a0 de\u00a0 esta ciudad \u201ctrabajan\u201d para sus\u00a0 preferencias, por ejemplo Jorge Ter\u00e1n Ju\u00e1rez, quien fue su \u00faltima administraci\u00f3n 2015-2018, buscando su reelecci\u00f3n por el PRI,\u00a0 se\u00a0 rumora que\u00a0 aunque\u00a0 se\u00a0 incrust\u00f3 en la\u00a0 campa\u00f1a de una candidata del partido Morena a\u00a0 gobernadora del estado\u00a0 como coordinador, dicen sus\u00a0 allegados\u00a0 que se\u00a0 apunta\u00a0 para\u00a0 que Morena\u00a0 lo postule\u00a0 para\u00a0 suceder\u00a0 a\u00a0 David Medina.<\/strong><\/p>\n<p><strong>\u00a0Aunque no es cre\u00edble del todo, en los c\u00edrculos pol\u00edticos allegados a otro ex alcalde\u00a0 recalcitrante priista conocido como JUANJO ya\u00a0 habr\u00eda\u00a0 hecho compromiso con la c\u00fapula\u00a0 de\u00a0 Morena\u00a0 para\u00a0 ser\u00a0 el candidato \u201cid\u00f3neo\u201d\u00a0 para\u00a0 la sucesi\u00f3n municipal de Valles. lo\u00a0 ha\u00a0 negado pero sus\u00a0 confidentes\u00a0 aseguran\u00a0 que se est\u00e1 pintando moreno.<\/strong><\/p>\n<p><strong>Ap\u00fantelo, si el D\u00eda de los fieles difuntos\u00a0\u00a0 ofrece \u00a0o mas bien reanuda\u00a0 las\u00a0 tamalizas\u00a0 que suele organizar\u00a0 en esa\u00a0 fecha\u00a0 con fines pol\u00edticos, si se reanuda\u00a0 la tradici\u00f3n, seguro JUANJO\u00a0 va a participar y se dice\u00a0 que por\u00a0 a\u00a0 4T<\/strong><\/p>\n<p><strong>El\u00a0 otro\u00a0 que\u00a0 anda\u00a0 trabajando abiertamente\u00a0 su boleto\u00a0 es el panista, R\u00f3mulo Garza Mart\u00ednez, busca la\u00a0 postulaci\u00f3n de ese partido\u00a0 para la alcald\u00eda\u00a0 de\u00a0 Valles, <\/strong><\/p>\n<p><strong>\u00a0<\/strong><\/p>\n<p><strong>La\u00a0 alcald\u00eda de Valles\u00a0\u00a0 fue\u00a0 durante decenios\u00a0 propiedad\u00a0 del tricolor, pero desde\u00a0 que\u00a0 lleg\u00f3 el PAN\u00a0 han ocurrido cosas\u00a0 curiosas, entre\u00a0 ellas\u00a0 una; el mun\u00edcipe en funciones\u00a0 era\u00a0 azul y se pint\u00f3 de verde\u00a0 para\u00a0 lograr\u00a0 la\u00a0 candidatura, por eso aunque el PAN lo niegue\u00a0 tiene a\u00a0 su representante en el poder y no volver\u00e1s a pintarse de azul, ha confirmado ser\u00a0 del Pajarraco.<\/strong><\/p>\n<p><strong>So\u00f1ar\u00a0 no \u00a0cuesta, ap\u00fantense todos\u00a0 los que deseen\u00a0 salir de la \u201cjodidez\u201d<\/strong><\/p>\n<p><strong>++++++++++++++<\/strong><\/p>\n<p><strong>El sitio ideal para\u00a0 sus fiestas\u2026 <\/strong><\/p>\n<p><strong>\u201cFINCA\u00a0 SAN ISIDRO\u201d <\/strong><\/p>\n<p><strong>Sal\u00f3n para fiestas de todo tipo.<\/strong><\/p>\n<p><strong>Carretera Valles \u2013 R\u00edo Verde Km. 8 <\/strong><\/p>\n<p><strong>Contrataciones al Tel. 01 481 179 09<\/strong><\/p>\n<p><strong>Cd. Valles SLP M\u00e9xico.<\/strong><\/p>\n<p><strong>+++++++++++++++++<\/strong><\/p>\n<p><strong>\u00a0<\/strong><\/p>\n<p><strong>FUERA\u00a0\u00a0 DE\u00a0 LA POLICIA\u00a0 TRES\u00a0 ABUSIVOS ELEMENTOS MUNICIPALES.<\/strong><\/p>\n<p><strong>Los\u00a0 tres\u00a0 polic\u00edas\u00a0 de Valles acusados de\u00a0 abuso de autoridad, lesiones, robo y lo que se acumule, fueron dados de\u00a0 baja, son los autores de la agresi\u00f3n al \u00a0discapacitado<\/strong><\/p>\n<p><strong>Aqu\u00ed informamos sobre \u00a0el mas\u00a0 reciente protagonismo\u00a0 de\u00a0 abusos\u00a0 de la polic\u00eda municipal de Valles, esta vez\u00a0 en agravio del ciudadano Jes\u00fas\u00a0 Mu\u00f1oz,\u00a0 , un discapacitado que usa una pr\u00f3tesis en el f\u00e9mur izquierdo, fueron plenamente identificados tres que fueron dados de baja de la corporaci\u00f3n, inform\u00f3 el alcalde David Medina, ahora\u00a0 enfrentan la acusaci\u00f3n ante el fiscal<\/strong><\/p>\n<p><strong>La parte negativa de la actual administraci\u00f3n\u00a0 municipal es\u00a0 la\u00a0 polic\u00eda municipal\u00a0 cuyas\u00a0 acciones\u00a0 de\u00a0\u00a0 agresiones y abusos de autoridad\u00a0 han\u00a0\u00a0\u00a0 ocurrido con frecuencia y psea\u00a0 denuncias\u00a0 la autoridad\u00a0\u00a0 no habpia\u00a0 tomado medidas para poner orden desde\u00a0 el comisionado de polic\u00eda del cbildo, jefes y director\u00a0 de la corporaci\u00f3n\u00a0 donde opera\u00a0\u00a0 una autoridad independiente sin ninguna disciplina, por lo que\u00a0\u00a0 el mismo alcalde\u00a0 recomienda\u00a0 que cualquier caso considerado un abuso policiaco, sea denunciado\u00a0 ante\u00a0 la autoridad y con el despido a la fecha de\u00a0 15\u00a0 elementos, en adelante ser\u00e1n mas extractos\u00a0 empe\u00f1\u00f3 su palabra\u00a0 el mun\u00edcipe y as\u00ed se har\u00e1 en lo sucesivo <\/strong><\/p>\n<p><strong>las bajas fueron ineludibles. <\/strong><\/p>\n<p><strong>+++++++++++++++<\/strong><\/p>\n<p><strong>\u201cCAF\u00c9 Y RESTAURANT\u00a0 EL FAROLITO\u201d\u00a0\u00a0 <\/strong><\/p>\n<p><strong>Lo mejor de la cocina Huasteca; el tradicional zacahuil y cazueladas.\u00a0\u00a0 Atendemos toda clase de\u00a0 festejos. Pedidos al Tel\u00a0 3821017 Ciudad Valles SLP.<\/strong><\/p>\n<p><strong>++++++++++++<\/strong><\/p>\n<p><strong>D\u00a0 E\u00a0\u00a0\u00a0 V O L A\u00a0 D\u00a0 A.-<\/strong><\/p>\n<p><strong>SEGUNDO INFORME DEL GOBERNADOR ser\u00e1 en\u00a0 Valles.<\/strong><\/p>\n<p><strong>El pr\u00f3ximo mes de septiembre\u00a0 deber\u00e1\u00a0 rendir su Segundo Informe de Gobierno su titular \u00a0tentativamente\u00a0 lo har\u00e1\u00a0 en esta Ciudad Valles\u00a0 el 26, ser\u00e1\u00a0 la primera ocasi\u00f3n que\u00a0 un gobernante rinde su\u00a0 informe fuera de la capital. <\/strong><\/p>\n<p><strong>El Congreso si ha montado su escenario en esta ciudad en diversas ocasiones\u2026.Ahora falta determina el lugar adecuado para montar el escenario\u00a0 desde donde\u00a0 dar\u00e1 lectura al informe. <\/strong><\/p>\n<p><strong>\u00b4\u00b4+++++++++++<\/strong><\/p>\n<p><strong>Cuatro funcionarios estatales en la cuerda floja. Los presuntos\u00a0 tienen cargos por distintos delitos\u00a0 <\/strong><strong>cometidos en sus funciones,\u00a0 ser\u00eda el caso de Matehuala.<\/strong><\/p>\n<p><strong>La Fiscal\u00eda General del Estado, procesa las denuncias por supuestas irregularidades cometidas por funcionarios de la actual administraci\u00f3n estatal, se iniciaron investigaciones contra cuatro funcionarios estatales que deber\u00e1n responder por las\u00a0 acusaciones en su contra, algunos de los cuales podr\u00edan corresponder a la comisi\u00f3n de un delito.<\/strong><\/p>\n<p><strong>No se precis\u00f3 quienes son los funcionarios, de qu\u00e9 dependencia son o qu\u00e9 cargo ostentan, \u00a0que son de diferentes \u00e1reas y que, en la actualidad, tienen cargos de diferente nivel, sin embargo, reiter\u00f3 que el hecho de que sean funcionarios p\u00fablicos no impedir\u00e1 que se proceda contra ellos en caso de que se demuestre que existe alguna responsabilidad.<\/strong><\/p>\n<p><strong>\u00a0<\/strong><\/p>\n<p><strong>&#8212;&#8212;&#8211;<\/strong><\/p>\n<p><a href=\"https:\/\/www.facebook.com\/profile.php?id=100085690009848&amp;__cft__%5b0%5d=AZWXisZDUw6Wtas5y5BI4g2Vvr1flGtXn4VucgT9Uhl1X569CUh2Khb_tB-KT1teQ2r6dttfkzsBDgR-EK7EQ7ZhqImlNrTltBztWUKRD6EWRsgAkTve93hCaoGIdZiDN5CAc10cM0ZyfYi-EVOTBWilSZjjnEIJWJp3z4rSNX54_duQvdS9Dgk7I4liTSMbn0wb2xHfTNZlHuc5qmFuno9rYYYF5XEnnUXxY0rEMPq9DRoJ5pbTnND5wwG-AZ5yR0SFwiGsR7b7qrVV0EOJDTZJce_Zh7OgmNq-qSQaaCbR_mtHtClfRSuDTsCb2KLFeeY&amp;__tn__=-UC%2CP-R\"><strong>Planchadora Express Cd. Valles<\/strong><\/a><strong>\u00a0\u00a0\u00a0\u00a0 <\/strong><strong>Ponemos a tu disposici\u00f3n Nuestro Servicio de Planchado de la m\u00e1s alta calidad en la Ciudad.<\/strong><\/p>\n<p><strong>Informaci\u00f3n y Costos al <\/strong> <strong>481 119 2145<\/strong><\/p>\n<p><strong>Direcci\u00f3n Plaza Engracia 110 Del Carmen 2<\/strong><\/p>\n<p><strong>Contamos con Servicio a Domicilio con Costo Adicional!<\/strong><\/p>\n<p><strong>+++++++++++++++++++++<\/strong><a href=\"mailto:davidfloresservicios@hotmail.com\"><strong>davidfloresservicios@hotmail.com<\/strong><\/a><\/p>\n<p><strong>hasta la pr\u00f3xima semana..<\/strong><\/p>\n<p><strong>&#8212;<\/strong><\/p>\n","protected":false},"excerpt":{"rendered":"<p>LIDERESA INTERINA DEL PRI VINO A VALLES, SOLO UNA VEINTENA\u00a0 DE TRICOLORES\u00a0 LA RECIBIERON. &#8211; JJOA\u00a0 que se\u00a0 autoproclama precandidato a la sucesi\u00f3n municipal, el gran ausente. (se pinta Moreno?) &#8211;\u00a0 Palomares Tejeda\u00a0 otro que trabaja por la\u00a0 candidatura se hizo presente. La semana anterior\u00a0 &hellip; <\/p>\n","protected":false},"author":1,"featured_media":80155,"comment_status":"open","ping_status":"open","sticky":false,"template":"","format":"standard","meta":{"footnotes":""},"categories":[17,4],"tags":[],"class_list":["post-86777","post","type-post","status-publish","format-standard","has-post-thumbnail","hentry","category-colaboraciones","category-inicio"],"_links":{"self":[{"href":"https:\/\/amanecerhuasteco.com\/portal\/wp-json\/wp\/v2\/posts\/86777","targetHints":{"allow":["GET"]}}],"collection":[{"href":"https:\/\/amanecerhuasteco.com\/portal\/wp-json\/wp\/v2\/posts"}],"about":[{"href":"https:\/\/amanecerhuasteco.com\/portal\/wp-json\/wp\/v2\/types\/post"}],"author":[{"embeddable":true,"href":"https:\/\/amanecerhuasteco.com\/portal\/wp-json\/wp\/v2\/users\/1"}],"replies":[{"embeddable":true,"href":"https:\/\/amanecerhuasteco.com\/portal\/wp-json\/wp\/v2\/comments?post=86777"}],"version-history":[{"count":1,"href":"https:\/\/amanecerhuasteco.com\/portal\/wp-json\/wp\/v2\/posts\/86777\/revisions"}],"predecessor-version":[{"id":86778,"href":"https:\/\/amanecerhuasteco.com\/portal\/wp-json\/wp\/v2\/posts\/86777\/revisions\/86778"}],"wp:featuredmedia":[{"embeddable":true,"href":"https:\/\/amanecerhuasteco.com\/portal\/wp-json\/wp\/v2\/media\/80155"}],"wp:attachment":[{"href":"https:\/\/amanecerhuasteco.com\/portal\/wp-json\/wp\/v2\/media?parent=86777"}],"wp:term":[{"taxonomy":"category","embeddable":true,"href":"https:\/\/amanecerhuasteco.com\/portal\/wp-json\/wp\/v2\/categories?post=86777"},{"taxonomy":"post_tag","embeddable":true,"href":"https:\/\/amanecerhuasteco.com\/portal\/wp-json\/wp\/v2\/tags?post=86777"}],"curies":[{"name":"wp","href":"https:\/\/api.w.org\/{rel}","templated":true}]}}