{"id":87594,"date":"2023-08-22T20:53:12","date_gmt":"2023-08-23T02:53:12","guid":{"rendered":"http:\/\/amanecerhuasteco.com\/portal\/?p=87594"},"modified":"2023-08-22T20:53:12","modified_gmt":"2023-08-23T02:53:12","slug":"marcela-quevedo-nueva-secretaria-de-desarrollo-agropecuario-en-slp","status":"publish","type":"post","link":"https:\/\/amanecerhuasteco.com\/portal\/marcela-quevedo-nueva-secretaria-de-desarrollo-agropecuario-en-slp\/","title":{"rendered":"Marcela Quevedo, nueva Secretaria de Desarrollo Agropecuario en SLP"},"content":{"rendered":"<p>\u2022 Cada vez m\u00e1s mujeres fortalecen el Gabinete, reconoce la nueva funcionaria<\/p>\n<p>El Gobernador de San Luis Potos\u00ed Ricardo Gallardo Cardona, nombr\u00f3 a Marcela Quevedo Pati\u00f1o como nueva secretaria de Desarrollo Agropecuario y Recursos Hidr\u00e1ulicos (Sedarh), con la encomienda de impulsar el apoyo al campo en el Estado.<br \/>\nDicho cambio servir\u00e1 para impulsar el campo potosino y reforzar los lazos con todos los sectores productivos, toda vez que Quevedo Pati\u00f1o conoce la entidad tras haber sido ex delegada de Turismo en la zona Media y subgerente de Diconsa.<br \/>\n\u201cEstamos listos para grandes cambios en la Secretar\u00eda de Desarrollo Agropecuario y Recursos Hidr\u00e1ulicos. Bienvenida Marcela Quevedo para trabajar por el campo potosino\u201d, dijo Gallardo Cardona tras el anuncio.<br \/>\n\u201cCon un gusto enorme y un alto grado de compromiso acepto este cargo que hoy me da nuestro Gobernador Ricardo Gallardo Cardona al frente de la Sedarh\u201d, dijo la nueva funcionaria estatal, quien adem\u00e1s reconoci\u00f3 que el Gobierno encabezado por Ricardo Gallardo impulsa a las mujeres y eso fortalece al Gabinete.<\/p>\n","protected":false},"excerpt":{"rendered":"<p>\u2022 Cada vez m\u00e1s mujeres fortalecen el Gabinete, reconoce la nueva funcionaria El Gobernador de San Luis Potos\u00ed Ricardo Gallardo Cardona, nombr\u00f3 a Marcela Quevedo Pati\u00f1o como nueva secretaria de Desarrollo Agropecuario y Recursos Hidr\u00e1ulicos (Sedarh), con la encomienda de impulsar el apoyo al campo &hellip; <\/p>\n","protected":false},"author":1,"featured_media":87595,"comment_status":"open","ping_status":"open","sticky":false,"template":"","format":"standard","meta":{"footnotes":""},"categories":[13,25,14,28,29,7,22,11,15,16,4,44,26,10,12,5,30,31,42,21,20,43,32],"tags":[],"class_list":["post-87594","post","type-post","status-publish","format-standard","has-post-thumbnail","hentry","category-agropecuaria","category-aquismon","category-caneros","category-cnc","category-cnpr","category-ciudad","category-ebano","category-estado","category-ganaderos","category-ingenios","category-inicio","category-matehuala","category-matlapa","category-municipios","category-nacional","category-politica","category-rioverde","category-sanluispotosi","category-soledad","category-tamasopo","category-tamuin","category-villa-de-reyes","category-xilitla"],"_links":{"self":[{"href":"https:\/\/amanecerhuasteco.com\/portal\/wp-json\/wp\/v2\/posts\/87594","targetHints":{"allow":["GET"]}}],"collection":[{"href":"https:\/\/amanecerhuasteco.com\/portal\/wp-json\/wp\/v2\/posts"}],"about":[{"href":"https:\/\/amanecerhuasteco.com\/portal\/wp-json\/wp\/v2\/types\/post"}],"author":[{"embeddable":true,"href":"https:\/\/amanecerhuasteco.com\/portal\/wp-json\/wp\/v2\/users\/1"}],"replies":[{"embeddable":true,"href":"https:\/\/amanecerhuasteco.com\/portal\/wp-json\/wp\/v2\/comments?post=87594"}],"version-history":[{"count":1,"href":"https:\/\/amanecerhuasteco.com\/portal\/wp-json\/wp\/v2\/posts\/87594\/revisions"}],"predecessor-version":[{"id":87596,"href":"https:\/\/amanecerhuasteco.com\/portal\/wp-json\/wp\/v2\/posts\/87594\/revisions\/87596"}],"wp:featuredmedia":[{"embeddable":true,"href":"https:\/\/amanecerhuasteco.com\/portal\/wp-json\/wp\/v2\/media\/87595"}],"wp:attachment":[{"href":"https:\/\/amanecerhuasteco.com\/portal\/wp-json\/wp\/v2\/media?parent=87594"}],"wp:term":[{"taxonomy":"category","embeddable":true,"href":"https:\/\/amanecerhuasteco.com\/portal\/wp-json\/wp\/v2\/categories?post=87594"},{"taxonomy":"post_tag","embeddable":true,"href":"https:\/\/amanecerhuasteco.com\/portal\/wp-json\/wp\/v2\/tags?post=87594"}],"curies":[{"name":"wp","href":"https:\/\/api.w.org\/{rel}","templated":true}]}}