{"id":87679,"date":"2023-08-24T09:05:32","date_gmt":"2023-08-24T15:05:32","guid":{"rendered":"http:\/\/amanecerhuasteco.com\/portal\/?p=87679"},"modified":"2023-08-24T09:05:32","modified_gmt":"2023-08-24T15:05:32","slug":"politica-en-movimiento","status":"publish","type":"post","link":"https:\/\/amanecerhuasteco.com\/portal\/politica-en-movimiento\/","title":{"rendered":"Pol\u00edtica en Movimiento"},"content":{"rendered":"<p class=\"x_gmail-MsoNoSpacing\">\n<p class=\"x_gmail-MsoNoSpacing\"><b><span lang=\"ES\">Por: Ang\u00e9lica Beltr\u00e1n<\/span><\/b><\/p>\n<p class=\"x_MsoNormal\"><b><span lang=\"ES\">CDMX a 24 de agosto de 2023<\/span><\/b><\/p>\n<p class=\"x_MsoNormal\"><b><span lang=\"ES\">Precampa\u00f1as y rupturas<\/span><\/b><\/p>\n<p class=\"x_MsoNormal\"><span lang=\"ES\">Como bien dijo el ex operador de L\u00f3pez Obrador, desde hace 30 a\u00f1os, el hoy senador Gabriel Garc\u00eda, encargado de los programas sociales en el gobierno del DF en tiempos de AMLO como jefe de gobierno y hasta hace dos a\u00f1os en el gobierno federal; la unidad de los compa\u00f1eros de partido se rompe cuando estos compiten por el mismo cargo; as\u00ed comienza a fragmentarse la unidad de los morenistas en medio del proceso de elecci\u00f3n interna rumbo a los comicios del 2024.<\/span><\/p>\n<p class=\"x_MsoNormal\"><span lang=\"ES\">\u00a0\u00a0\u00a0\u00a0\u00a0\u00a0\u00a0\u00a0 Y en esta pugna est\u00e1n, en primer lugar, las llamadas corcholatas, quienes pese al mensaje de unidad que dicen enarbolar, siguen tirando golpes debajo de la mesa en contra de sus compa\u00f1eros de partido, quienes, al parecer, tienen las mismas posibilidades de ganar o perder la encuesta para elegir al que ser\u00e1 el candidato presidencial.<\/span><\/p>\n<p class=\"x_MsoNormal\"><span lang=\"ES\">\u00a0\u00a0\u00a0\u00a0\u00a0\u00a0\u00a0\u00a0 En la contienda interna, las corcholatas se han tirado entre s\u00ed golpes bajos, a trav\u00e9s de denuncias, cr\u00edticas y dem\u00e1s jaloneos que forman parte del \u201cfuego amigo\u201d que no ha podido evitar \u2013 o m\u00e1s bien lo ha provocado\u2014el propio l\u00edder mayor del partido, el presidente L\u00f3pez Obrador; quien m\u00e1s temprano que tarde, ha puesto a pelear a los aspirantes a sucederlo.<\/span><\/p>\n<p class=\"x_MsoNormal\"><span lang=\"ES\">\u00a0\u00a0 Y es que la campa\u00f1a electoral adelantada de las corcholatas, disfrazada de asambleas informativas, bien podr\u00e1 terminar en una ruptura; en cuya delantera va Marcelo Ebrard, quien ha mostrado ser el m\u00e1s cr\u00edtico del proceso morenista y da visos de tener un pie fuera de MORENA. Incluso se sabe de buena fuente que el excanciller acudi\u00f3 a tocar las puertas del albiazul antes del auge de X\u00f3chitl G\u00e1lvez, pero fue rechazado.<\/span><\/p>\n<p class=\"x_MsoNormal\"><span lang=\"ES\">El caso es que a cuatro d\u00edas de que concluyan las Asambleas Informativas el pr\u00f3ximo domingo, d\u00eda de cierre de campa\u00f1as, y tras la realizaci\u00f3n de la consulta y la lectura de los resultados el 6 de septiembre, se esperan movimientos tel\u00faricos en MORENA porque para los cuatro en disputa, \u00e9sta es la \u00faltima oportunidad que tendr\u00edan de ser candidatos presidenciales, tanto por la edad de cada uno; como por que la ola de L\u00f3pez Obrador quiz\u00e1 s\u00f3lo aguante la elecci\u00f3n del 2024. \u00a0<\/span><\/p>\n<p class=\"x_MsoNormal\"><b><span lang=\"ES\">El sacrificio de Creel<\/span><\/b><\/p>\n<p class=\"x_MsoNormal\"><span lang=\"ES\">Muy lamentable que el diputado presidente de la mesa directiva de la C\u00e1mara baja, Santiago Creel, tuviera que declinar en favor de X\u00f3chitl G\u00e1lvez, para la candidatura presidencial del bloque opositor. Pues si bien a la oposici\u00f3n no se le ven posibilidades de ganar la presidencia de M\u00e9xico en 2024, al no tener la fuerza electoral que s\u00ed tiene a\u00fan MORENA en casi todo el pa\u00eds; el perfil de Creel representaba un candidato m\u00e1s serio e \u00edntegro que el de la senadora G\u00e1lvez, la que constituye el mismo modelo de Vicente Fox, una chachalaca ocurrente; sin propuesta, sin proyecto y sin intenci\u00f3n de aportar al desarrollo del pa\u00eds. Y ser\u00eda lamentable para los mexicanos, incluso s\u00f3lo pensar, en un sexenio como el foxista, otra vez.<\/span><\/p>\n","protected":false},"excerpt":{"rendered":"<p>Por: Ang\u00e9lica Beltr\u00e1n CDMX a 24 de agosto de 2023 Precampa\u00f1as y rupturas Como bien dijo el ex operador de L\u00f3pez Obrador, desde hace 30 a\u00f1os, el hoy senador Gabriel Garc\u00eda, encargado de los programas sociales en el gobierno del DF en tiempos de AMLO &hellip; <\/p>\n","protected":false},"author":1,"featured_media":87680,"comment_status":"open","ping_status":"open","sticky":false,"template":"","format":"standard","meta":{"footnotes":""},"categories":[13,25,14,28,29,7,22,11,15,16,4,44,26,12,5,30,31,42,21,20,43,32],"tags":[],"class_list":["post-87679","post","type-post","status-publish","format-standard","has-post-thumbnail","hentry","category-agropecuaria","category-aquismon","category-caneros","category-cnc","category-cnpr","category-ciudad","category-ebano","category-estado","category-ganaderos","category-ingenios","category-inicio","category-matehuala","category-matlapa","category-nacional","category-politica","category-rioverde","category-sanluispotosi","category-soledad","category-tamasopo","category-tamuin","category-villa-de-reyes","category-xilitla"],"_links":{"self":[{"href":"https:\/\/amanecerhuasteco.com\/portal\/wp-json\/wp\/v2\/posts\/87679","targetHints":{"allow":["GET"]}}],"collection":[{"href":"https:\/\/amanecerhuasteco.com\/portal\/wp-json\/wp\/v2\/posts"}],"about":[{"href":"https:\/\/amanecerhuasteco.com\/portal\/wp-json\/wp\/v2\/types\/post"}],"author":[{"embeddable":true,"href":"https:\/\/amanecerhuasteco.com\/portal\/wp-json\/wp\/v2\/users\/1"}],"replies":[{"embeddable":true,"href":"https:\/\/amanecerhuasteco.com\/portal\/wp-json\/wp\/v2\/comments?post=87679"}],"version-history":[{"count":2,"href":"https:\/\/amanecerhuasteco.com\/portal\/wp-json\/wp\/v2\/posts\/87679\/revisions"}],"predecessor-version":[{"id":87682,"href":"https:\/\/amanecerhuasteco.com\/portal\/wp-json\/wp\/v2\/posts\/87679\/revisions\/87682"}],"wp:featuredmedia":[{"embeddable":true,"href":"https:\/\/amanecerhuasteco.com\/portal\/wp-json\/wp\/v2\/media\/87680"}],"wp:attachment":[{"href":"https:\/\/amanecerhuasteco.com\/portal\/wp-json\/wp\/v2\/media?parent=87679"}],"wp:term":[{"taxonomy":"category","embeddable":true,"href":"https:\/\/amanecerhuasteco.com\/portal\/wp-json\/wp\/v2\/categories?post=87679"},{"taxonomy":"post_tag","embeddable":true,"href":"https:\/\/amanecerhuasteco.com\/portal\/wp-json\/wp\/v2\/tags?post=87679"}],"curies":[{"name":"wp","href":"https:\/\/api.w.org\/{rel}","templated":true}]}}