{"id":88715,"date":"2023-09-26T09:53:42","date_gmt":"2023-09-26T15:53:42","guid":{"rendered":"http:\/\/amanecerhuasteco.com\/portal\/?p=88715"},"modified":"2023-09-26T09:53:42","modified_gmt":"2023-09-26T15:53:42","slug":"caneros-cnpr-de-san-luis-potosi-se-suman-a-la-peticion-de-declaratoria-de-zona-de-desastre-por-sequia-de-las-zonas-de-abasto-de-ingenios-azucareros","status":"publish","type":"post","link":"https:\/\/amanecerhuasteco.com\/portal\/caneros-cnpr-de-san-luis-potosi-se-suman-a-la-peticion-de-declaratoria-de-zona-de-desastre-por-sequia-de-las-zonas-de-abasto-de-ingenios-azucareros\/","title":{"rendered":"Ca\u00f1eros CNPR de San Luis Potos\u00ed, se suman a la petici\u00f3n de \u201cDeclaratoria de Zona de Desastre por Sequ\u00eda\u201d de las \u00a0zonas de abasto de Ingenios Azucareros"},"content":{"rendered":"<p>&nbsp;<\/p>\n<p>&nbsp;<\/p>\n<p>-Zafras de Ingenios Azucareros ser\u00e1n muy cortas por falta de producci\u00f3n de ca\u00f1a; Federico Safi Acosta<\/p>\n<p>&nbsp;<\/p>\n<p>San Luis Potos\u00ed.- Federico Safi Acosta, Presidente de la Uni\u00f3n Estatal de Ca\u00f1eros CNPR de San Luis Potos\u00ed, al ser entrevistado luego del 2 Informe de Gobierno de Ricardo Gallardo Cardona, confirm\u00f3 que la situaci\u00f3n en el campo ca\u00f1ero es muy triste y muy complicado.<\/p>\n<p>Dijo \u201c La sequ\u00eda de este 2023 es la peor que hemos tenido para el sector ca\u00f1ero\u201d, supera incluso \u00a0la sequ\u00eda del 2019 que afecto gravemente la producci\u00f3n ca\u00f1era, en este 2023 se supera en afectaci\u00f3n.<\/p>\n<p>Cuestionado, sobre la posibilidad de que algunos Ingenios Azucareros Potosinos no realicen zafra por la baja producci\u00f3n en el campo, el Presidente de la Uni\u00f3n Estatal de Ca\u00f1eros CNPR, aclaro: \u201cEn todos habr\u00e1 zafras, pero ser\u00e1n zafras muy cortas, y de ca\u00f1a de mala calidad\u201d.<\/p>\n<p>Lo que pone al productor ca\u00f1ero en una situaci\u00f3n cr\u00edtica, porque se tienen cr\u00e9ditos arrastrando desde la sequ\u00eda del 2019, es por eso que solicitamos la \u201cDeclaratoria de Zona de Desastre por Sequ\u00eda\u201d, de esta forma se podr\u00e1n hacer reestructuras con FIRA.<\/p>\n<p>Ya se entrego un documento al Gobierno del Estado, concretamente al Subsecretario General de Gobierno, dijo \u201cFuimos personalmente los dirigentes de las Asociaciones Locales de Ca\u00f1eros CNPR de San Luis Potos\u00ed\u201d y esperamos reunirnos con el mandatario potosino Ricardo Gallardo Cardona.<\/p>\n<p>Por \u00faltimo, expres\u00f3 que se estima que la afectaci\u00f3n en este momento por sequ\u00eda de las zonas de abasto de los Ingenio Beta San Miguel, Plan de San Luis, Plan de Ayala y Alianza Popular, sea de un 40%, donde muchos productores de ca\u00f1a perdieron sus cultivos y necesitan volver a sembrar, mientras que los que entregaran ser\u00e1n producciones muy pobres y los costos de cosecha se elevaran.<\/p>\n<p>&nbsp;<\/p>\n<p>&#8212;<\/p>\n","protected":false},"excerpt":{"rendered":"<p>&nbsp; &nbsp; -Zafras de Ingenios Azucareros ser\u00e1n muy cortas por falta de producci\u00f3n de ca\u00f1a; Federico Safi Acosta &nbsp; San Luis Potos\u00ed.- Federico Safi Acosta, Presidente de la Uni\u00f3n Estatal de Ca\u00f1eros CNPR de San Luis Potos\u00ed, al ser entrevistado luego del 2 Informe de &hellip; <\/p>\n","protected":false},"author":1,"featured_media":88716,"comment_status":"open","ping_status":"open","sticky":false,"template":"","format":"standard","meta":{"footnotes":""},"categories":[13,25,14,28,29,7,11,4,12,5],"tags":[],"class_list":["post-88715","post","type-post","status-publish","format-standard","has-post-thumbnail","hentry","category-agropecuaria","category-aquismon","category-caneros","category-cnc","category-cnpr","category-ciudad","category-estado","category-inicio","category-nacional","category-politica"],"_links":{"self":[{"href":"https:\/\/amanecerhuasteco.com\/portal\/wp-json\/wp\/v2\/posts\/88715","targetHints":{"allow":["GET"]}}],"collection":[{"href":"https:\/\/amanecerhuasteco.com\/portal\/wp-json\/wp\/v2\/posts"}],"about":[{"href":"https:\/\/amanecerhuasteco.com\/portal\/wp-json\/wp\/v2\/types\/post"}],"author":[{"embeddable":true,"href":"https:\/\/amanecerhuasteco.com\/portal\/wp-json\/wp\/v2\/users\/1"}],"replies":[{"embeddable":true,"href":"https:\/\/amanecerhuasteco.com\/portal\/wp-json\/wp\/v2\/comments?post=88715"}],"version-history":[{"count":1,"href":"https:\/\/amanecerhuasteco.com\/portal\/wp-json\/wp\/v2\/posts\/88715\/revisions"}],"predecessor-version":[{"id":88717,"href":"https:\/\/amanecerhuasteco.com\/portal\/wp-json\/wp\/v2\/posts\/88715\/revisions\/88717"}],"wp:featuredmedia":[{"embeddable":true,"href":"https:\/\/amanecerhuasteco.com\/portal\/wp-json\/wp\/v2\/media\/88716"}],"wp:attachment":[{"href":"https:\/\/amanecerhuasteco.com\/portal\/wp-json\/wp\/v2\/media?parent=88715"}],"wp:term":[{"taxonomy":"category","embeddable":true,"href":"https:\/\/amanecerhuasteco.com\/portal\/wp-json\/wp\/v2\/categories?post=88715"},{"taxonomy":"post_tag","embeddable":true,"href":"https:\/\/amanecerhuasteco.com\/portal\/wp-json\/wp\/v2\/tags?post=88715"}],"curies":[{"name":"wp","href":"https:\/\/api.w.org\/{rel}","templated":true}]}}