{"id":89473,"date":"2023-10-23T11:48:43","date_gmt":"2023-10-23T17:48:43","guid":{"rendered":"http:\/\/amanecerhuasteco.com\/portal\/?p=89473"},"modified":"2023-10-23T11:48:43","modified_gmt":"2023-10-23T17:48:43","slug":"entre-columnas-584","status":"publish","type":"post","link":"https:\/\/amanecerhuasteco.com\/portal\/entre-columnas-584\/","title":{"rendered":"ENTRE COLUMNAS"},"content":{"rendered":"<p><strong>\u00a0ACTORES\u00a0 DE LA \u201cHERENCIA MALDITA\u201d LOS\u00a0 ESPERA\u00a0 LA CARCEL.<\/strong><\/p>\n<p><strong>&#8211; Toranzo y Carreras, en la mira.<\/strong><\/p>\n<p><strong>A 2 a\u00f1os del Gobierno del Cambio avanzan las investigaciones a ex\u00a0 funcionarios del\u00a0 Sector Salud pertenecientes\u00a0 a la \u201cherencia Maldita\u201d quienes\u00a0\u00a0 seg\u00fan\u00a0 declaraciones del Gobernador del Estado\u00a0 estar\u00edan involucrados en la compra de\u00a0 medicinas\u00a0 caducas \u201c\u2026una cosa es que roben dinero y otra\u00a0 que lucren\u00a0 con la salud de las familias\u201d contundente\u00a0 advertencia del\u00a0 mandatario potosino.<\/strong><\/p>\n<p><strong>En la primera decena\u00a0 del presente mes, el Gobernador del Estado declar\u00f3 a los medios Tuneros que buscar\u00e1 enjuiciar a los ex gobernadores corruptos de San Luis Potos\u00ed, tambi\u00e9n confirm\u00f3 que las autoridades \u00a0tienen en la mira al ex director del Hospital Central, el Dr. Francisco Alcocer quien presuntamente habr\u00eda lucrado con la salud de los pacientes durante la pasada administraci\u00f3n.<\/strong><\/p>\n<p><strong>El gobernador de San Luis Potos\u00ed confirm\u00f3 que, si bien algunos de los ex funcionarios de la Secretar\u00eda de Salud que goza de libertad al devolver parte del dinero robado durante el sexenio \u00a0anterior, el proceso y carpetas de investigaci\u00f3n siguen abiertas para esclarecer y deslindar responsabilidades ante la acusaci\u00f3n de disponer\u00a0 de recursos\u00a0 econ\u00f3micos \u00a0del erario p\u00fablico.<\/strong><\/p>\n<p><strong>Las declaraciones\u00a0 del\u00a0 mandatario fueron\u00a0 contundentes \u201cNo fueron asesinos, fueron m\u00e1s que eso. Lucraron con una pandemia.<\/strong><\/p>\n<p><strong>\u00a0Ustedes vieron cuando regresaron 50 millones de pesos en efectivo en cajas de huevo, nada m\u00e1s para seguir su proceso afuera.<\/strong><\/p>\n<p><strong>\u00a0Si la ley los dicta culpables, van a tener que regresar todo lo que saquearon. Entre ello, van a hacerse responsables el director del Hospital Central, otro personaje que se le encontraron 40 millones de pesos en medicamentos caducados. Hicieron seg\u00fan ellos compras de medicamento, pero las compraron a un peso y las facturaron a 10 y desde que las recibieron ya estaban caducadas. As\u00ed va la investigaci\u00f3n. Nada m\u00e1s lo hac\u00edan para meterlas al almac\u00e9n y sacar el dinero\u201d, declar\u00f3 en entrevista el Gobernador..<\/strong><\/p>\n<p><strong>As\u00ed mismo, el gobernador puntualiz\u00f3 que \u201clo m\u00e1s grave es lo que estuvieron haciendo con muchos ni\u00f1os, se\u00f1oras, se\u00f1ores y muchos pacientes de oncolog\u00eda que ped\u00edan su medicamento, darles pr\u00e1cticamente su bolsita de suero, que es agua con sal. La Fiscal\u00eda tiene que empezar a actuar ya. Una cosa es que se roben el dinero y otra es que lucren con la salud de las familias\u201d.<\/strong><\/p>\n<p><strong>+++++++++++++++<\/strong><\/p>\n<p><strong>CARROCERIAS\u00a0 BUSTOS<\/strong><\/p>\n<p><strong>Reforma y Lerdo de tejada Col. Altavista.<\/strong><\/p>\n<p><strong>Cd Valles SLP\u00a0 Tel. 3824777.<\/strong><\/p>\n<p><strong>En carrocer\u00edas para camiones y camionetas nadie nos compite<\/strong><\/p>\n<p><strong>+++++++++++++++++<\/strong><\/p>\n<p><strong>LOS VIVIDORES\u00a0 DE LA POLITICA, TE\u00a0 QUIEREN POBRE\u2026.te quieren bruto, te\u00a0 quieren que comas de la mano para\u00a0 dominarte y manipularte\u2026.<\/strong><\/p>\n<p><strong>LA\u00a0 EDUCACION es la\u00a0 \u00fanica\u00a0 forma\u00a0 de romper\u00a0 con la\u00a0 tradici\u00f3n gen\u00e9tica\u00a0 de la pobreza.<\/strong><\/p>\n<p><strong>SEAMOS LIBRES.<\/strong><\/p>\n<p><strong>LA CAMPA\u00d1A DE\u00a0 POLICIA MUNICIPAL CONTRA CARROS CHOCOLATE ES RECAUDATORIA.<\/strong><\/p>\n<p><strong>\u00a0<\/strong><\/p>\n<p><strong>Comentamos\u00a0 escuetamente que\u00a0 la campa\u00f1a anunciada por el mun\u00edcipe\u00a0 ordenando a la polic\u00eda preventiva municipal\u00a0 sanci\u00f3n y decomiso de veh\u00edculos llamados \u201cchocolate\u201d que\u00a0 no\u00a0 fueron legalizados , bajo el argumento que la disposici\u00f3n obedece a medidas de seguridad, tiene tufo RECAUDATORIO, pero cay\u00f3 el plan al\u00a0 anunciar la UCD\u00a0\u00a0 que\u00a0 solamente \u00a0la Procuradur\u00eda Fiscal Federal tiene esas\u00a0 atribuciones<\/strong><\/p>\n<p><strong>\u00a0<\/strong><\/p>\n<p><strong>Teniendo\u00a0 en\u00a0 la Secretar\u00eda del Ayuntamiento\u00a0 asesores\u00a0 de todo tipo, el alcalde Vallense incurri\u00f3 en declaraciones\u00a0 que a partir del 01 de enero del 2024,\u00a0 la Polic\u00eda Municipal multando a aquellas unidades americanas que no se legalizaron a trav\u00e9s del decreto de regularizaci\u00f3n que expidi\u00f3\u00a0 y\u00a0 ampli\u00f3 el Gobierno Federal\u00a0 que expirar\u00e1 el 31 de diciembre.<\/strong><\/p>\n<p><strong>Es un abuso cometido por\u00a0 autoridades\u00a0 policiacas\u00a0 el detener o decomisar\u00a0 un automotor\u00a0 de procedencia extranjera\u00a0 argumentando falta de documentos, las pensiones\u00a0 de veh\u00edculos est\u00e1n a reventar\u00a0 de este tipo de unidades\u00a0 porque sus propietarios prefieren perderlos\u00a0 a pagar elevadas sumas\u00a0\u00a0 de multas y pensi\u00f3n, la \u00fanica autoridad con facultades para\u00a0 esas acciones es la\u00a0 Procuradur\u00eda Fiscal de la Federaci\u00f3n, consecuentemente la uniformada municipal estar\u00eda\u00a0 invadiendo funciones\u00a0 que no le corresponden.<\/strong><\/p>\n<p><strong>Por\u00a0 su parte el representante de la UCD\u00a0 en la regi\u00f3n exhorto a las autoridades \u201cque se manejen con seriedad y responsabilidad y no est\u00e9n haciendo declaraciones nada m\u00e1s por hacerlo, aqu\u00ed en Valles tenemos un problema muy grave de abuso de la Polic\u00eda Municipal en contra de los motociclistas, les quitan la unidad a gente que todav\u00eda la debe y anda batallando para sacar los pagos\u201d.<\/strong><\/p>\n<p><strong>Afirm\u00f3 que la Polic\u00eda Municipal no est\u00e1 autorizada para decomisar, \u00a0pueden infraccionar al conductor y darles la boleta \u201cpero es arbitrario que les recoja las unidades, le pedimos al presidente que corrija estos\u00a0 abusos de autoridad\u201d <\/strong><\/p>\n<p><strong>++++++<\/strong><\/p>\n<p><strong>\u00a0 <\/strong><strong>EST\u00c1\u00a0 URGIDO DE DINERO?<\/strong><\/p>\n<p><strong>Pr\u00e9stamos\u00a0\u00a0\u00a0 de\u00a0 dinero inmediatos a pensionados\u00a0\u00a0 CFE, ISSSTE.FFCC, SCT, PEMEX,\u00a0 ACTIVOS Y JUBILADOS\u00a0 IMSS\u00a0\u00a0 SIN AFECTAR TARJETON.\u00a0\u00a0\u00a0 Ll\u00e1menos las\u00a0 24 hrs del d\u00eda\u00a0 4811039565\u2026.. CREDITO INMEDIATO\u00a0\u00a0\u00a0\u00a0 Tel. gratuito del IMSS\u00a0 800 681 2525<\/strong><\/p>\n<p><strong>+++++++++++++<\/strong><\/p>\n<p><strong>QFB \u00a0FABIOLA GARCIA ALVAREZ<\/strong><\/p>\n<p><strong>Perito dictaminador en an\u00e1lisis bacteriol\u00f3gico de agua y alimentos con n\u00famero GES-PD 0705<\/strong><\/p>\n<p><strong>Perito dictaminador en\u00a0 estupefacientes GES-PD0523<\/strong><\/p>\n<p><strong>Maestr\u00eda\u00a0 en an\u00e1lisis cl\u00ednicos 1301 \u2013 368068<\/strong><\/p>\n<p><strong>Ced\u00a0 prof\u00a0 8664204\u00a0\u00a0 Tel. 38 1 66 64<\/strong><\/p>\n<p><strong>Asesor\u00eda,\u00a0 auditor\u00eda\u00a0 y gesti\u00f3n ambiental.<\/strong><\/p>\n<ol>\n<li><strong> Victoria No. 8 zona centro Cd Valles SLP.<\/strong><\/li>\n<\/ol>\n<p><strong>++++++++++++++++<\/strong><\/p>\n<p><strong>PRESUNTA FRAUDULENTA COMPRA DEL PREDIO \u201cLOS JOVITOS\u201d \u00a0(aqu\u00ed lo publicamos)<\/strong><\/p>\n<p><strong>+.-\u00a0 El \u201calcalde con experiencia\u201d Jorge Ter\u00e1n no aclar\u00f3 el asunto del predio Los Jovitos.<\/strong><\/p>\n<p><strong>+.- Fue \u00abPapa caliente\u201d entre funcionarios del ayuntamiento priista.<\/strong><\/p>\n<p><strong>+.-\u00a0 La ASE se limit\u00f3 a emitir una observaci\u00f3n a Juan Jos\u00e9 Ortiz Azuara.<\/strong><\/p>\n<p><strong>+.-\u00a0 5 millones de pesos pagados al vendedor sin aprobaci\u00f3n del cabildo.<br \/>\nLa comunidad asentada en el predio Los Jovitos inicio \u00a0una serie de gestiones e indagaciones\u00a0 para obtener informaci\u00f3n oficial del gobierno con experiencia, sobre\u00a0 el estado legal de los 500 lotes\u00a0 que conforman el asentamiento, el resultado es que los titulares de cada dependencia involucrada contestan por escrito no existe la supuesta adquisici\u00f3n del terreno durante la administraci\u00f3n anterior que presidi\u00f3 Juan Jos\u00e9 Ortiz Azuara, lo que conduce a suponer fue una compra venta simulada orquestada que costo al erario municipal 5 millones de pesos. que est\u00e1 siendo solapada por el alcalde con experiencia Jorge Ter\u00e1n al no denunciar este il\u00edcito.<\/strong><\/p>\n<p><strong>Tenemos a la vista los primeros documentos que prueban el descubrimiento que hicieron los directivos de la comunidad Los Jovitos, uno de ellos de la sindicatura 1 donde son informados no existir ning\u00fan expediente relativo al predio sobre la compra venta enunciada, otro refiere que no fue aprobada la supuesta compra por el cabildo y una tercera de varias que no existe plano en la direcci\u00f3n de catastro. Lo curioso es que en el mapa de Google si aparece el predio referido. <\/strong><\/p>\n<p><strong>+++++++++++<\/strong><\/p>\n<p><strong>FUERON 500 LOTES, SOLO DETECTARON 300. \u00bfY LOS DEMAS APA?<\/strong><\/p>\n<p><strong>Si existen antecedentes detectados de \u00faltima hora por la Sindico 1\u00a0 del ayuntamiento anterior cuando p\u00fablicamente\u00a0 declaro que solamente\u00a0 aparec\u00edan 300 lotes adquiridos por el alcalde en funciones JJOA\u00a0 pero faltaban 200, nunca tuvo respuesta y existen algunos documentos como es\u00a0 una copia del cheque\u00a0 expedido a nombre del vendedor del predio referido.<\/strong><\/p>\n<p><strong>En la entrega recepci\u00f3n \u00a0no aparece\u00a0 esta operaci\u00f3n de compra\/venta, sin embargo la\u00a0 ASE\u00a0\u00a0 si detecto alguna\u00a0 anormalidad e hizo una observaci\u00f3n cuyo contenido es desconocido por el pueblo, de todo est\u00e1\u00a0 enterado el alcalde Jorge Ter\u00e1n pero extra\u00f1amente\u00a0 no act\u00faa conforme a su responsabilidad para esclarecer\u00a0 este \u201cJuanjo-gate\u201d puesto al descubierto por los vecinos reclamante\u00a0 del predio Los Jovitos que seg\u00fan los documentos mostrados\u00a0 son tierras ejidales que corresponden a sus moradores pero fueron arrebatados por pol\u00edticos de anta\u00f1o y reclamados ahora como herencia.\u00a0\u00a0 Hay mar de fondo, el vendedor\u00a0 debi\u00f3 expedir escrituras al ayuntamiento, d\u00f3nde est\u00e1n? Pertenecen a los ejidatarios? JJOA\u00a0 adquiri\u00f3 el terreno a sabiendas de estar en litigio con ejidatarios? <\/strong><\/p>\n<p><strong>Seguiremos informando.<\/strong><\/p>\n<p><strong>++++++++++<\/strong><\/p>\n<p><strong>CARROCERIAS\u00a0 BUSTOS<\/strong><\/p>\n<p><strong>Reforma y Lerdo de tejada Col. Altavista.<\/strong><\/p>\n<p><strong>Cd Valles SLP\u00a0 Tel. 3824777.<\/strong><\/p>\n<p><strong>En carrocer\u00edas para camiones y camionetas nadie nos compite.<\/strong><\/p>\n<p><strong>+<\/strong><strong>+++++++++++++++<\/strong><\/p>\n<p><strong>PARA RECORDAR LAS MENTIRAS DE POL\u00cdTOCOS VALLENSES <\/strong><\/p>\n<p><strong>\u00a0<\/strong><\/p>\n<p><strong>Esta noticia la daba a conocer el ayuntamiento del exalcalde Adri\u00e1n Esper C\u00e1rdenas<\/strong><\/p>\n<p><strong>-Solo le falto agregar las patrullas TESLA<\/strong><\/p>\n<p><strong>\u00a0<\/strong><\/p>\n<p><strong>Hospitales\u00a0 para VALLES ,\u00a0 terrenos los donar\u00e1 el alcalde.<\/strong><\/p>\n<p><strong>Publicado <\/strong><strong>Sep 14, 2020 \u00a0<\/strong><\/p>\n<p><strong>&#8211; No se gastar\u00e1 ni un peso, dem\u00e1s que las construcciones ser\u00e1n con recurso federal<\/strong><\/p>\n<p><strong>El presidente, Adri\u00e1n Esper C\u00e1rdenas, anunci\u00f3 un plan para reactivar este municipio, con obras de infraestructura social, hospitalaria as\u00ed como hotelera y de acci\u00f3n ambiental, se construir\u00e1n dos hospitales con helipuerto; adem\u00e1s, har\u00e1 posible regularizar dos mil lotes.<\/strong><\/p>\n<p><strong>\u00a0\u00a0\u00a0\u00a0\u00a0\u00a0\u00a0\u00a0 Lo anterior fue el resultado de su estancia en M\u00e9xico, realizando parte de los tr\u00e1mites para la donaci\u00f3n de los terrenos donde se puedan construir dos \u00a0nosocomios, esto porque el municipio cuente con m\u00e1s opciones hospitalarias, ya que durante esta pandemia los existentes, se han visto rebasados.<\/strong><\/p>\n<p><strong>\u00a0\u00a0\u00a0\u00a0\u00a0\u00a0\u00a0\u00a0 En la sesi\u00f3n de cabildo de este jueves, lo expondr\u00e1 a los regidores, pero aclar\u00f3 que se trata de donaciones personales, con esto el gobierno municipal no se gastar\u00e1 ni un peso, dem\u00e1s que las construcciones ser\u00e1n con recurso federal.<\/strong><\/p>\n<p><strong>\u00a0\u00a0\u00a0\u00a0\u00a0\u00a0\u00a0\u00a0 Los terrenos que donara, es uno de 6 y otro de 3 hect\u00e1reas y adelanto que los hospitales a construir, serian de mejor calidad para de esta manera estar preparados para enfrentar alguna contingencia, tomo esta decisi\u00f3n porque ante la situaci\u00f3n que se vive por la pandemia, se comprob\u00f3 que se requiere de m\u00e1s\u00a0 hospitales y brindar la atenci\u00f3n m\u00e9dica a quienes lo requieran.<\/strong><\/p>\n<p><strong>\u00a0\u00a0\u00a0Al termino de este tr\u00e1mite, se continuara con lo correspondiente a las otras donaciones, que ser\u00e1n en lo personal, entre lo cual esta lo que anunci\u00f3 meses atr\u00e1s de ceder un terreno para un hotel de cinco estrellas.<\/strong><\/p>\n<p><strong>\u00a0<\/strong><\/p>\n<p><strong>++++++++++++++ <\/strong><\/p>\n<p><strong>El sitio ideal para\u00a0 sus fiestas\u2026 <\/strong><\/p>\n<p><strong>\u201cFINCA\u00a0 SAN ISIDRO\u201d <\/strong><\/p>\n<p><strong>Sal\u00f3n para fiestas de todo tipo.<\/strong><\/p>\n<p><strong>Carretera Valles \u2013 R\u00edo Verde Km. 8 <\/strong><\/p>\n<p><strong>Contrataciones al Tel. 01 481 179 09<\/strong><\/p>\n<p><strong>Cd. Valles SLP M\u00e9xico<\/strong><\/p>\n<p><strong>++++++++++++++<\/strong><\/p>\n<p><strong>SIN\u00a0 RESPUESTA FEDERAL A CA\u00d1EROS EN CRISIS\u00a0 POR SEQUIA.<\/strong><\/p>\n<p><strong>Es posible que debido a que\u00a0 el presupuesto\u00a0 federal para el a\u00f1o 2024\u00a0 no estaba\u00a0 aprobado, la solicitud\u00a0 de\u00a0 los productores de ca\u00f1a\u00a0 de la Huasteca norte\u00a0 abastecedores de\u00a0 4 ingenios azucareros, no han tenido respuesta a declaratoria de desastre agr\u00edcola el ciclo 2023-2024\u00a0 al grado que\u00a0 existe el riesgo que dos\u00a0 industrias\u00a0 no\u00a0 llevar\u00e1n a cabo su molienda\u00a0 por falta de materia prima, de\u00a0 no tener\u00a0 una respuesta\u00a0 en tiempo perentorio, advierten que\u00a0 podr\u00edan tomar\u00a0 decisiones de bloquear las comunicaciones\u00a0 por carreteras de la regi\u00f3n para ser atendidos.<\/strong><\/p>\n<p><strong>Como informamos oportunamente, los ca\u00f1eros siniestrados por la\u00a0 sequ\u00eda\u00a0 solicitan a las autoridades Hacendarias la condonaci\u00f3n de cuotas\u00a0 al\u00a0 IMSS y los intereses por pr\u00e9stamos\u00a0 anteriores, sus dirigentes y hasta un diputado federal del IV distrito gestionan <\/strong><strong>por que se emita la declaratoria de desastre para el campo ca\u00f1ero huasteco, los 9\u00a0 l\u00edderes se\u00f1alaron que est\u00e1n en conjunto tocando puertas y no han sido escuchados, por ello es que han advertido que si no se\u00a0 atiende el problema \u00a0podr\u00edan recurrir a las manifestaciones cerrando vialidades.<\/strong><\/p>\n<p><strong>Luis Roberto Fortanelly l\u00edder de la CNC en el Ingenio Alianza Popular de Tambaca, dijo que tantas reuniones ya son redundantes porque tanto el Diputado Federal Antol\u00edn Guerrero y el Senador Marco Gama, \u00a0saben y conocen al sector ca\u00f1ero, ellos saben que los productores est\u00e1n perdiendo y ahorita deben reconocer que est\u00e1n atravesando un problema muy grave.<\/strong><\/p>\n<p><strong>\u00abEl sector ca\u00f1ero \u00a0\u201cno hemos sido escuchados. Necesitamos ser escuchados, ustedes ya conocen como nos manifestamos\u00a0 para ser atendidos, pero no hemos llegado a ese punto. No pasa nada sencillamente que el Gobernador del Estado declare la zona ca\u00f1era como zona de desastre\u2026\u00bb, explico el dirigente.<\/strong><\/p>\n<p><strong>Reiter\u00f3 que el sector ca\u00f1ero produce mucho dinero, es el eje de la econom\u00eda\u00a0 de esta regi\u00f3n y el Gobierno Federal, porque sus impuestos van a parar a la Secretaria de Hacienda. Se necesita que desde el Gobierno del Estado se haga una brecha al Congreso de la Uni\u00f3n y Senado y descarguen apoyos verdaderos al sector.<\/strong><\/p>\n<p><strong>Por eso hoy presentaron tres puntos importantes que les permitir\u00e1n ahorrar recursos para enfrentar sus deudas, prestamos, financiamientos y no afectar a las miles de familias que se sostienen. La primera es que Hacienda este a\u00f1o no les cobre la cuota del Seguro Social al sector ca\u00f1ero, \u00aben los cuatro ingenios nos ayudar\u00eda para que el productor m\u00e1s peque\u00f1o se ahorre este dinero, y que siga vigente el derecho a la atenci\u00f3n del Seguro Social. La segunda es que el sector industrial vea en forma cualitativa al sector ca\u00f1ero para como pagarle a tiempo al productor de ca\u00f1a y que no los involucre en tramites de la Secretaria de Hacienda donde es indispensable facturar\u2026\u00bb.<\/strong><\/p>\n<p><strong>Lo m\u00e1s preocupante es el costo de la cosecha que ser\u00e1 muy alto, por las dimensiones de la ca\u00f1a y el bajo rendimiento.<\/strong><\/p>\n<p><strong>\u00abLa verdad la Secretaria de Econom\u00eda, Hacienda y Agricultura pueden hacer algo por el sector que no nos dejen de cobrar, que nos cobren los cr\u00e9ditos que debemos pero que nos quiten los intereses por este a\u00f1o, y les pagamos las deudas\u2026\u00bb.<\/strong><\/p>\n<p><strong>Finalmente dijo estos ahorros en los pagos al Gobierno Federal, los productores pudieran invertirlos en sacar adelante sus cosecha y se trata de no perjudicar a ninguna familia pensando en los jornaleros, camioneros, obreros, y muchos sectores m\u00e1s que se sostienen de esta actividad econ\u00f3mica. ASI ESTA\u00a0 LA SITUACION EN EL CAMPO CA\u00d1ERO Y SEGURO SE REFLEJARA\u00a0 EN LA ECONOMIA\u00a0 EN GENERAL EN LA REGION.<\/strong><\/p>\n<p><strong>+++++++++++++++<\/strong><\/p>\n<p><strong>\u201cCAF\u00c9 Y RESTAURANT\u00a0 EL FAROLITO\u201d\u00a0\u00a0 <\/strong><\/p>\n<p><strong>Lo mejor de la cocina Huasteca; el tradicional zacahuil y cazueladas.\u00a0\u00a0 Atendemos toda clase de\u00a0 festejos. Pedidos al Tel\u00a0 3821017 Ciudad Valles SLP.<\/strong><\/p>\n<p><strong>++++++++++++<\/strong><\/p>\n<p><strong>D\u00a0 E\u00a0\u00a0\u00a0 V O L A\u00a0 D\u00a0 A.-<\/strong><\/p>\n<p><strong>C\u00d3MO QUE CON APOYO DE CODESOL\u2026.<\/strong><\/p>\n<p><strong>Se pavimenta la\u00a0 calle Aztecas en el Fraccionamiento\u00a0 Infonavit 1, e<\/strong><strong>sto con apoyo de personal de Codesol. <\/strong><\/p>\n<p>CABE ACLARAR A LA SOCIEDAD VALLENSE, <strong>Dos\u00a0 cosas\u00a0 hay que\u00a0 aclarar; la Codesol\u00a0 es\u00a0 una\u00a0 dependencia municipal\u00a0 que suple funciones que\u00a0\u00a0 anteriormente\u00a0 estuvo a cargo de la Direcci\u00f3n de Obras p\u00fablicas del municipio, con la ventaja\u00a0 que\u00a0 maneja el millonario presupuesto anual asignado por la federaci\u00f3n, tiene empleados administrativos\u00a0 y\u00a0 un \u201ccabildito\u201d\u00a0 integrado por 18 consejeros\u00a0 bien pagados\u00a0 que\u00a0 autorizan\u00a0 las obras\u00a0 que\u00a0 la direcci\u00f3n del organismo propone y aprueban\u00a0 las\u00a0 ejecutadas\u00a0 (muchas no terminadas en tiempo y forma) .<\/strong><\/p>\n<p><strong>Hasta donde se sabe\u00a0 estas obras\u00a0 deben ser concursadas, no se hacen con personal del municipio y mucho menos con los \u201cconsejeros\u201d solo se priorizan y se autorizan para su ejecuci\u00f3n y dependiendo el monto se hacen licitaciones p\u00fablicas estatales o se asignan por contrato de obra.<\/strong><\/p>\n<p><strong>+++++++++++++++++++++++<\/strong><\/p>\n<p><strong>VEHICULOS\u00a0 DEL CONGRESO SOLO PARA ACTIVIDADES OFICIALES.<\/strong><\/p>\n<p><strong>La iniciativa del PVEM de que a <\/strong><strong>partir de enero de 2024 cuando inicie el proceso electoral, los veh\u00edculos oficiales que est\u00e1n asignados a \u00a0diputados, sean retirados de circulaci\u00f3n \u00a0 (ag 21 23) se\u00a0 evitar\u00e1\u00a0 que sus\u00a0 posesionarios den mal uso en actividades\u00a0 de\u00a0 campa\u00f1as electorales,\u00a0 dijo\u00a0 en Agosto pasado el Diputado\u00a0 Jos\u00e9 Luis\u00a0 Fern\u00e1ndez Mart\u00ednez <\/strong><strong>quien presentar\u00eda la\u00a0 iniciativa <\/strong><strong>que, a partir de enero de 2024 cuando inicie el proceso electoral, los veh\u00edculos oficiales que est\u00e1n asignados a algunos diputados y diputadas, sean retirados de circulaci\u00f3n de esta manera, se evitar\u00e1 que dieran un uso diferente al que se les tiene asignado, que es en apoyo de los representantes populares para el desempe\u00f1o de sus funciones legislativas, dijo el coordinador de la bancada del PVEM, diputado Jos\u00e9 Luis Fern\u00e1ndez Mart\u00ednez.<\/strong><\/p>\n<p><strong>Por lo tanto, es necesario que a partir de enero cuando arranque el proceso electoral 2024 se resguarden las unidades del Congreso del Estado para que no sean utilizadas en otras actividades, se\u00f1al\u00f3 el diputado Fern\u00e1ndez Mart\u00ednez al a\u00f1adir que m\u00e1s adelante ser\u00e1 formalizada la propuesta administrativa.<\/strong><\/p>\n<p><strong>+++++++++++<\/strong><\/p>\n<p><strong>DECISION POLITICA\u00a0 INTELIGENTE?<\/strong><\/p>\n<p><strong>Los Marcelistas\u00a0 que amenazaron a MORENA\u00a0 que votar\u00edan con la oposici\u00f3n\u00a0 para evitar\u00a0 la cancelaci\u00f3n de los Fideicomisos de la SCJN\u00a0 rectificaron su conciencia y no dispondr\u00e1n de los 50 mmdp\u00a0 que exig\u00edan\u00a0 para votar con los chicos de Morena.\u00a0 En la chusma\u00a0 iba\u00a0 uno de los diputados\u00a0 Vallenses. Sab\u00eda usted\u00a0 que\u00a0 Valles\u00a0 tiene\u00a0 dos\u00a0 diputados federales?\u00a0 Uno por elecci\u00f3n y\u00a0 el segundo plurinominal. No sean mal pensados o gachos, c\u00f3mo que de los dos no se hace uno.<\/strong><\/p>\n<p><strong>+++++++++++<\/strong><\/p>\n<p><a href=\"https:\/\/www.facebook.com\/profile.php?id=100085690009848&amp;__cft__%5b0%5d=AZWXisZDUw6Wtas5y5BI4g2Vvr1flGtXn4VucgT9Uhl1X569CUh2Khb_tB-KT1teQ2r6dttfkzsBDgR-EK7EQ7ZhqImlNrTltBztWUKRD6EWRsgAkTve93hCaoGIdZiDN5CAc10cM0ZyfYi-EVOTBWilSZjjnEIJWJp3z4rSNX54_duQvdS9Dgk7I4liTSMbn0wb2xHfTNZlHuc5qmFuno9rYYYF5XEnnUXxY0rEMPq9DRoJ5pbTnND5wwG-AZ5yR0SFwiGsR7b7qrVV0EOJDTZJce_Zh7OgmNq-qSQaaCbR_mtHtClfRSuDTsCb2KLFeeY&amp;__tn__=-UC%2CP-R\"><strong>Planchadora Express Cd. Valles<\/strong><\/a><strong>\u00a0\u00a0\u00a0\u00a0 <\/strong><strong>Ponemos a tu disposici\u00f3n Nuestro Servicio de Planchado de la m\u00e1s alta calidad en la Ciudad.<\/strong><strong>\u00a0 <\/strong><strong>Informaci\u00f3n y Costos al 481 119 2145 Direcci\u00f3n REPlaza Engracia 110 Del Carmen 2Contamos con Servicio a Domicilio con Costo Adicional! <\/strong><strong>+++++++++++++++++++++<\/strong><a href=\"mailto:davidfloresservicios@hotmail.com\"><strong>davidfloresservicios@hotmail.com<\/strong><\/a><strong> hasta la pr\u00f3xima semana..<\/strong><\/p>\n<p><strong>\u00a0<\/strong><\/p>\n<p><strong>\u00a0<\/strong><\/p>\n<p><strong>\u00a0<\/strong><\/p>\n<p><strong>\u00a0<\/strong><\/p>\n<p><strong>\u00a0<\/strong><\/p>\n<p><strong>\u00a0<\/strong><\/p>\n","protected":false},"excerpt":{"rendered":"<p>\u00a0ACTORES\u00a0 DE LA \u201cHERENCIA MALDITA\u201d LOS\u00a0 ESPERA\u00a0 LA CARCEL. &#8211; Toranzo y Carreras, en la mira. A 2 a\u00f1os del Gobierno del Cambio avanzan las investigaciones a ex\u00a0 funcionarios del\u00a0 Sector Salud pertenecientes\u00a0 a la \u201cherencia Maldita\u201d quienes\u00a0\u00a0 seg\u00fan\u00a0 declaraciones del Gobernador del Estado\u00a0 estar\u00edan &hellip; <\/p>\n","protected":false},"author":1,"featured_media":89020,"comment_status":"open","ping_status":"open","sticky":false,"template":"","format":"standard","meta":{"footnotes":""},"categories":[17,4],"tags":[],"class_list":["post-89473","post","type-post","status-publish","format-standard","has-post-thumbnail","hentry","category-colaboraciones","category-inicio"],"_links":{"self":[{"href":"https:\/\/amanecerhuasteco.com\/portal\/wp-json\/wp\/v2\/posts\/89473","targetHints":{"allow":["GET"]}}],"collection":[{"href":"https:\/\/amanecerhuasteco.com\/portal\/wp-json\/wp\/v2\/posts"}],"about":[{"href":"https:\/\/amanecerhuasteco.com\/portal\/wp-json\/wp\/v2\/types\/post"}],"author":[{"embeddable":true,"href":"https:\/\/amanecerhuasteco.com\/portal\/wp-json\/wp\/v2\/users\/1"}],"replies":[{"embeddable":true,"href":"https:\/\/amanecerhuasteco.com\/portal\/wp-json\/wp\/v2\/comments?post=89473"}],"version-history":[{"count":1,"href":"https:\/\/amanecerhuasteco.com\/portal\/wp-json\/wp\/v2\/posts\/89473\/revisions"}],"predecessor-version":[{"id":89474,"href":"https:\/\/amanecerhuasteco.com\/portal\/wp-json\/wp\/v2\/posts\/89473\/revisions\/89474"}],"wp:featuredmedia":[{"embeddable":true,"href":"https:\/\/amanecerhuasteco.com\/portal\/wp-json\/wp\/v2\/media\/89020"}],"wp:attachment":[{"href":"https:\/\/amanecerhuasteco.com\/portal\/wp-json\/wp\/v2\/media?parent=89473"}],"wp:term":[{"taxonomy":"category","embeddable":true,"href":"https:\/\/amanecerhuasteco.com\/portal\/wp-json\/wp\/v2\/categories?post=89473"},{"taxonomy":"post_tag","embeddable":true,"href":"https:\/\/amanecerhuasteco.com\/portal\/wp-json\/wp\/v2\/tags?post=89473"}],"curies":[{"name":"wp","href":"https:\/\/api.w.org\/{rel}","templated":true}]}}