{"id":89704,"date":"2023-10-30T19:39:23","date_gmt":"2023-10-31T01:39:23","guid":{"rendered":"http:\/\/amanecerhuasteco.com\/portal\/?p=89704"},"modified":"2023-10-30T19:39:23","modified_gmt":"2023-10-31T01:39:23","slug":"entre-columnas-585","status":"publish","type":"post","link":"https:\/\/amanecerhuasteco.com\/portal\/entre-columnas-585\/","title":{"rendered":"ENTRE COLUMNAS"},"content":{"rendered":"<p>&nbsp;<\/p>\n<p>CAERA ECONOM\u00cdA CA\u00d1ERA POTOSINA.<\/p>\n<p>Ya interviene\u00a0 el Gobernador del Estado\u00a0 ante instancias\u00a0 federales para declarar\u00a0 como zona de desastre agr\u00edcola la\u00a0 regi\u00f3n ca\u00f1era potosina, los estragos\u00a0 causados\u00a0 en los campos agr\u00edcolas\u00a0 por la prolongada sequ\u00eda\u00a0 hundir\u00e1 a\u00fan m\u00e1s\u00a0 a los\u00a0 productores\u00a0 que\u00a0 tienen adeudos por pasadas contingencias\u00a0 y ahora este fen\u00f3meno\u00a0 que\u00a0 cuando menos\u00a0 -opinan los expertos \u2013 se llevara\u00a0 mas de dos o tres ciclos\u00a0 de zafra\u00a0 para recuperar los plant\u00edos.<\/p>\n<p>La actividad ca\u00f1era es la base econ\u00f3mica de la Huasteca norte afectada por la falta de lluvias, sin embargo solo un ingenio azucarero el Plan de San Luis anuncio que para finales del mes de noviembre\u00a0 arranque su molienda, dos de estos\u00a0 derivar\u00edan sus cosechas a otros ingenios azucareros.<\/p>\n<p>Los\u00a0 dirigentes\u00a0 de\u00a0\u00a0 agrupaciones\u00a0 ca\u00f1eras\u00a0 tienen confianza en que el Gobierno del Estado\u00a0 apoye\u00a0 sus demandas\u00a0 ante la Federaci\u00f3n para\u00a0 que\u00a0 declaren ZONA DE DESASTRE CA\u00d1ERO\u00a0 la\u00a0 regi\u00f3n productora\u00a0 de la Huasteca norte, seg\u00fan declaraciones del l\u00edder estatal de la Uni\u00f3n Nacional de Productores de Ca\u00f1a Federico Safi Acosta,<\/p>\n<p>preciso que ser\u00e1 una zafra corta -de tiempo- con ca\u00f1as siniestradas por lo que la operaci\u00f3n de cosecha encarecer\u00e1 y complicada pues los cortadores enfrentaran m\u00e1s tiempo para llenar los camiones, muchos productores se quedar\u00e1n sin recibir ganancias, y caer\u00e1n en cartera vencida por no poder cubrir su cr\u00e9ditos.<\/p>\n<p>El total de productores de la gram\u00ednea en la entidad es de 20 mil de los cuales un 40% van a enfrentar este terrible panorama.<\/p>\n<p>\u00abNosotros como l\u00edderes queremos es primer que nada asegurar que tengan seguridad social, que tengamos recurso para pagar el servicio de todos los involucrados\u00a0 en la cosecha, restructurarles sus cr\u00e9ditos para que puedan pagar, porque tienen que endeudarse m\u00e1s,\u00a0 de otra manera tendr\u00edan \u00a0que dejar de ser ca\u00f1eros, porque si la plantaci\u00f3n \u00a0se perdi\u00f3 se necesita dinero para volver a \u00a0resembrar las\u00a0 cepas<\/p>\n<p>Por\u00a0 ejemplo el estimad en la zona de abasto del ingenio Plan de San Luis se hizo en septiembre fue de \u00a0900 mil toneladas, pero como sigui\u00f3 se prolongo la\u00a0 sequia\u00a0 el estimado de cosecha\u00a0 bajo por lo que\u00a0 no tendr\u00e1n los mismos resultados de la anterior que fue de un mill\u00f3n 200 mil toneladas\u00a0 zafradas.<\/p>\n<p>Los ca\u00f1eros esperan que en el Congreso de la Uni\u00f3n \u00a0aprueben las propuestas para la restructuraci\u00f3n de las deudas y pago de impuestos, el Seguro Social y Hacienda, adem\u00e1s del apoyo que esperan por parte del Gobierno del Estado.\u00a0 La crisis ca\u00f1era est\u00e1 en puerta.<\/p>\n<p>++++++++<\/p>\n<p>Pr\u00e9stamos de\u00a0 dinero inmediatos a pensionados\u00a0\u00a0 CFE, ISSSTE.FFCC, SCT, PEMEX,\u00a0 ACTIVOS Y JUBILADIS\u00a0 IMSS<\/p>\n<p>SIN AFECTAR TARJETON.<\/p>\n<p>Ll\u00e1menos las 24 hrs del d\u00eda\u00a0 4811039565<\/p>\n<p>CREDITO INMEDIATO<\/p>\n<p>+++++<\/p>\n<p>&nbsp;<\/p>\n<p>JUANJO SI\u00a0 BUSCA\u00a0 NOMINACION DEL PRI PARA UNA TERCERA ELECCION POR ALCALDIA.<\/p>\n<p>&nbsp;<\/p>\n<p>+.- JJOA trabaja con reuniones en colonias, festejos y hasta la Tamaliza del D\u00eda de difuntos ahora si habr\u00e1.<\/p>\n<p>Hace pocas\u00a0 semanas C\u00e9sar Gonz\u00e1lez Garc\u00eda, ex en muchos cargos p\u00fablicos por el tricolor\u00a0 y\u00a0 saltado a otros partidos en busca de la alcald\u00eda y una diputaci\u00f3n quedando en el camino,, apareci\u00f3\u00a0 al frente de unos ciudadanos con aspiraciones a participar en el proceso electoral del 2024, todo pintaba con cierta\u00a0 simpat\u00eda\u00a0 sus justas\u00a0 aspiraciones de los\u00a0 compa\u00f1eros, pero apareci\u00f3\u00a0 el que \u201cmaneja los t\u00edteres\u201d y este sin ning\u00fan empacho se\u00a0 hizo el invitado a un evento partidista donde tambi\u00e9n estuvieron dos que tres \u201cdinos\u201d\u00a0 despintados del tricolor.<\/p>\n<p>Tras los\u00a0 fracasos el Profesor jubilado Gonz\u00e1lez\u00a0 Garc\u00eda\u00a0 se mantiene en la brega pol\u00edtica y form\u00f3 equipo con Luis Fernando Gonz\u00e1lez Casta\u00f1eda, Faustino Cedillo y Felipe Paulin, pero este\u00a0 frente rumbo al 2024 se desmoron\u00f3 cuando\u00a0 uno de ellos busca el mismo objetivo desde otro \u00e1ngulo partidista.<\/p>\n<p>Si el a\u00f1o 2024 los\u00a0 due\u00f1os de los partidos pol\u00edticos\u00a0 no los\u00a0 desaprovechan, ser\u00edan una garant\u00eda de triunfo para la alcald\u00eda\u00a0 de Valles, juzguen; \u00a0los \u201ccuatro fant\u00e1sticos\u201d\u00a0 obtuvieron, en\u00a0 la pasada elecci\u00f3n 25 mil votos,\u00a0 con los\u00a0 que\u00a0 tienen una\u00a0 base\u00a0 para\u00a0 nominar a uno de ellos a la alcald\u00eda.<\/p>\n<p>Han hablado con diferentes actores pol\u00edticos y partidos en donde buscan\u00a0\u00a0\u00a0 tomar en cuenta a uno de ellos,\u00a0 Ah\u00a0 pero resulta que el mismo \u201cprofe\u201d declar\u00f3 que \u201cSe podr\u00edan aliar con\u00a0 JJOA\u201d y a una tercera\u00a0 no hay duda\u00a0 el ex regidor y profesor jubilado\u00a0 coordina\u00a0 eventos y reuniones de trabajo al ex alcalde con pretensiones de volver\u00a0 al palacio municipal de Valles por tercera ocasi\u00f3n,<\/p>\n<p>El profe es\u00a0 coordinador de eventos sociales y de trabajo de JJ\u00a0 en colonias, adem\u00e1s es\u00a0 el invitador para el 4\u00a0 de noviembre a\u00a0 la\u00a0 \u201ctamaliza\u201d\u00a0 que ofrece\u00a0 el aspirante priista \u00a0y no ser\u00e1\u00a0 en el\u00a0 Salon Rodeva, ahora ser\u00e1 en\u00a0 un local por la\u00a0 calle Galeana\u00a0 atr\u00e1s del hospital del IMSS\u00a0 (ya adivin\u00f3 quien es su propietario?)\u00a0 del PVEM.<\/p>\n<p>+++++++++++++<\/p>\n<p>&nbsp;<\/p>\n<p>El Covid\u00a0 sigue\u2026\u2026\u2026<\/p>\n<p>INFLAMACION CR\u00d2NICA\u00a0 DE\u00a0 DIAB\u00c8TICOS Y OBESOS AGRAVA EFECTO DEL COVID 19.<\/p>\n<p>Las personas con diabetes\u00a0 y obesidad \u00a0corren el riesgo\u00a0 de\u00a0 enfermarse gravemente si se infectan con el virus del Covid 19 \u00a0debido a que estas afecciones\u00a0 producen inflaci\u00f3n\u00a0 cr\u00f3nica\u00a0 que compromete\u00a0 la correcta regulaci\u00f3n\u00a0 de la respuesta inmune y exacerba\u00a0 la gravedad\u00a0 de la enfermedad,\u00a0 adem\u00e1s\u00a0 de prolongar el per\u00edodo de recuperaci\u00f3n . Quienes padecen esas enfermedades a extremar precauciones, recomienda\u00a0 la cient\u00edfica\u00a0 del IPN\u00a0\u00a0 Isabel Salazar S\u00e1nchez.<\/p>\n<p>La experta en virolog\u00eda\u00a0 de la Escuela Nacional \u00a0de Ciencias Biol\u00f3gicas precis\u00f3 que el sistema inmunol\u00f3gico\u00a0 de quienes padecen\u00a0 diabetes y obesidad presenta una alteraci\u00f3n\u00a0 y por ende se afectan sus mecanismos\u00a0 de defensa.\u00a0 Adem\u00e1s de los niveles de marcadores\u00a0 de inflamaci\u00f3n,\u00a0 como interlecucina-\u00a0 e II-beta , los pacientes con\u00a0 s\u00edndrome metab\u00f3lico y diabetes\u00a0 presentan plaquetas altamente\u00a0 sensibles a la\u00a0\u00a0 activaci\u00f3n\u00a0 o en activaci\u00f3n constante, lo cual sugiere problemas adicionales\u00a0 de coagulaci\u00f3n\u00a0 en comparaci\u00f3n con una persona\u00a0 sana\u00a0 por lo que al enfermar\u00a0 de covid 19 alcanzan mayor\u00a0 inflamaci\u00f3n\u00a0 y pueden presentar complicaciones tromb\u00f3ticas\u00a0 en menor tiempo.<\/p>\n<p>El da\u00f1o que causa\u00a0 el coronavirus\u00a0 en diferentes\u00a0 \u00f3rganos, est\u00e1 relacionado con la activaci\u00f3n\u00a0 del endotelio (superficie interna) de los vasos capilares, esa activaci\u00f3n constante generada por la inflamaci\u00f3n\u00a0 parece favorecer la formaci\u00f3n de trombos (co\u00e1gulos sangu\u00edneos) apunt\u00f3. Cuando el organismo identifica\u00a0 da\u00f1os en los vasos capilares\u00a0 se liberan ciertas sustancias, una de ellas es el factor de Von\u00a0 Willebrand (glicoprote\u00edna que ayuda a la coagulaci\u00f3n\u00a0 sangu\u00ednea) lo cual es una se\u00f1al\u00a0 para que las plaquetas lleguen al sitio a reparar el da\u00f1o. \u201cEl problema es\u00a0 que debido al alto \u00edndice de inflamaci\u00f3n\u00a0 esto se hace extensivo y se forman peque\u00f1os trombos dentro de los capilares, tales estructuras se hacen tan extensas\u00a0 que obstruyen la circulaci\u00f3n\u00a0 de la sangre\u201d\u00a0 dice la experta.<\/p>\n<p>Entre otros\u00a0 eventos debido a la presencia de co\u00e1gulos en la sangre se elevan los d\u00edmeros-D que son productos de degradaci\u00f3n\u00a0 de la fibrina (prote\u00edna que favorece la coagulaci\u00f3n al actuar como conector entre las plaquetas que reparan el da\u00f1o de los vasos capilares.<\/p>\n<p>++++++<\/p>\n<p>QFB\u00a0 FABIOLA GARCIA ALVAREZ<\/p>\n<p>Perito dictaminador en an\u00e1lisis bacteriol\u00f3gico de agua<\/p>\n<p>Y alimentos con n\u00famero GES-PD 0705<\/p>\n<p>Perito dictaminador en\u00a0 estupefacientes GES-PD0523<\/p>\n<p>Maestr\u00eda\u00a0 en an\u00e1lisis cl\u00ednicos 1301 \u2013 368068<\/p>\n<p>Ced\u00a0 prof\u00a0 8664204\u00a0\u00a0 Tel. 38 1 66 64<\/p>\n<p>Asesor\u00eda,\u00a0 auditor\u00eda\u00a0 y gesti\u00f3n ambiental.<\/p>\n<ol>\n<li>Victoria No. 8 zona centro Cd Valles SLP.<\/li>\n<\/ol>\n<p>+++++++++++<\/p>\n<p>POLICIA PREVENTIVA MUNICIPAL INCAPAZ\u00a0 O\u00a0 ALIADA DEL HAMPA.<\/p>\n<p>La semana\u00a0 anterior\u00a0 en un lapso de\u00a0 23\u00a0 horas\u00a0 ocurrieron\u00a0 5\u00a0\u00a0 robos\u00a0 y asaltos\u00a0 a establecimientos comerciales en plena zona centro, donde seg\u00fan ha declarado el director de la polic\u00eda municipal\u00a0 mantienen una vigilancia especial, eso ocurre\u00a0 mientras los elementos\u00a0 de la corporaci\u00f3n \u2013 mas de cien nunca informan con exactitud\u00a0 el n\u00famero de gen\u00edzaros \u2013 su mayor\u00eda\u00a0 est\u00e1n comisionados a vigilar instalaciones\u00a0 del ayuntamiento Vallense, otros comisionados\u00a0 a vigilancia\u00a0 de funcionarios o escoltas del alcalde (ejemplos que chocaron y fueron certificados que\u00a0 andaban ebrios) el hampa opera incluso de d\u00eda y en la zona centro.<\/p>\n<p>Es evidente\u00a0 que el plan de seguridad\u00a0 preventiva\u00a0 municipal ha fallado ante la ola de\u00a0 robos domiciliarios\u00a0 y \u00a0en pleno centro de la ciudad\u00a0 como si los hampones\u00a0 retaran a la polic\u00eda preventiva tras\u00a0 declaraciones\u00a0 del director de la corporaci\u00f3n y del alcalde en el sentido\u00a0 que\u00a0 los \u201coxxos\u201d\u00a0 que son asaltados diariamente\u00a0 dispon\u00edan de\u00a0 una \u201cseguridad\u00a0 especial\u201c<\/p>\n<p>Sin embargo la \u00a0sociedad Vallense\u00a0 en los \u00faltimos\u00a0 gobiernos municipales perdieron la\u00a0 confianza\u00a0\u00a0 en la polic\u00eda municipal, temen m\u00e1s a los\u00a0 uniformados\u00a0 conocidos como los Talibanes (herencia de Jorge Ter\u00e1n-pri) la\u00a0 comunidad\u00a0 se\u00a0 cuida mas de la polic\u00eda, en cambio los delincuentes\u00a0 cometen su il\u00edcito\u00a0 pero no\u00a0 agreden\u00a0 a sus v\u00edctimas, ejemplo de la pasada administraci\u00f3n existen mas de 30\u00a0 expedientes\u00a0 ante la Fiscal\u00eda y salvo un caso\u00a0 castigado el\u00a0 agente por\u00a0 abuso de autoridad, intento de homicidio y lesiones a una pareja, lo\u00a0 dem\u00e1s\u00a0 sigue impune.<\/p>\n<p>+++<\/p>\n<p>CARROCERIAS\u00a0 BUSTOS<\/p>\n<p>Reforma y Lerdo de tejada Col. Altavista.<\/p>\n<p>Cd Valles SLP\u00a0 Tel. 3824777.<\/p>\n<p>En carrocer\u00edas para camiones y camionetas nadie nos compite.<\/p>\n<p>++++++++++++++<\/p>\n<p>REUBICAN NUEVAMENTE EN VALLES EL TRIBUNAL UNITARIO AGRARIO REGIONAL.<\/p>\n<p>Pese\u00a0 a protestas\u00a0 de\u00a0 ejidatarios y comuneros\u00a0 del norte de Veracruz\u00a0 y sur de\u00a0 Tamaulipas\u00a0\u00a0 ante el anuncio\u00a0 del cambio\u00a0 a Ciudad Valles el Tribunal Unitario Agrario, la\u00a0 decisi\u00f3n estaba firma\u00a0 ya partir de la primera semana de\u00a0 noviembre\u00a0 funcionar\u00e1\u00a0 en esta\u00a0 ciudad esta dependencia\u00a0 federal.<\/p>\n<p>+.- Se ubicar\u00e1\u00a0 en Valle Alto.<\/p>\n<p>A partir de\u00a0 esta\u00a0 semana inicia\u00a0 operaciones\u00a0 el Tribunal Unitario Agrario\u00a0 federal\u00a0 en esta ciudad, sus oficinas\u00a0 se\u00a0 ubican\u00a0 en\u00a0 el Fraccionamiento Valle Alto, tras\u00a0 cerrar sus oficinas\u00a0 que por\u00a0 algunos a\u00f1os\u00a0 fueron cambiadas\u00a0\u00a0 precisamente de Valles a Tampico.<\/p>\n<p>Hubo protestas y hasta bloqueo de carreteras por parte de\u00a0 campesinos afectadas\u00a0 de los\u00a0 estados\u00a0 norte de Veracruz\u00a0 y sur de Tamaulipas, sin embargo\u00a0 los\u00a0 estudios\u00a0 realizados\u00a0 por\u00a0 gestiones\u00a0 de ejidatarios\u00a0 potosinos\u00a0 encabezados por el abogado Michel Guzm\u00e1n\u00a0 lograron que\u00a0 despu\u00e9s de una d\u00e9cada de haberse trasladado el Tribunal a la ciudad de Tampico, Tamaulipas,\u00a0 se logr\u00f3\u00a0 su retorno a la Huasteca potosina.<\/p>\n<p>El ayuntamiento de Valles\u00a0 pagar\u00e1\u00a0 la\u00a0 renta mensual\u00a0 del edificio ubicado en calle Tanzania circuito de Tercer Mundo numero 13 fraccionamiento Valle Alto en Ciudad Valles.<\/p>\n<p>++++++<\/p>\n<p>El sitio ideal para\u00a0 sus fiestas\u2026<\/p>\n<p>\u201cFINCA\u00a0 SAN ISIDRO\u201d<\/p>\n<p>Sal\u00f3n para fiestas de todo tipo.<\/p>\n<p>Carretera Valles \u2013 R\u00edo Verde Km. 8<\/p>\n<p>Contrataciones al Tel. 01 481 179 09<\/p>\n<p>Cd. Valles SLP M\u00e9xico.<\/p>\n<p>+++++<\/p>\n<p>PORQU\u00c9\u00a0 EL GAS DOMESTICO ENCARECE CADA\u00a0 SEMANA.<\/p>\n<p>Petr\u00f3leos Mexicanos utiliza\u00a060 por ciento de propano y 40 por ciento butano para producir gas LP, mientras que las importaciones de privados tienen una proporci\u00f3n de 90 por ciento de propano y 10 por ciento butano, por lo que los niveles de precio de gas LP dependen mucho del costo del propano.\u00a0 Gas Bienestar\u00a0 report\u00f3 un incremento\u00a0\u00a0 en la semana que termina,\u00a0 de poco m\u00e1s de 11 por ciento para\u00a0los cilindros de 20 y 30 kilos de gas LP\u00a0entre el 30 de agosto y el 4 de octubre, seg\u00fan la aplicaci\u00f3n oficial de la Comisi\u00f3n Reguladora de Energ\u00eda (CRE),\u00a0AmiGas LP.<\/p>\n<p>De esta forma, el precio de comercializaci\u00f3n de Gas Bienestar \u00fanicamente es\u00a08 por ciento m\u00e1s barato que el precio m\u00e1ximo establecido por la CRE, a pesar de que al inicio de operaciones de esta empresa del Estado, lleg\u00f3 a ser hasta 10 por ciento m\u00e1s econ\u00f3mico que el precio m\u00e1ximo que manejaban los comercializadores privados.<\/p>\n<p>El gran \u2018culpable\u2019 de este incremento son\u00a0las materias primas\u00a0con las que se produce el gas LP, ya que hasta el 4 de octubre, el precio internacional del propano Mont Belvieu se ubic\u00f3 en 1.493 d\u00f3lares por gal\u00f3n, por lo que se encuentra\u00a0192.7 por ciento m\u00e1s caro que el a\u00f1o pasado.<\/p>\n<p>Por lo tanto, este insumo esencial para producir gas LP alcanz\u00f3 su mayor nivel desde noviembre de 2011.<\/p>\n<p>Adem\u00e1s, Gas Bienestar no logr\u00f3 afianzarse como la opci\u00f3n m\u00e1s barata ya que\u00a0al menos cinco empresas\u00a0manejan precios m\u00e1s econ\u00f3micos, como es el caso de Regio Gas (380 pesos los 20 kilos, 540 pesos los 30 kilos), UNIGAS (384 pesos, 20 kgs.; 576 pesos, 30 kgs.), G.G. Gas (388.6, 20 kgs.; 582.9 pesos, 30 kgs.), GVS Gas Vehicular Silza (407 pesos, 20 kgs.; 610 pesos, 30 kgs.) y Gas Chapultepec (407 pesos, 20 kgs; 610.5 pesos, 30 kgs.).<\/p>\n<p>Final del formulario+++++++++<\/p>\n<p>\u201cCAF\u00c9 Y RESTAURANT\u00a0 EL FAROLITO\u201d<\/p>\n<p>Lo mejor de la cocina Huasteca; el tradicional zacahuil y cazueladas.<\/p>\n<p>Atendemos toda clase de\u00a0 festejos. Pedidos al Tel\u00a0 3821017 Ciudad Valles SLP.<\/p>\n<p>+++++++++++++<\/p>\n<p>D E\u00a0 V O L A D A .<\/p>\n<p>&nbsp;<\/p>\n<p>LOS \u201cMACETEROS\u201d\u00a0 DE LA ECOVIA, SE FUERON \u00a0AL RANCHO DE AMLO\u2026..<\/p>\n<p>Se cumplen dos\u00a0 a\u00f1os\u00a0 que\u00a0 el proyecto vial, seguridad y ornamental\u00a0 que\u00a0 cost\u00f3 al municipio de Valles\u00a0\u00a0 un promedio de 5 millones de pesos\u00a0 tirados a la basura, pas\u00f3 al olvido y pese a la amenaza\u00a0 del alcalde\u00a0 entrante\u00a0 David Medina de fincar\u00a0 responsabilidades\u00a0 a los\u00a0 autores de\u00a0 la fallida obra del fallecido (en ese tiempo)\u00a0 gobierno Independiente, no pasaron de ser furibundas declaraciones\u00a0 al furor\u00a0 de la naciente administraci\u00f3n \u201cverde\/azul\u201d<\/p>\n<p>Ni la\u00a0 ASE\u00a0 a donde se turn\u00f3 el caso, ha emitido alg\u00fan comentario al respecto y que pas\u00f3 con todos los\u00a0 maceteros\u00a0\u00a0 que\u00a0 la anterior administraci\u00f3n orden\u00f3 colocar\u00a0 para delimitar\u00a0 la fallida obra de la ecovia, fueron retirados y enviados una parte al parque \u201cTantocob\u201d, y a escuelas del municipio para que les sirvan como barreras preventivas de accidentes, porque mas \u00a0\u00a0\u00a0 que seguridad\u00a0 representan\u00a0 un estorbo y riesgo \u00a0para la seguridad vial de la ciudadan\u00eda.<\/p>\n<p>Curiosamente la empresa\u00a0 a la\u00a0 que se otorg\u00f3 el contrato de elaborar los \u201cmaceteros polvorones\u201d\u00a0 fueron relacionadas\u00a0 con el primer alcalde independiente\u00a0 que hubo\u00a0 en la administraci\u00f3n pasada\u00a0 en Valles.<\/p>\n<p><a href=\"mailto:davidfloresservicios@hotmail.com\">davidfloresservicios@hotmail.com<\/a><\/p>\n<p>hasta la pr\u00f3xima semana.<\/p>\n<p>&nbsp;<\/p>\n<p>&nbsp;<\/p>\n","protected":false},"excerpt":{"rendered":"<p>&nbsp; CAERA ECONOM\u00cdA CA\u00d1ERA POTOSINA. Ya interviene\u00a0 el Gobernador del Estado\u00a0 ante instancias\u00a0 federales para declarar\u00a0 como zona de desastre agr\u00edcola la\u00a0 regi\u00f3n ca\u00f1era potosina, los estragos\u00a0 causados\u00a0 en los campos agr\u00edcolas\u00a0 por la prolongada sequ\u00eda\u00a0 hundir\u00e1 a\u00fan m\u00e1s\u00a0 a los\u00a0 productores\u00a0 que\u00a0 tienen adeudos &hellip; <\/p>\n","protected":false},"author":1,"featured_media":88230,"comment_status":"open","ping_status":"open","sticky":false,"template":"","format":"standard","meta":{"footnotes":""},"categories":[17,4],"tags":[],"class_list":["post-89704","post","type-post","status-publish","format-standard","has-post-thumbnail","hentry","category-colaboraciones","category-inicio"],"_links":{"self":[{"href":"https:\/\/amanecerhuasteco.com\/portal\/wp-json\/wp\/v2\/posts\/89704","targetHints":{"allow":["GET"]}}],"collection":[{"href":"https:\/\/amanecerhuasteco.com\/portal\/wp-json\/wp\/v2\/posts"}],"about":[{"href":"https:\/\/amanecerhuasteco.com\/portal\/wp-json\/wp\/v2\/types\/post"}],"author":[{"embeddable":true,"href":"https:\/\/amanecerhuasteco.com\/portal\/wp-json\/wp\/v2\/users\/1"}],"replies":[{"embeddable":true,"href":"https:\/\/amanecerhuasteco.com\/portal\/wp-json\/wp\/v2\/comments?post=89704"}],"version-history":[{"count":1,"href":"https:\/\/amanecerhuasteco.com\/portal\/wp-json\/wp\/v2\/posts\/89704\/revisions"}],"predecessor-version":[{"id":89705,"href":"https:\/\/amanecerhuasteco.com\/portal\/wp-json\/wp\/v2\/posts\/89704\/revisions\/89705"}],"wp:featuredmedia":[{"embeddable":true,"href":"https:\/\/amanecerhuasteco.com\/portal\/wp-json\/wp\/v2\/media\/88230"}],"wp:attachment":[{"href":"https:\/\/amanecerhuasteco.com\/portal\/wp-json\/wp\/v2\/media?parent=89704"}],"wp:term":[{"taxonomy":"category","embeddable":true,"href":"https:\/\/amanecerhuasteco.com\/portal\/wp-json\/wp\/v2\/categories?post=89704"},{"taxonomy":"post_tag","embeddable":true,"href":"https:\/\/amanecerhuasteco.com\/portal\/wp-json\/wp\/v2\/tags?post=89704"}],"curies":[{"name":"wp","href":"https:\/\/api.w.org\/{rel}","templated":true}]}}