{"id":90291,"date":"2023-11-20T15:30:32","date_gmt":"2023-11-20T21:30:32","guid":{"rendered":"http:\/\/amanecerhuasteco.com\/portal\/?p=90291"},"modified":"2023-11-20T15:30:32","modified_gmt":"2023-11-20T21:30:32","slug":"gobierno-capacito-a-personal-del-sector-minero","status":"publish","type":"post","link":"https:\/\/amanecerhuasteco.com\/portal\/gobierno-capacito-a-personal-del-sector-minero\/","title":{"rendered":"Gobierno capacit\u00f3 a personal del sector minero"},"content":{"rendered":"<p><strong>\u00a0<\/strong><\/p>\n<p>&nbsp;<\/p>\n<ul>\n<li><strong>El Instituto de Capacitaci\u00f3n para el Trabajo, entreg\u00f3 220 constancias oficiales a los alumnos de Grupo Koura en las instalaciones de la unidad minera \u201cLas Cuevas\u201d, en Zaragoza<\/strong><\/li>\n<\/ul>\n<p>&nbsp;<\/p>\n<p>San Luis Potos\u00ed ya despeg\u00f3 hacia una mejor profesionalizaci\u00f3n de las y los potosinos, con la capacitaci\u00f3n de personal del sector minero, a quienes el Instituto de Capacitaci\u00f3n para el Trabajo (Icat) se les entreg\u00f3 constancias oficiales de los cursos de \u201cManejo defensivo\u201d y \u201cSeguridad en el manejo y operaci\u00f3n de montacargas\u201d.<\/p>\n<p>La titular de la dependencia estatal, afirm\u00f3 que la instrucci\u00f3n del Gobernador Ricardo Gallardo Cardona es preparar a las y los potosinos para contar con mano de obra calificada y a la vez mejorar su calidad de vida con mejores sueldos, por lo que, se entregaron 220 constancias oficiales a los alumnos de Grupo Koura en las instalaciones de la unidad minera \u201cLas Cuevas\u201d, en Zaragoza, quienes completaron con \u00e9xito los cursos de: \u201cManejo defensivo\u201d y \u00abSeguridad en el manejo y operaci\u00f3n de montacargas\u00bb.<\/p>\n<p>Flores Saldierna, agreg\u00f3 que, con estas capacitaciones, se aporta a la prevenci\u00f3n de accidentes viales y otras situaciones de peligro que pudieran presentarse durante el desarrollo de sus actividades laborales.<\/p>\n<p>Puntualiz\u00f3 que, las capacitaciones son avaladas ante la Secretar\u00eda de Educaci\u00f3n P\u00fablica (SEP) y la Secretar\u00eda del Trabajo y Previsi\u00f3n Social (STPS), lo que garantiza m\u00e1s y mejores oportunidades de empleo, formando profesionales de alto nivel.<\/p>\n","protected":false},"excerpt":{"rendered":"<p>\u00a0 &nbsp; El Instituto de Capacitaci\u00f3n para el Trabajo, entreg\u00f3 220 constancias oficiales a los alumnos de Grupo Koura en las instalaciones de la unidad minera \u201cLas Cuevas\u201d, en Zaragoza &nbsp; San Luis Potos\u00ed ya despeg\u00f3 hacia una mejor profesionalizaci\u00f3n de las y los potosinos, &hellip; <\/p>\n","protected":false},"author":1,"featured_media":90292,"comment_status":"open","ping_status":"open","sticky":false,"template":"","format":"standard","meta":{"footnotes":""},"categories":[7,11,4,12,5],"tags":[],"class_list":["post-90291","post","type-post","status-publish","format-standard","has-post-thumbnail","hentry","category-ciudad","category-estado","category-inicio","category-nacional","category-politica"],"_links":{"self":[{"href":"https:\/\/amanecerhuasteco.com\/portal\/wp-json\/wp\/v2\/posts\/90291","targetHints":{"allow":["GET"]}}],"collection":[{"href":"https:\/\/amanecerhuasteco.com\/portal\/wp-json\/wp\/v2\/posts"}],"about":[{"href":"https:\/\/amanecerhuasteco.com\/portal\/wp-json\/wp\/v2\/types\/post"}],"author":[{"embeddable":true,"href":"https:\/\/amanecerhuasteco.com\/portal\/wp-json\/wp\/v2\/users\/1"}],"replies":[{"embeddable":true,"href":"https:\/\/amanecerhuasteco.com\/portal\/wp-json\/wp\/v2\/comments?post=90291"}],"version-history":[{"count":1,"href":"https:\/\/amanecerhuasteco.com\/portal\/wp-json\/wp\/v2\/posts\/90291\/revisions"}],"predecessor-version":[{"id":90293,"href":"https:\/\/amanecerhuasteco.com\/portal\/wp-json\/wp\/v2\/posts\/90291\/revisions\/90293"}],"wp:featuredmedia":[{"embeddable":true,"href":"https:\/\/amanecerhuasteco.com\/portal\/wp-json\/wp\/v2\/media\/90292"}],"wp:attachment":[{"href":"https:\/\/amanecerhuasteco.com\/portal\/wp-json\/wp\/v2\/media?parent=90291"}],"wp:term":[{"taxonomy":"category","embeddable":true,"href":"https:\/\/amanecerhuasteco.com\/portal\/wp-json\/wp\/v2\/categories?post=90291"},{"taxonomy":"post_tag","embeddable":true,"href":"https:\/\/amanecerhuasteco.com\/portal\/wp-json\/wp\/v2\/tags?post=90291"}],"curies":[{"name":"wp","href":"https:\/\/api.w.org\/{rel}","templated":true}]}}