{"id":90306,"date":"2023-11-20T15:53:45","date_gmt":"2023-11-20T21:53:45","guid":{"rendered":"http:\/\/amanecerhuasteco.com\/portal\/?p=90306"},"modified":"2023-11-20T15:53:45","modified_gmt":"2023-11-20T21:53:45","slug":"designa-ine-slp-a-las-y-los-consejeros-electorales-de-los-consejos-distritales-para-los-procesos-electorales-federales-de-2023-2024-y-2026-2027","status":"publish","type":"post","link":"https:\/\/amanecerhuasteco.com\/portal\/designa-ine-slp-a-las-y-los-consejeros-electorales-de-los-consejos-distritales-para-los-procesos-electorales-federales-de-2023-2024-y-2026-2027\/","title":{"rendered":"Designa INE SLP a las y los consejeros electorales de los  consejos distritales para los procesos electorales federales de 2023-2024 Y 2026-2027"},"content":{"rendered":"<p><strong>\u00a0<\/strong><\/p>\n<p><strong>\u00a0<\/strong><\/p>\n<p>&nbsp;<\/p>\n<p>Durante la sesi\u00f3n ordinaria de Consejo Local del Instituto Nacional Electoral, se design\u00f3 a las y los consejeros electorales de los consejos distritales para los Procesos Electorales Federales de \u00a02023-2024 Y 2026-2027.<\/p>\n<p>&nbsp;<\/p>\n<p>El Consejo Local que preside Pablo Sergio Aispuro C\u00e1rdenas, someti\u00f3 a consideraci\u00f3n de las y los asistentes y posteriormente se aprob\u00f3 la lista que previamente se analiz\u00f3 para la citada conformaci\u00f3n y que queda de la siguiente manera:<\/p>\n<p>&nbsp;<\/p>\n<p><strong>Consejeras y Consejeros del 01 Consejo Distrital en San Luis Potos\u00ed<\/strong><\/p>\n<table width=\"585\">\n<thead>\n<tr>\n<td width=\"74\"><strong>F\u00f3rmula<\/strong><\/td>\n<td width=\"208\"><strong>Nombre<\/strong><\/td>\n<td width=\"94\"><strong>Calidad<\/strong><\/td>\n<td width=\"106\"><strong>Tipo de aprobaci\u00f3n<\/strong><\/td>\n<td width=\"104\"><strong>PEF para el que se ratifica\/designa<\/strong><\/td>\n<\/tr>\n<\/thead>\n<tbody>\n<tr>\n<td rowspan=\"2\" width=\"74\">1<\/td>\n<td width=\"208\">Mireya Alvarado Rinc\u00f3n<\/td>\n<td width=\"94\">Propietaria<\/td>\n<td width=\"106\">Ratificaci\u00f3n<\/td>\n<td width=\"104\">2023-2024<\/td>\n<\/tr>\n<tr>\n<td width=\"208\">Beatriz Lorena Becerra Costilla<\/td>\n<td width=\"94\">Suplente<\/td>\n<td width=\"106\">Ratificaci\u00f3n<\/td>\n<td width=\"104\">2023-2024<\/td>\n<\/tr>\n<tr>\n<td rowspan=\"2\" width=\"74\">2<\/td>\n<td width=\"208\">Mirna del Rosario Guti\u00e9rrez Cruz<\/td>\n<td width=\"94\">Propietaria<\/td>\n<td width=\"106\">Ratificaci\u00f3n<\/td>\n<td width=\"104\">2023-2024<\/td>\n<\/tr>\n<tr>\n<td width=\"208\">Blanca Edith Castillo Hern\u00e1ndez<\/td>\n<td width=\"94\">Suplente<\/td>\n<td width=\"106\">Ratificaci\u00f3n<\/td>\n<td width=\"104\">2023-2024<\/td>\n<\/tr>\n<tr>\n<td rowspan=\"2\" width=\"74\">3<\/td>\n<td width=\"208\"><strong>Irma Araceli Acosta Puente<\/strong><\/td>\n<td width=\"94\"><strong>Propietaria<\/strong><\/td>\n<td width=\"106\"><strong>Designaci\u00f3n<\/strong><\/td>\n<td width=\"104\"><strong>2023-2024 y 2026-2027<\/strong><\/td>\n<\/tr>\n<tr>\n<td width=\"208\"><strong>Alma Rosa Rodr\u00edguez Barr\u00f3n<\/strong><\/td>\n<td width=\"94\"><strong>Suplente<\/strong><\/td>\n<td width=\"106\"><strong>Designaci\u00f3n<\/strong><\/td>\n<td width=\"104\"><strong>2023-2024 y 2026-2027<\/strong><\/td>\n<\/tr>\n<tr>\n<td rowspan=\"2\" width=\"74\">4<\/td>\n<td width=\"208\">Eduardo Mart\u00ednez Vivanco<\/td>\n<td width=\"94\">Propietario<\/td>\n<td width=\"106\">Ratificaci\u00f3n<\/td>\n<td width=\"104\">2023-2024<\/td>\n<\/tr>\n<tr>\n<td width=\"208\">Christian Guadalupe Torres V\u00e1zquez<\/td>\n<td width=\"94\">Suplente<\/td>\n<td width=\"106\">Ratificaci\u00f3n<\/td>\n<td width=\"104\">2023-2024<\/td>\n<\/tr>\n<tr>\n<td rowspan=\"2\" width=\"74\">5<\/td>\n<td width=\"208\">Juan Renato Faz Morales<\/td>\n<td width=\"94\">Propietario<\/td>\n<td width=\"106\">Ratificaci\u00f3n<\/td>\n<td width=\"104\">2023-2024<\/td>\n<\/tr>\n<tr>\n<td width=\"208\">Salvador Palos Bustamante<\/td>\n<td width=\"94\">Suplente<\/td>\n<td width=\"106\">Ratificaci\u00f3n<\/td>\n<td width=\"104\">2023-2024<\/td>\n<\/tr>\n<tr>\n<td rowspan=\"2\" width=\"74\">6<\/td>\n<td width=\"208\"><strong>Luis Ricardo L\u00f3pez Rangel<\/strong><\/td>\n<td width=\"94\"><strong>Propietario<\/strong><\/td>\n<td width=\"106\"><strong>Designaci\u00f3n<\/strong><\/td>\n<td width=\"104\"><strong>2023-2024 y 2026-2027<\/strong><\/td>\n<\/tr>\n<tr>\n<td width=\"208\">Jos\u00e9 Luis Ortega Coronel<\/td>\n<td width=\"94\">Suplente<\/td>\n<td width=\"106\">Ratificaci\u00f3n<\/td>\n<td width=\"104\">2023-2024<\/td>\n<\/tr>\n<\/tbody>\n<\/table>\n<p><strong>\u00a0<\/strong><\/p>\n<p><strong><br \/>\n<\/strong><\/p>\n<p><strong>\u00a0<\/strong><\/p>\n<p><strong>\u00a0<\/strong><\/p>\n<p><strong>Consejeras y Consejeros del 02 Consejo Distrital en San Luis Potos\u00ed<\/strong><\/p>\n<table width=\"585\">\n<thead>\n<tr>\n<td width=\"66\"><strong>F\u00f3rmula<\/strong><\/td>\n<td width=\"216\"><strong>Nombre<\/strong><\/td>\n<td width=\"94\"><strong>Calidad<\/strong><\/td>\n<td width=\"106\"><strong>Tipo de aprobaci\u00f3n<\/strong><\/td>\n<td width=\"104\"><strong>PEF para el que se ratifica\/designa<\/strong><\/td>\n<\/tr>\n<\/thead>\n<tbody>\n<tr>\n<td rowspan=\"2\" width=\"66\">1<\/td>\n<td width=\"216\"><strong>Cristina Herrera Castillo<\/strong><\/td>\n<td width=\"94\"><strong>Propietaria<\/strong><\/td>\n<td width=\"106\"><strong>Designaci\u00f3n<\/strong><\/td>\n<td width=\"104\"><strong>2023-2024 y 2026-2027<\/strong><\/td>\n<\/tr>\n<tr>\n<td width=\"216\">Elizabeth Alonso Hern\u00e1ndez<\/td>\n<td width=\"94\">Suplente<\/td>\n<td width=\"106\">Ratificaci\u00f3n n<\/td>\n<td width=\"104\">2023-2024<\/td>\n<\/tr>\n<tr>\n<td rowspan=\"2\" width=\"66\">2<\/td>\n<td width=\"216\">Ana Rosa L\u00f3pez Hern\u00e1ndez<\/td>\n<td width=\"94\">Propietaria<\/td>\n<td width=\"106\">Ratificaci\u00f3n<\/td>\n<td width=\"104\">2023-2024<\/td>\n<\/tr>\n<tr>\n<td width=\"216\">Mar\u00eda Elvia Ram\u00edrez Pi\u00f1a<\/td>\n<td width=\"94\">Suplente<\/td>\n<td width=\"106\">Ratificaci\u00f3n<\/td>\n<td width=\"104\">2023-2024<\/td>\n<\/tr>\n<tr>\n<td rowspan=\"2\" width=\"66\">3<\/td>\n<td width=\"216\">Paulina Berenice Flores Espericueta<\/td>\n<td width=\"94\">Propietaria<\/td>\n<td width=\"106\">Ratificaci\u00f3n<\/td>\n<td width=\"104\">2023-2024<\/td>\n<\/tr>\n<tr>\n<td width=\"216\"><strong>Mar\u00eda del Consuelo Ram\u00edrez Gallegos <\/strong><\/td>\n<td width=\"94\"><strong>Suplente<\/strong><\/td>\n<td width=\"106\"><strong>Designaci\u00f3n<\/strong><\/td>\n<td width=\"104\"><strong>2023-2024 y 2026-2027<\/strong><\/td>\n<\/tr>\n<tr>\n<td rowspan=\"2\" width=\"66\">4<\/td>\n<td width=\"216\">Marcelo Armando De los Santos de Luna<\/td>\n<td width=\"94\">Propietario<\/td>\n<td width=\"106\">Ratificaci\u00f3n<\/td>\n<td width=\"104\">2023-2024<\/td>\n<\/tr>\n<tr>\n<td width=\"216\">Cecilia Alejandrina Arriaga Castillo<\/td>\n<td width=\"94\">Suplente<\/td>\n<td width=\"106\">Ratificaci\u00f3n<\/td>\n<td width=\"104\">2023-2024<\/td>\n<\/tr>\n<tr>\n<td rowspan=\"2\" width=\"66\">5<\/td>\n<td width=\"216\">Antonio L\u00f3pez de la Rosa<\/td>\n<td width=\"94\">Propietario<\/td>\n<td width=\"106\">Ratificaci\u00f3n<\/td>\n<td width=\"104\">2023-2024<\/td>\n<\/tr>\n<tr>\n<td width=\"216\"><strong>Jos\u00e9 Luis Reza Mart\u00ednez<\/strong><\/td>\n<td width=\"94\"><strong>Suplente<\/strong><\/td>\n<td width=\"106\"><strong>Designaci\u00f3n<\/strong><\/td>\n<td width=\"104\"><strong>2023-2024 y 2026-2027<\/strong><\/td>\n<\/tr>\n<tr>\n<td rowspan=\"2\" width=\"66\">6<\/td>\n<td width=\"216\">Jos\u00e9 Natividad M\u00e9ndez Mares<\/td>\n<td width=\"94\">Propietario<\/td>\n<td width=\"106\">Ratificaci\u00f3n<\/td>\n<td width=\"104\">2023-2024<\/td>\n<\/tr>\n<tr>\n<td width=\"216\">Margarita Anyul Gloria Rodr\u00edguez<\/td>\n<td width=\"94\">Suplente<\/td>\n<td width=\"106\">Ratificaci\u00f3n<\/td>\n<td width=\"104\">2023-2024<\/td>\n<\/tr>\n<\/tbody>\n<\/table>\n<p><strong>Consejeras y Consejeros del 03 Consejo Distrital en San Luis Potos\u00ed<\/strong><\/p>\n<table width=\"585\">\n<thead>\n<tr>\n<td width=\"74\"><strong>F\u00f3rmula<\/strong><\/td>\n<td width=\"208\"><strong>Nombre<\/strong><\/td>\n<td width=\"94\"><strong>Calidad<\/strong><\/td>\n<td width=\"106\"><strong>Tipo de aprobaci\u00f3n<\/strong><\/td>\n<td width=\"104\"><strong>PEF para el que se ratifica\/designa<\/strong><\/td>\n<\/tr>\n<\/thead>\n<tbody>\n<tr>\n<td rowspan=\"2\" width=\"74\">1<\/td>\n<td width=\"208\">Alma Dolores L\u00f3pez Hern\u00e1ndez<\/td>\n<td width=\"94\">Propietaria<\/td>\n<td width=\"106\">Ratificaci\u00f3n<\/td>\n<td width=\"104\">2023-2024<\/td>\n<\/tr>\n<tr>\n<td width=\"208\"><strong>Patricia Mendieta Diaz<\/strong><\/td>\n<td width=\"94\"><strong>Suplente<\/strong><\/td>\n<td width=\"106\"><strong>Designaci\u00f3n<\/strong><\/td>\n<td width=\"104\"><strong>2023-2024 y 2026-2027<\/strong><\/td>\n<\/tr>\n<tr>\n<td rowspan=\"2\" width=\"74\">2<\/td>\n<td width=\"208\">Wendy Janet Hern\u00e1ndez Dorantes<\/td>\n<td width=\"94\">Propietaria<\/td>\n<td width=\"106\">Ratificaci\u00f3n<\/td>\n<td width=\"104\">2023-2024<\/td>\n<\/tr>\n<tr>\n<td width=\"208\">Susana Karina P\u00e9rez Flores<\/td>\n<td width=\"94\">Suplente<\/td>\n<td width=\"106\">Ratificaci\u00f3n<\/td>\n<td width=\"104\">2023-2024<\/td>\n<\/tr>\n<tr>\n<td rowspan=\"2\" width=\"74\">3<\/td>\n<td width=\"208\"><strong>Griselda Analine Figueroa Vega<\/strong><\/td>\n<td width=\"94\"><strong>Propietaria<\/strong><\/td>\n<td width=\"106\"><strong>Designaci\u00f3n<\/strong><\/td>\n<td width=\"104\"><strong>2023-2024 y 2026-2027<\/strong><\/td>\n<\/tr>\n<tr>\n<td width=\"208\"><strong>Petra Oviedo Ch\u00e1vez<\/strong><\/td>\n<td width=\"94\"><strong>Suplente<\/strong><\/td>\n<td width=\"106\"><strong>Designaci\u00f3n<\/strong><\/td>\n<td width=\"104\"><strong>2023-2024 y 2026-2027<\/strong><\/td>\n<\/tr>\n<tr>\n<td rowspan=\"2\" width=\"74\">4<\/td>\n<td width=\"208\">Jos\u00e9 Luis Rodr\u00edguez G\u00f3mez<\/td>\n<td width=\"94\">Propietario<\/td>\n<td width=\"106\">Ratificaci\u00f3n<\/td>\n<td width=\"104\">2023-2024<\/td>\n<\/tr>\n<tr>\n<td width=\"208\"><strong>Ernesto Loredo Ibarra<\/strong><\/td>\n<td width=\"94\"><strong>Suplente<\/strong><\/td>\n<td width=\"106\"><strong>Designaci\u00f3n<\/strong><\/td>\n<td width=\"104\"><strong>2023-2024 y 2026-2027<\/strong><\/td>\n<\/tr>\n<tr>\n<td rowspan=\"2\" width=\"74\">5<\/td>\n<td width=\"208\">V\u00edctor Hugo Nava Luna<\/td>\n<td width=\"94\">Propietario<\/td>\n<td width=\"106\">Ratificaci\u00f3n<\/td>\n<td width=\"104\">2023-2024<\/td>\n<\/tr>\n<tr>\n<td width=\"208\">Marco Antonio Hern\u00e1ndez Ruiz<\/td>\n<td width=\"94\">Suplente<\/td>\n<td width=\"106\">Ratificaci\u00f3n<\/td>\n<td width=\"104\">2023-2024<\/td>\n<\/tr>\n<tr>\n<td rowspan=\"2\" width=\"74\">6<\/td>\n<td width=\"208\"><strong>Ignacio Arriaga Mart\u00ednez<\/strong><\/td>\n<td width=\"94\">Propietario<\/td>\n<td width=\"106\"><strong>Designaci\u00f3n<\/strong><\/td>\n<td width=\"104\"><strong>2023-2024 y 2026-2027<\/strong><\/td>\n<\/tr>\n<tr>\n<td width=\"208\"><strong>Jorge Alberto Le\u00f3n Hern\u00e1ndez<\/strong><\/td>\n<td width=\"94\">Suplente<\/td>\n<td width=\"106\"><strong>Designaci\u00f3n<\/strong><\/td>\n<td width=\"104\"><strong>2023-2024 y 2026-2027<\/strong><\/td>\n<\/tr>\n<\/tbody>\n<\/table>\n<p><strong>\u00a0<\/strong><\/p>\n<p><strong>Consejeras y Consejeros del 04 Consejo Distrital en San Luis Potos\u00ed<\/strong><\/p>\n<table width=\"585\">\n<thead>\n<tr>\n<td width=\"74\"><strong>F\u00f3rmula<\/strong><\/td>\n<td width=\"208\"><strong>Nombre<\/strong><\/td>\n<td width=\"94\"><strong>Calidad<\/strong><\/td>\n<td width=\"106\"><strong>Tipo de aprobaci\u00f3n<\/strong><\/td>\n<td width=\"104\"><strong>PEF para el que se ratifica\/designa<\/strong><\/td>\n<\/tr>\n<\/thead>\n<tbody>\n<tr>\n<td rowspan=\"2\" width=\"74\">1<\/td>\n<td width=\"208\">Rebeca Isaura Flores Hern\u00e1ndez<\/td>\n<td width=\"94\">Propietaria<\/td>\n<td width=\"106\">Ratificaci\u00f3n<\/td>\n<td width=\"104\">2023-2024<\/td>\n<\/tr>\n<tr>\n<td width=\"208\"><strong>Mayra Patricia Enr\u00edquez L\u00f3pez<\/strong><\/td>\n<td width=\"94\"><strong>Suplente<\/strong><\/td>\n<td width=\"106\"><strong>Designaci\u00f3n<\/strong><\/td>\n<td width=\"104\"><strong>2023-2024 y 2026-2027<\/strong><\/td>\n<\/tr>\n<tr>\n<td rowspan=\"2\" width=\"74\">2<\/td>\n<td width=\"208\"><strong>Nohem\u00ed de la Parra Acosta<\/strong><\/td>\n<td width=\"94\"><strong>Propietaria<\/strong><\/td>\n<td width=\"106\"><strong>Designaci\u00f3n<\/strong><\/td>\n<td width=\"104\"><strong>2023-2024 y 2026-2027<\/strong><\/td>\n<\/tr>\n<tr>\n<td width=\"208\"><strong>Anaid Guti\u00e9rrez S\u00e1nchez<\/strong><\/td>\n<td width=\"94\"><strong>Suplente<\/strong><\/td>\n<td width=\"106\"><strong>Designaci\u00f3n<\/strong><\/td>\n<td width=\"104\"><strong>2023-2024 y 2026-2027<\/strong><\/td>\n<\/tr>\n<tr>\n<td rowspan=\"2\" width=\"74\">3<\/td>\n<td width=\"208\">Roc\u00edo Helena Rangel L\u00f3pez<\/td>\n<td width=\"94\">Propietaria<\/td>\n<td width=\"106\">Ratificaci\u00f3n<\/td>\n<td width=\"104\">2023-2024<\/td>\n<\/tr>\n<tr>\n<td width=\"208\">Luz Gizeh Sosa del \u00c1ngel<\/td>\n<td width=\"94\">Suplente<\/td>\n<td width=\"106\">Ratificaci\u00f3n<\/td>\n<td width=\"104\">2023-2024<\/td>\n<\/tr>\n<tr>\n<td rowspan=\"2\" width=\"74\">4<\/td>\n<td width=\"208\">Jorge Luis V\u00e1zquez Vel\u00e1zquez<\/td>\n<td width=\"94\">Propietario<\/td>\n<td width=\"106\">Ratificaci\u00f3n<\/td>\n<td width=\"104\">2023-2024<\/td>\n<\/tr>\n<tr>\n<td width=\"208\"><strong>Jos\u00e9 Manuel Hern\u00e1ndez Ocejo<\/strong><\/td>\n<td width=\"94\"><strong>Suplente<\/strong><\/td>\n<td width=\"106\"><strong>Designaci\u00f3n<\/strong><\/td>\n<td width=\"104\"><strong>2023-2024 y 2026-2027<\/strong><\/td>\n<\/tr>\n<tr>\n<td rowspan=\"2\" width=\"74\">5<\/td>\n<td width=\"208\"><strong>Adri\u00e1n Garc\u00eda Reyes<\/strong><\/td>\n<td width=\"94\"><strong>Propietario<\/strong><\/td>\n<td width=\"106\"><strong>Designaci\u00f3n<\/strong><\/td>\n<td width=\"104\"><strong>2023-2024 y 2026-2027<\/strong><\/td>\n<\/tr>\n<tr>\n<td width=\"208\">Miguel \u00c1ngel Hurtado Ruelas<\/td>\n<td width=\"94\">Suplente<\/td>\n<td width=\"106\">Ratificaci\u00f3n<\/td>\n<td width=\"104\">2023-2024<\/td>\n<\/tr>\n<tr>\n<td rowspan=\"2\" width=\"74\">6<\/td>\n<td width=\"208\"><strong>H\u00e9ctor Omar Turrubiates Flores<\/strong><\/td>\n<td width=\"94\"><strong>Propietario<\/strong><\/td>\n<td width=\"106\"><strong>Designaci\u00f3n<\/strong><\/td>\n<td width=\"104\"><strong>2023-2024 y 2026-2027<\/strong><\/td>\n<\/tr>\n<tr>\n<td width=\"208\"><strong>Carlos Mart\u00edn Castillo M\u00e9ndez<\/strong><\/td>\n<td width=\"94\"><strong>Suplente<\/strong><\/td>\n<td width=\"106\"><strong>Designaci\u00f3n<\/strong><\/td>\n<td width=\"104\"><strong>2023-2024 y 2026-2027<\/strong><\/td>\n<\/tr>\n<\/tbody>\n<\/table>\n<p><strong>\u00a0<\/strong><\/p>\n<p><strong>Consejeras y Consejeros del 05 Consejo Distrital en San Luis Potos\u00ed<\/strong><\/p>\n<table width=\"585\">\n<thead>\n<tr>\n<td width=\"74\"><strong>F\u00f3rmula<\/strong><\/td>\n<td width=\"208\"><strong>Nombre<\/strong><\/td>\n<td width=\"94\"><strong>Calidad<\/strong><\/td>\n<td width=\"106\"><strong>Tipo de aprobaci\u00f3n<\/strong><\/td>\n<td width=\"104\"><strong>PEF para el que se ratifica\/designa<\/strong><\/td>\n<\/tr>\n<\/thead>\n<tbody>\n<tr>\n<td rowspan=\"2\" width=\"74\">1<\/td>\n<td width=\"208\"><strong>Mar\u00eda del Carmen Hern\u00e1ndez Castillo<\/strong><\/td>\n<td width=\"94\"><strong>Propietaria<\/strong><\/td>\n<td width=\"106\"><strong>Designaci\u00f3n<\/strong><\/td>\n<td width=\"104\"><strong>2023-2024 y 2026-2027<\/strong><\/td>\n<\/tr>\n<tr>\n<td width=\"208\">Martha Monserrat Mendoza Mart\u00ednez<\/td>\n<td width=\"94\">Suplente<\/td>\n<td width=\"106\">Ratificaci\u00f3n<\/td>\n<td width=\"104\">2023-2024<\/td>\n<\/tr>\n<tr>\n<td rowspan=\"2\" width=\"74\">2<\/td>\n<td width=\"208\">Airam Vianey Mart\u00ednez Hern\u00e1ndez<\/td>\n<td width=\"94\">Propietaria<\/td>\n<td width=\"106\">Ratificaci\u00f3n<\/td>\n<td width=\"104\">2023-2024<\/td>\n<\/tr>\n<tr>\n<td width=\"208\"><strong>Olivia Mata Armend\u00e1riz <\/strong><\/td>\n<td width=\"94\">Suplente<\/td>\n<td width=\"106\"><strong>Designaci\u00f3n<\/strong><\/td>\n<td width=\"104\"><strong>2023-2024 y 2026-2027<\/strong><\/td>\n<\/tr>\n<tr>\n<td rowspan=\"2\" width=\"74\">3<\/td>\n<td width=\"208\"><strong>Sof\u00eda Iyali T\u00e9llez Villalobos <\/strong><\/td>\n<td width=\"94\"><strong>Propietaria<\/strong><\/td>\n<td width=\"106\"><strong>Designaci\u00f3n<\/strong><\/td>\n<td width=\"104\"><strong>2023-2024 y 2026-2027<\/strong><\/td>\n<\/tr>\n<tr>\n<td width=\"208\"><strong>Katia Paola Olvera Rodr\u00edguez<\/strong><\/td>\n<td width=\"94\"><strong>Suplente<\/strong><\/td>\n<td width=\"106\"><strong>Designaci\u00f3n<\/strong><\/td>\n<td width=\"104\"><strong>2023-2024 y 2026-2027<\/strong><\/td>\n<\/tr>\n<tr>\n<td rowspan=\"2\" width=\"74\">4<\/td>\n<td width=\"208\"><strong>Juan Mario Sol\u00eds Delgadillo <\/strong><\/td>\n<td width=\"94\"><strong>Propietario<\/strong><\/td>\n<td width=\"106\"><strong>Designaci\u00f3n<\/strong><\/td>\n<td width=\"104\"><strong>2023-2024 y 2026-2027<\/strong><\/td>\n<\/tr>\n<tr>\n<td width=\"208\">Alejandro Landeros Rocha<\/td>\n<td width=\"94\">Suplente<\/td>\n<td width=\"106\">Ratificaci\u00f3n<\/td>\n<td width=\"104\">2023-2024<\/td>\n<\/tr>\n<tr>\n<td rowspan=\"2\" width=\"74\">5<\/td>\n<td width=\"208\">Miguel \u00c1ngel Bustamante Villalpando<\/td>\n<td width=\"94\">Propietario<\/td>\n<td width=\"106\">Ratificaci\u00f3n<\/td>\n<td width=\"104\">2023-2024<\/td>\n<\/tr>\n<tr>\n<td width=\"208\">Jos\u00e9 Enrique Mendoza Torres<\/td>\n<td width=\"94\">Suplente<\/td>\n<td width=\"106\">Ratificaci\u00f3n<\/td>\n<td width=\"104\">2023-2024<\/td>\n<\/tr>\n<tr>\n<td rowspan=\"2\" width=\"74\">6<\/td>\n<td width=\"208\">Jorge Luis Garc\u00eda Rodr\u00edguez<\/td>\n<td width=\"94\">Propietario<\/td>\n<td width=\"106\">Ratificaci\u00f3n<\/td>\n<td width=\"104\">2023-2024<\/td>\n<\/tr>\n<tr>\n<td width=\"208\">Jos\u00e9 Refugio Guti\u00e9rrez Guill\u00e9n<\/td>\n<td width=\"94\">Suplente<\/td>\n<td width=\"106\">Ratificaci\u00f3n<\/td>\n<td width=\"104\">2023-2024<\/td>\n<\/tr>\n<\/tbody>\n<\/table>\n<p><strong>\u00a0<\/strong><\/p>\n<p><strong>Consejeras y Consejeros del 06 Consejo Distrital en San Luis Potos\u00ed<\/strong><\/p>\n<table width=\"585\">\n<thead>\n<tr>\n<td width=\"74\"><strong>F\u00f3rmula<\/strong><\/td>\n<td width=\"208\"><strong>Nombre<\/strong><\/td>\n<td width=\"94\"><strong>Calidad<\/strong><\/td>\n<td width=\"106\"><strong>Tipo de aprobaci\u00f3n<\/strong><\/td>\n<td width=\"104\"><strong>PEF para el que se ratifica\/designa<\/strong><\/td>\n<\/tr>\n<\/thead>\n<tbody>\n<tr>\n<td rowspan=\"2\" width=\"74\">1<\/td>\n<td width=\"208\">Mar\u00eda Concepci\u00f3n S\u00e1nchez \u00c1vila<\/td>\n<td width=\"94\">Propietaria<\/td>\n<td width=\"106\">Ratificaci\u00f3n<\/td>\n<td width=\"104\">2023-2024<\/td>\n<\/tr>\n<tr>\n<td width=\"208\"><strong>Beatriz Mart\u00ednez Monjar\u00e1s<\/strong><\/td>\n<td width=\"94\"><strong>Suplente<\/strong><\/td>\n<td width=\"106\"><strong>Designaci\u00f3n<\/strong><\/td>\n<td width=\"104\"><strong>2023-2024 y 2026-2027<\/strong><\/td>\n<\/tr>\n<tr>\n<td rowspan=\"2\" width=\"74\">2<\/td>\n<td width=\"208\"><strong>Sandra Garc\u00eda Rivera<\/strong><\/td>\n<td width=\"94\"><strong>Propietaria<\/strong><\/td>\n<td width=\"106\"><strong>Designaci\u00f3n<\/strong><\/td>\n<td width=\"104\"><strong>2023-2024 y 2026-2027<\/strong><\/td>\n<\/tr>\n<tr>\n<td width=\"208\"><strong>Laura Montoya Moctezuma<\/strong><\/td>\n<td width=\"94\"><strong>Suplente<\/strong><\/td>\n<td width=\"106\"><strong>Designaci\u00f3n<\/strong><\/td>\n<td width=\"104\"><strong>2023-2024 y 2026-2027<\/strong><\/td>\n<\/tr>\n<tr>\n<td rowspan=\"2\" width=\"74\">3<\/td>\n<td width=\"208\">Sandra Cruz Hern\u00e1ndez<\/td>\n<td width=\"94\">Propietaria<\/td>\n<td width=\"106\">Ratificaci\u00f3n<\/td>\n<td width=\"104\">2023-2024<\/td>\n<\/tr>\n<tr>\n<td width=\"208\"><strong>Liliana Monsiv\u00e1is Guzm\u00e1n<\/strong><\/td>\n<td width=\"94\"><strong>Suplente<\/strong><\/td>\n<td width=\"106\"><strong>Designaci\u00f3n<\/strong><\/td>\n<td width=\"104\"><strong>2023-2024 y 2026-2027<\/strong><\/td>\n<\/tr>\n<tr>\n<td rowspan=\"2\" width=\"74\">4<\/td>\n<td width=\"208\">Jacinto \u00c1vila<\/td>\n<td width=\"94\">Propietario<\/td>\n<td width=\"106\">Ratificaci\u00f3n<\/td>\n<td width=\"104\">2023-2024<\/td>\n<\/tr>\n<tr>\n<td width=\"208\"><strong>Salvador Jorge Alonso Medell\u00edn Lara<\/strong><\/td>\n<td width=\"94\"><strong>Suplente<\/strong><\/td>\n<td width=\"106\"><strong>Designaci\u00f3n<\/strong><\/td>\n<td width=\"104\"><strong>2023-2024 y 2026-2027<\/strong><\/td>\n<\/tr>\n<tr>\n<td rowspan=\"2\" width=\"74\">5<\/td>\n<td width=\"208\">Mariano Vildosola D\u00e1vila<\/td>\n<td width=\"94\">Propietario<\/td>\n<td width=\"106\">Ratificaci\u00f3n<\/td>\n<td width=\"104\">2023-2024<\/td>\n<\/tr>\n<tr>\n<td width=\"208\"><strong>Gustavo Adolfo Barra Morales <\/strong><\/td>\n<td width=\"94\"><strong>Suplente<\/strong><\/td>\n<td width=\"106\"><strong>Designaci\u00f3n<\/strong><\/td>\n<td width=\"104\"><strong>2023-2024 y 2026-2027<\/strong><\/td>\n<\/tr>\n<tr>\n<td rowspan=\"2\" width=\"74\">6<\/td>\n<td width=\"208\">Miguel Vega Romero<\/td>\n<td width=\"94\">Propietario<\/td>\n<td width=\"106\">Ratificaci\u00f3n<\/td>\n<td width=\"104\">2023-2024<\/td>\n<\/tr>\n<tr>\n<td width=\"208\"><strong>Omar Lehi Guti\u00e9rrez Ruiz<\/strong><\/td>\n<td width=\"94\"><strong>Suplente<\/strong><\/td>\n<td width=\"106\"><strong>Designaci\u00f3n<\/strong><\/td>\n<td width=\"104\"><strong>2023-2024 y 2026-2027<\/strong><\/td>\n<\/tr>\n<\/tbody>\n<\/table>\n<p><strong>\u00a0<\/strong><\/p>\n<p><strong>Consejeras y Consejeros del 07 Consejo Distrital en San Luis Potos\u00ed<\/strong><\/p>\n<table width=\"585\">\n<thead>\n<tr>\n<td width=\"74\"><strong>F\u00f3rmula<\/strong><\/td>\n<td width=\"208\"><strong>Nombre<\/strong><\/td>\n<td width=\"94\"><strong>Calidad<\/strong><\/td>\n<td width=\"106\"><strong>Tipo de aprobaci\u00f3n<\/strong><\/td>\n<td width=\"104\"><strong>PEF para el que se ratifica\/designa<\/strong><\/td>\n<\/tr>\n<\/thead>\n<tbody>\n<tr>\n<td rowspan=\"2\" width=\"74\">1<\/td>\n<td width=\"208\"><strong>Mar\u00eda Elva T\u00e9llez Rivera<\/strong><\/td>\n<td width=\"94\"><strong>Propietaria<\/strong><\/td>\n<td width=\"106\"><strong>Designaci\u00f3n<\/strong><\/td>\n<td width=\"104\"><strong>2023-2024 y 2026-2027<\/strong><\/td>\n<\/tr>\n<tr>\n<td width=\"208\">Julia Le\u00f3n Vargas<\/td>\n<td width=\"94\">Suplente<\/td>\n<td width=\"106\">Ratificaci\u00f3n<\/td>\n<td width=\"104\">2023-2024<\/td>\n<\/tr>\n<tr>\n<td rowspan=\"2\" width=\"74\">2<\/td>\n<td width=\"208\">Sof\u00eda Gonz\u00e1lez G\u00f3mez<\/td>\n<td width=\"94\">Propietaria<\/td>\n<td width=\"106\">Ratificaci\u00f3n<\/td>\n<td width=\"104\">2023-2024<\/td>\n<\/tr>\n<tr>\n<td width=\"208\">Dulce Mar\u00eda Vidal Trejo<\/td>\n<td width=\"94\">Suplente<\/td>\n<td width=\"106\">Ratificaci\u00f3n<\/td>\n<td width=\"104\">2023-2024<\/td>\n<\/tr>\n<tr>\n<td rowspan=\"2\" width=\"74\">3<\/td>\n<td width=\"208\">Gemima Valeriano Santiago<\/td>\n<td width=\"94\">Propietaria<\/td>\n<td width=\"106\">Ratificaci\u00f3n<\/td>\n<td width=\"104\">2023-2024<\/td>\n<\/tr>\n<tr>\n<td width=\"208\">Elisa Gosch de la Garza<\/td>\n<td width=\"94\">Suplente<\/td>\n<td width=\"106\">Ratificaci\u00f3n<\/td>\n<td width=\"104\">2023-2024<\/td>\n<\/tr>\n<tr>\n<td rowspan=\"2\" width=\"74\">4<\/td>\n<td width=\"208\">Ra\u00fal Morales Villegas<\/td>\n<td width=\"94\">Propietario<\/td>\n<td width=\"106\">Ratificaci\u00f3n<\/td>\n<td width=\"104\">2023-2024<\/td>\n<\/tr>\n<tr>\n<td width=\"208\">Silverio Jim\u00e9nez del \u00c1ngel<\/td>\n<td width=\"94\">Suplente<\/td>\n<td width=\"106\">Ratificaci\u00f3n<\/td>\n<td width=\"104\">2023-2024<\/td>\n<\/tr>\n<tr>\n<td rowspan=\"2\" width=\"74\">5<\/td>\n<td width=\"208\">J. Jes\u00fas Torres Z\u00fa\u00f1iga<\/td>\n<td width=\"94\">Propietario<\/td>\n<td width=\"106\">Ratificaci\u00f3n<\/td>\n<td width=\"104\">2023-2024<\/td>\n<\/tr>\n<tr>\n<td width=\"208\">Carlos Juventino Mart\u00ednez Escamilla<\/td>\n<td width=\"94\">Suplente<\/td>\n<td width=\"106\">Ratificaci\u00f3n<\/td>\n<td width=\"104\">2023-2024<\/td>\n<\/tr>\n<tr>\n<td rowspan=\"2\" width=\"74\">6<\/td>\n<td width=\"208\">Roberto Medell\u00edn Rangel<\/td>\n<td width=\"94\">Propietario<\/td>\n<td width=\"106\">Ratificaci\u00f3n<\/td>\n<td width=\"104\">2023-2024<\/td>\n<\/tr>\n<tr>\n<td width=\"208\">Manuel Loreto Hern\u00e1ndez<\/td>\n<td width=\"94\">Suplente<\/td>\n<td width=\"106\">Ratificaci\u00f3n<\/td>\n<td width=\"104\">2023-2024<\/td>\n<\/tr>\n<\/tbody>\n<\/table>\n<p><strong>\u00a0<\/strong><\/p>\n<p>En otro punto del orden del d\u00eda, se tom\u00f3 protesta al representante suplente del\u00a0 Partido Movimiento de Regeneraci\u00f3n Nacional (MORENA) N\u00e9stor Daniel Sagah\u00f3n Morales.<\/p>\n<p>&nbsp;<\/p>\n<p>Finalmente, las y los vocales de la Junta Local Ejecutivo, rindieron el informe de las actividades que han venido efectuando desde el inicio del Proceso Electoral y que se mantienen en curso.<\/p>\n<p>&nbsp;<\/p>\n<p><strong>-o0o-<\/strong><\/p>\n","protected":false},"excerpt":{"rendered":"<p>\u00a0 \u00a0 &nbsp; Durante la sesi\u00f3n ordinaria de Consejo Local del Instituto Nacional Electoral, se design\u00f3 a las y los consejeros electorales de los consejos distritales para los Procesos Electorales Federales de \u00a02023-2024 Y 2026-2027. &nbsp; El Consejo Local que preside Pablo Sergio Aispuro C\u00e1rdenas, &hellip; <\/p>\n","protected":false},"author":1,"featured_media":90307,"comment_status":"open","ping_status":"open","sticky":false,"template":"","format":"standard","meta":{"footnotes":""},"categories":[7,11,4,12,5],"tags":[],"class_list":["post-90306","post","type-post","status-publish","format-standard","has-post-thumbnail","hentry","category-ciudad","category-estado","category-inicio","category-nacional","category-politica"],"_links":{"self":[{"href":"https:\/\/amanecerhuasteco.com\/portal\/wp-json\/wp\/v2\/posts\/90306","targetHints":{"allow":["GET"]}}],"collection":[{"href":"https:\/\/amanecerhuasteco.com\/portal\/wp-json\/wp\/v2\/posts"}],"about":[{"href":"https:\/\/amanecerhuasteco.com\/portal\/wp-json\/wp\/v2\/types\/post"}],"author":[{"embeddable":true,"href":"https:\/\/amanecerhuasteco.com\/portal\/wp-json\/wp\/v2\/users\/1"}],"replies":[{"embeddable":true,"href":"https:\/\/amanecerhuasteco.com\/portal\/wp-json\/wp\/v2\/comments?post=90306"}],"version-history":[{"count":1,"href":"https:\/\/amanecerhuasteco.com\/portal\/wp-json\/wp\/v2\/posts\/90306\/revisions"}],"predecessor-version":[{"id":90308,"href":"https:\/\/amanecerhuasteco.com\/portal\/wp-json\/wp\/v2\/posts\/90306\/revisions\/90308"}],"wp:featuredmedia":[{"embeddable":true,"href":"https:\/\/amanecerhuasteco.com\/portal\/wp-json\/wp\/v2\/media\/90307"}],"wp:attachment":[{"href":"https:\/\/amanecerhuasteco.com\/portal\/wp-json\/wp\/v2\/media?parent=90306"}],"wp:term":[{"taxonomy":"category","embeddable":true,"href":"https:\/\/amanecerhuasteco.com\/portal\/wp-json\/wp\/v2\/categories?post=90306"},{"taxonomy":"post_tag","embeddable":true,"href":"https:\/\/amanecerhuasteco.com\/portal\/wp-json\/wp\/v2\/tags?post=90306"}],"curies":[{"name":"wp","href":"https:\/\/api.w.org\/{rel}","templated":true}]}}