{"id":90555,"date":"2023-11-28T07:37:44","date_gmt":"2023-11-28T13:37:44","guid":{"rendered":"http:\/\/amanecerhuasteco.com\/portal\/?p=90555"},"modified":"2023-11-28T07:42:54","modified_gmt":"2023-11-28T13:42:54","slug":"se-analiza-en-congreso-del-estado-el-uso-de-farmacos-para-personas-sentenciadas-por-delitos-de-violacion","status":"publish","type":"post","link":"https:\/\/amanecerhuasteco.com\/portal\/se-analiza-en-congreso-del-estado-el-uso-de-farmacos-para-personas-sentenciadas-por-delitos-de-violacion\/","title":{"rendered":"Se analiza en Congreso del Estado el uso de f\u00e1rmacos para personas sentenciadas por delitos de violaci\u00f3n"},"content":{"rendered":"<div class=\"xdj266r x11i5rnm xat24cr x1mh8g0r x1vvkbs x126k92a\">\n<div dir=\"auto\"><\/div>\n<div dir=\"auto\">-SE ANALIZA CON APEGO A DERECHO LA INICIATIVA QUE PROPONE EL USO DE F\u00c1RMACOS PARA LAS PERSONAS SENTENCIADAS POR EL DELITO DE VIOLACI\u00d3N<\/div>\n<\/div>\n<div class=\"x11i5rnm xat24cr x1mh8g0r x1vvkbs xtlvy1s x126k92a\">\n<div dir=\"auto\"><\/div>\n<div dir=\"auto\">-LA INICIATIVA IMPLICA MODIFICACIONES AL C\u00d3DIGO PENAL DEL ESTADO: DIP. JOS\u00c9 LUIS FERN\u00c1NDEZ MART\u00cdNEZ<\/div>\n<\/div>\n<div class=\"x11i5rnm xat24cr x1mh8g0r x1vvkbs xtlvy1s x126k92a\">\n<div dir=\"auto\">El diputado Jos\u00e9 Luis Fern\u00e1ndez Mart\u00ednez, presidente de la Comisi\u00f3n de Gobernaci\u00f3n del Congreso del Estado, se\u00f1al\u00f3 que se est\u00e1 analizando, con apego a derecho y respeto a derechos humanos, la iniciativa que propone reformar diversos art\u00edculos del C\u00f3digo Penal del Estado, en relaci\u00f3n al uso de tratamiento m\u00e9dico mediante uso de f\u00e1rmacos, y terapia psicol\u00f3gica y psiqui\u00e1trica, para las personas sentenciadas por el delito de violaci\u00f3n.<\/div>\n<\/div>\n<div class=\"x11i5rnm xat24cr x1mh8g0r x1vvkbs xtlvy1s x126k92a\">\n<div dir=\"auto\">Se\u00f1al\u00f3 que esta es una medida que busca reducir la incidencia en este delito, ya que se trata de un delito que agravia a la sociedad, a las v\u00edctimas y sus familias, y que con el uso de estas terapias m\u00e9dicas se busca la reducci\u00f3n de libido del agresor y evitar la repetici\u00f3n del delito.<\/div>\n<\/div>\n<div class=\"x11i5rnm xat24cr x1mh8g0r x1vvkbs xtlvy1s x126k92a\">\n<div dir=\"auto\">\u201cEs una iniciativa que tiene un tr\u00e1nsito diferente por la naturaleza del tema, porque tenemos que estar muy seguros de la decisi\u00f3n que vamos a tomar, que sea apegada a derecho y en estricto respeto a los derechos humanos, pero siempre poniendo en el centro de esta discusi\u00f3n a las v\u00edctimas, y por lo tanto hemos requerido opiniones a diferentes sectores, a diferentes \u00e1reas, algunos de ellos han mostrado simpat\u00eda con este proyecto, otros de ellos han generado observaciones y esa es la parte en la que estamos viendo c\u00f3mo hacemos coincidir los puntos a favor y los puntos en contra para tratar de sacar un buen proyecto.<\/div>\n<\/div>\n<div class=\"x11i5rnm xat24cr x1mh8g0r x1vvkbs xtlvy1s x126k92a\">\n<div dir=\"auto\">Precis\u00f3 que una vez que se tenga el proyecto, \u00e9ste se dar\u00e1 a conocer a trav\u00e9s de reuniones entre los diferentes actores involucrados, y con sus aportaciones, poder presentarlo a discusi\u00f3n en el Pleno del Congreso del Estado.<\/div>\n<\/div>\n<div class=\"x11i5rnm xat24cr x1mh8g0r x1vvkbs xtlvy1s x126k92a\">\n<div dir=\"auto\">\u201cLo que seguir\u00eda a continuaci\u00f3n es que hici\u00e9ramos una reuni\u00f3n con todos los actores que se han pronunciado para poder emitir ya un documento final y poderlo llevar a la discusi\u00f3n al Pleno; estamos en espera de ampliaci\u00f3n de informaci\u00f3n de algunas \u00e1reas, con la que m\u00e1s hemos tenido vinculaci\u00f3n es con la reinserci\u00f3n social, que creo que es una parte muy importante y estamos en espera de seguir recibiendo informaci\u00f3n para podernos reunir ya con un proyecto en firme.<\/div>\n<\/div>\n","protected":false},"excerpt":{"rendered":"<p>-SE ANALIZA CON APEGO A DERECHO LA INICIATIVA QUE PROPONE EL USO DE F\u00c1RMACOS PARA LAS PERSONAS SENTENCIADAS POR EL DELITO DE VIOLACI\u00d3N -LA INICIATIVA IMPLICA MODIFICACIONES AL C\u00d3DIGO PENAL DEL ESTADO: DIP. JOS\u00c9 LUIS FERN\u00c1NDEZ MART\u00cdNEZ El diputado Jos\u00e9 Luis Fern\u00e1ndez Mart\u00ednez, presidente de &hellip; <\/p>\n","protected":false},"author":1,"featured_media":90561,"comment_status":"open","ping_status":"open","sticky":false,"template":"","format":"standard","meta":{"footnotes":""},"categories":[7,23,11,4,12,5],"tags":[],"class_list":["post-90555","post","type-post","status-publish","format-standard","has-post-thumbnail","hentry","category-ciudad","category-congreso","category-estado","category-inicio","category-nacional","category-politica"],"_links":{"self":[{"href":"https:\/\/amanecerhuasteco.com\/portal\/wp-json\/wp\/v2\/posts\/90555","targetHints":{"allow":["GET"]}}],"collection":[{"href":"https:\/\/amanecerhuasteco.com\/portal\/wp-json\/wp\/v2\/posts"}],"about":[{"href":"https:\/\/amanecerhuasteco.com\/portal\/wp-json\/wp\/v2\/types\/post"}],"author":[{"embeddable":true,"href":"https:\/\/amanecerhuasteco.com\/portal\/wp-json\/wp\/v2\/users\/1"}],"replies":[{"embeddable":true,"href":"https:\/\/amanecerhuasteco.com\/portal\/wp-json\/wp\/v2\/comments?post=90555"}],"version-history":[{"count":1,"href":"https:\/\/amanecerhuasteco.com\/portal\/wp-json\/wp\/v2\/posts\/90555\/revisions"}],"predecessor-version":[{"id":90557,"href":"https:\/\/amanecerhuasteco.com\/portal\/wp-json\/wp\/v2\/posts\/90555\/revisions\/90557"}],"wp:featuredmedia":[{"embeddable":true,"href":"https:\/\/amanecerhuasteco.com\/portal\/wp-json\/wp\/v2\/media\/90561"}],"wp:attachment":[{"href":"https:\/\/amanecerhuasteco.com\/portal\/wp-json\/wp\/v2\/media?parent=90555"}],"wp:term":[{"taxonomy":"category","embeddable":true,"href":"https:\/\/amanecerhuasteco.com\/portal\/wp-json\/wp\/v2\/categories?post=90555"},{"taxonomy":"post_tag","embeddable":true,"href":"https:\/\/amanecerhuasteco.com\/portal\/wp-json\/wp\/v2\/tags?post=90555"}],"curies":[{"name":"wp","href":"https:\/\/api.w.org\/{rel}","templated":true}]}}