{"id":909,"date":"2011-10-13T14:20:50","date_gmt":"2011-10-13T20:20:50","guid":{"rendered":"http:\/\/amanecerhuasteco.com\/portal\/2011\/10\/13\/editorial-5\/"},"modified":"2011-10-13T14:20:50","modified_gmt":"2011-10-13T20:20:50","slug":"editorial-5","status":"publish","type":"post","link":"https:\/\/amanecerhuasteco.com\/portal\/editorial-5\/","title":{"rendered":"EDITORIAL"},"content":{"rendered":"<div style=\"text-align: justify\"><strong>DIVERSIFICACI\u00d3N DE LA PRODUCCI\u00d3N DE LA CA\u00d1A DE AZ\u00daCAR<\/strong><\/div>\n<div style=\"text-align: justify\"><\/div>\n<div style=\"text-align: justify\">Una de las actividades productivas de la regi\u00f3n de la cual depende en gran medida la econom\u00eda de la poblaci\u00f3n sin duda es la \u201cca\u00f1a de az\u00facar\u201d sin embargo d\u00eda con d\u00eda es mas dif\u00edcil para el productor de ca\u00f1a, sembrar, cultivar y cosechar por los altos costos que representa este proceso, aunque cabe aclarar que para los grandes productores de ca\u00f1a que tienen superficies de 50 o 100 hect\u00e1reas cuando menos, sus costos se reducen de manera considerable y sus ganancias por ende son mayores, contrario a los productores de ca\u00f1a del sector social que cuentan \u00a0de 1 a 5 hect\u00e1reas y donde los costos se incrementan haciendo muchas de las veces imposible de trabajar sus tierras por falta de capital, siendo victimas de \u201cprestamos\u201d con intereses muy altos que los obliga en poco tiempo a vender su patrimonio para salir de las deudas con los bancos, ante estas situaciones y debido a que la mayor\u00eda de los productores de ca\u00f1a se encuentran en el sector social, algunos de los dirigente ca\u00f1eros actuales est\u00e1n siguiendo lo que hace una d\u00e9cada intentara implementar el extinto l\u00edder ca\u00f1ero de Plan de Ayala, Nemesio Rocha D\u00edaz, qui\u00e9n planteaba diversificar la producci\u00f3n de ca\u00f1a mediante la producci\u00f3n de \u201cfr\u00edjol\u201d y as\u00ed tener ingresos de la ca\u00f1a de az\u00facar y del grano en un mismo ciclo, recordando esta propuesta se hicieron algunos campos demostrativos en las tierras de los ejidos La Fortaleza y Santa Elena\u2026\u2026\u2026\u2026\u2026.. En aquellos campos demostrativos se mostr\u00f3 que en tierras de \u201ctemporal\u201d se puede diversificar la producci\u00f3n ca\u00f1a de az\u00facar y fr\u00edjol, sin embargo con la euforia del \u201cprecio de az\u00facar\u201d se dedicaron \u00fanicamente a producir ca\u00f1a de az\u00facar y dejaron en el olvid\u00f3 producir fr\u00edjol y ahora prefieren adquirir el grano en las tiendas de autoservicio cuando bien pudieran cuando menos producir para consumo familiar\u2026\u2026\u2026\u2026\u2026Sin duda la diversificaci\u00f3n de la producci\u00f3n de ca\u00f1a podr\u00eda ser una opci\u00f3n para que los productores no solo incrementen sus ingresos si no tambi\u00e9n para reducir la importaciones de granos, cuando bien se pueden producir aqu\u00ed de manera intercalada con la ca\u00f1a de az\u00facar\u2026\u2026\u2026\u2026Recientemente \u00a0Arturo Gobellan Landaverde, Presidente de la Uni\u00f3n Local de Productores de Ca\u00f1a de Alianza Popular, planteo ante los industriales propietarios de ese Ingenio Azucarero, la posibilidad de no solo producir \u201caz\u00facar\u201d si no que tambi\u00e9n los industriales inviertan en diversificar la producci\u00f3n y se piense en producir \u201cetanol\u201d, \u201celectricidad\u201d, \u201cmieles\u201d \u00a0y darle uso al bagazo que resulta de la molienda de la ca\u00f1a y de esta forma tener ingresos extras los productores de ca\u00f1a que son los due\u00f1os de la materia prima\u2026\u2026\u2026\u2026\u2026.Con el asunto de la globalizaci\u00f3n hay mercado para cualquier producto que venga de la ca\u00f1a de az\u00facar ahora solo falta de la visi\u00f3n de los industriales y apostarle a diversificar su producci\u00f3n lo cual parece pasara en los pr\u00f3ximos a\u00f1os\u2026.<\/div>\n<div style=\"text-align: justify\"><\/div>\n<div style=\"text-align: justify\">Correo: amanecer_david@hotmail.com<\/div>\n","protected":false},"excerpt":{"rendered":"<p>DIVERSIFICACI\u00d3N DE LA PRODUCCI\u00d3N DE LA CA\u00d1A DE AZ\u00daCAR Una de las actividades productivas de la regi\u00f3n de la cual depende en gran medida la econom\u00eda de la poblaci\u00f3n sin duda es la \u201cca\u00f1a de az\u00facar\u201d sin embargo d\u00eda con d\u00eda es mas dif\u00edcil para &hellip; <\/p>\n","protected":false},"author":1,"featured_media":17874,"comment_status":"open","ping_status":"open","sticky":false,"template":"","format":"standard","meta":{"footnotes":""},"categories":[17],"tags":[],"class_list":["post-909","post","type-post","status-publish","format-standard","has-post-thumbnail","hentry","category-colaboraciones"],"_links":{"self":[{"href":"https:\/\/amanecerhuasteco.com\/portal\/wp-json\/wp\/v2\/posts\/909","targetHints":{"allow":["GET"]}}],"collection":[{"href":"https:\/\/amanecerhuasteco.com\/portal\/wp-json\/wp\/v2\/posts"}],"about":[{"href":"https:\/\/amanecerhuasteco.com\/portal\/wp-json\/wp\/v2\/types\/post"}],"author":[{"embeddable":true,"href":"https:\/\/amanecerhuasteco.com\/portal\/wp-json\/wp\/v2\/users\/1"}],"replies":[{"embeddable":true,"href":"https:\/\/amanecerhuasteco.com\/portal\/wp-json\/wp\/v2\/comments?post=909"}],"version-history":[{"count":0,"href":"https:\/\/amanecerhuasteco.com\/portal\/wp-json\/wp\/v2\/posts\/909\/revisions"}],"wp:featuredmedia":[{"embeddable":true,"href":"https:\/\/amanecerhuasteco.com\/portal\/wp-json\/wp\/v2\/media\/17874"}],"wp:attachment":[{"href":"https:\/\/amanecerhuasteco.com\/portal\/wp-json\/wp\/v2\/media?parent=909"}],"wp:term":[{"taxonomy":"category","embeddable":true,"href":"https:\/\/amanecerhuasteco.com\/portal\/wp-json\/wp\/v2\/categories?post=909"},{"taxonomy":"post_tag","embeddable":true,"href":"https:\/\/amanecerhuasteco.com\/portal\/wp-json\/wp\/v2\/tags?post=909"}],"curies":[{"name":"wp","href":"https:\/\/api.w.org\/{rel}","templated":true}]}}