{"id":91166,"date":"2023-12-14T08:40:12","date_gmt":"2023-12-14T14:40:12","guid":{"rendered":"http:\/\/amanecerhuasteco.com\/portal\/?p=91166"},"modified":"2023-12-14T08:40:12","modified_gmt":"2023-12-14T14:40:12","slug":"en-comisiones-aprueban-reformas-a-la-constitucion-politica-del-estado-para-reconocer-el-trabajo-domestico-no-remunerado-y-a-la-persona-cuidadora-como-co-auxiliar-de-salud","status":"publish","type":"post","link":"https:\/\/amanecerhuasteco.com\/portal\/en-comisiones-aprueban-reformas-a-la-constitucion-politica-del-estado-para-reconocer-el-trabajo-domestico-no-remunerado-y-a-la-persona-cuidadora-como-co-auxiliar-de-salud\/","title":{"rendered":"En comisiones aprueban reformas a la constituci\u00f3n pol\u00edtica del estado para reconocer el trabajo dom\u00e9stico no remunerado y a la persona cuidadora como co-auxiliar de salud  \u00a0"},"content":{"rendered":"<p>&nbsp;<\/p>\n<p>&nbsp;<\/p>\n<p><strong>EL OBJETIVO ES RECONOCER LA LABOR DE LAS PERSONAS CUIDADORAS Y SU LABOR NO REMUNERADA: DIP. EDMUNDO TORRESCANO MEDINA<\/strong><\/p>\n<p>En reuni\u00f3n de la Comisi\u00f3n de Puntos Constitucionales del Congreso del Estado, se aprob\u00f3 el dictamen que reforma los art\u00edculos 8\u00b0 y 12 de la Constituci\u00f3n Pol\u00edtica del Estado de San Luis Potos\u00ed, para reconocer el trabajo dom\u00e9stico no remunerado, as\u00ed como el que lleva a cabo una persona cuidadora como co-auxiliar de salud.<\/p>\n<p>El diputado Edmundo Torrescano Medina, presidente de esta comisi\u00f3n, se\u00f1al\u00f3 que el objetivo es reconocer la labor de las personas cuidadoras y su labor no remunerada.<\/p>\n<p>\u201cA mucha gente se le va la vida cuidando a un familiar,\u00a0 a alg\u00fan ser querido, y no ten\u00edan un reconocimiento en la Constituci\u00f3n, porque finalmente es un trabajo que al final de cuentas no est\u00e1 remunerado; \u00a0es un reconocimiento que se hace, la Federaci\u00f3n apenas est\u00e1 legislando en esta ley y nosotros ir\u00edamos a la vanguardia estableciendo desde la Constituci\u00f3n de San Luis Potos\u00ed el reconocimiento a las y los cuidadores\u201d.<\/p>\n<p>La reforma establece que \u201cesta Constituci\u00f3n reconoce el trabajo que produce bienestar social, al dom\u00e9stico, no remunerado, as\u00ed como el realizado por la persona cuidadora como co-auxiliar de salud cuando la persona que est\u00e1 a su cuidado padece alguna enfermedad cr\u00f3nico-degenerativa, que hacen a la persona receptora de esos cuidados, dependiente, que requiere de cuidados extensos, intensos y de manera permanente\u201d.<\/p>\n<p>Se se\u00f1ala que \u201ctodas las personas tienen derecho a cuidar y a ser cuidadas, las personas en situaci\u00f3n de dependencia tienen el derecho a ser cuidadas de manera digna\u201d.<\/p>\n<p>Por ello, \u201cel Estado establecer\u00e1 las medidas necesarias para fomentar la corresponsabilidad del trabajo dom\u00e9stico y de cuidados en la familia, a fin de reducir la desigualdad de derechos, las violencias y la desigualdad de g\u00e9nero\u201d.<\/p>\n<p>&nbsp;<\/p>\n<p>En la exposici\u00f3n de motivos, se indica que el trabajo dom\u00e9stico y de cuidados se refiere a todas las actividades o labores cuya realizaci\u00f3n est\u00e9 relacionada con el servicio, mantenimiento, apoyo, asistencia, aseo o cuidados propios de una vivienda particular, lo podemos dividir en labores dom\u00e9sticas, y labores de cuidados.<\/p>\n<p>&nbsp;<\/p>\n<p>Indica que el trabajo dom\u00e9stico y de cuidados nunca se le ha dado el reconocimiento que merece, debido a que es comparado con el trabajo econ\u00f3mico, entendiendo este como el que \u201cdirectamente genera ganancias\u201d, por lo cual las actividades del hogar se han desarrollado bajo un entorno de discriminaci\u00f3n, en el que principalmente han sido vinculadas las mujeres.<\/p>\n<p>&nbsp;<\/p>\n<p>El legislador Torrescano Medina indic\u00f3 que se solicit\u00f3 la opini\u00f3n a la Comisi\u00f3n Estatal de Derechos Humanos, \u201cya se le hab\u00eda hecho esta solicitud y estaremos atentos a ver si hay alg\u00fan cuestionamiento o punto a perfeccionar, pero hoy la Comisi\u00f3n de Puntos Constitucionales lo aprueba\u201d.<\/p>\n<p>&nbsp;<\/p>\n<p>El dictamen respectivo ser\u00e1 turnado posteriormente al Pleno para su votaci\u00f3n.<\/p>\n<p>&nbsp;<\/p>\n","protected":false},"excerpt":{"rendered":"<p>&nbsp; &nbsp; EL OBJETIVO ES RECONOCER LA LABOR DE LAS PERSONAS CUIDADORAS Y SU LABOR NO REMUNERADA: DIP. EDMUNDO TORRESCANO MEDINA En reuni\u00f3n de la Comisi\u00f3n de Puntos Constitucionales del Congreso del Estado, se aprob\u00f3 el dictamen que reforma los art\u00edculos 8\u00b0 y 12 de &hellip; <\/p>\n","protected":false},"author":1,"featured_media":91167,"comment_status":"open","ping_status":"open","sticky":false,"template":"","format":"standard","meta":{"footnotes":""},"categories":[7,11,4,12,5],"tags":[],"class_list":["post-91166","post","type-post","status-publish","format-standard","has-post-thumbnail","hentry","category-ciudad","category-estado","category-inicio","category-nacional","category-politica"],"_links":{"self":[{"href":"https:\/\/amanecerhuasteco.com\/portal\/wp-json\/wp\/v2\/posts\/91166","targetHints":{"allow":["GET"]}}],"collection":[{"href":"https:\/\/amanecerhuasteco.com\/portal\/wp-json\/wp\/v2\/posts"}],"about":[{"href":"https:\/\/amanecerhuasteco.com\/portal\/wp-json\/wp\/v2\/types\/post"}],"author":[{"embeddable":true,"href":"https:\/\/amanecerhuasteco.com\/portal\/wp-json\/wp\/v2\/users\/1"}],"replies":[{"embeddable":true,"href":"https:\/\/amanecerhuasteco.com\/portal\/wp-json\/wp\/v2\/comments?post=91166"}],"version-history":[{"count":1,"href":"https:\/\/amanecerhuasteco.com\/portal\/wp-json\/wp\/v2\/posts\/91166\/revisions"}],"predecessor-version":[{"id":91168,"href":"https:\/\/amanecerhuasteco.com\/portal\/wp-json\/wp\/v2\/posts\/91166\/revisions\/91168"}],"wp:featuredmedia":[{"embeddable":true,"href":"https:\/\/amanecerhuasteco.com\/portal\/wp-json\/wp\/v2\/media\/91167"}],"wp:attachment":[{"href":"https:\/\/amanecerhuasteco.com\/portal\/wp-json\/wp\/v2\/media?parent=91166"}],"wp:term":[{"taxonomy":"category","embeddable":true,"href":"https:\/\/amanecerhuasteco.com\/portal\/wp-json\/wp\/v2\/categories?post=91166"},{"taxonomy":"post_tag","embeddable":true,"href":"https:\/\/amanecerhuasteco.com\/portal\/wp-json\/wp\/v2\/tags?post=91166"}],"curies":[{"name":"wp","href":"https:\/\/api.w.org\/{rel}","templated":true}]}}