{"id":91179,"date":"2023-12-15T16:05:52","date_gmt":"2023-12-15T22:05:52","guid":{"rendered":"http:\/\/amanecerhuasteco.com\/portal\/?p=91179"},"modified":"2023-12-15T16:05:52","modified_gmt":"2023-12-15T22:05:52","slug":"dif-estatal-lleva-convivencia-navidena-a-mujeres-privadas-de-la-libertad","status":"publish","type":"post","link":"https:\/\/amanecerhuasteco.com\/portal\/dif-estatal-lleva-convivencia-navidena-a-mujeres-privadas-de-la-libertad\/","title":{"rendered":"DIF estatal lleva convivencia navide\u00f1a a mujeres privadas de la libertad"},"content":{"rendered":"<p>&nbsp;<\/p>\n<ul>\n<li><strong>La presidenta honoraria del Sistema Estatal para el Desarrollo Integral de la Familia (DIF), convivi\u00f3 con cerca de 90 mujeres a quienes les brind\u00f3 un mensaje de esperanza.<\/strong><\/li>\n<\/ul>\n<p>&nbsp;<\/p>\n<p>El Centro de Reinserci\u00f3n Social de La Pila, fue escenario de una emotiva convivencia con motivo de las fiestas decembrinas entre la presidenta honoraria del Sistema Estatal para el Desarrollo Integral de la Familia (DIF), Ruth Gonz\u00e1lez Silva y 90 mujeres Privadas de su Libertad, quienes vivieron momentos de alegr\u00eda, sana convivencia y con el esp\u00edritu navide\u00f1o fortalecieron lazos de compa\u00f1erismo.<\/p>\n<p>Gonz\u00e1lez Silva emiti\u00f3 un mensaje de esperanza a todas las mujeres que se encuentran en este centro de reclusi\u00f3n, a quienes afirm\u00f3 que no est\u00e1n solas porque de la mano con el Gobernador Ricardo Gallardo Cardona se trabaja para que se respeten sus derechos y reciban un trato digno durante su permanencia en dicho centro.<\/p>\n<p>La presidenta del DIF las invit\u00f3 en esta temporada de reflexi\u00f3n, a \u201cno caer en la desesperaci\u00f3n y que sigan luchando por sus sue\u00f1os y una vida mejor\u201d. Posteriormente, les entreg\u00f3 regalos, cobijas y juguetes para los nueve menores de edad que viven junto a sus madres.<\/p>\n<p>Por su parte, el director general de Prevenci\u00f3n y Reinserci\u00f3n Social del Estado, Arturo Cruz Andrade, sostuvo que este convivio en el que las mujeres compartieron momentos de alegr\u00eda y degustaron de alimentos y bebidas t\u00edpicos de la temporada navide\u00f1a, las motiva mejorar sus conductas para una reinserci\u00f3n sana, integral y productiva para ellas y sus familias.<\/p>\n","protected":false},"excerpt":{"rendered":"<p>&nbsp; La presidenta honoraria del Sistema Estatal para el Desarrollo Integral de la Familia (DIF), convivi\u00f3 con cerca de 90 mujeres a quienes les brind\u00f3 un mensaje de esperanza. &nbsp; El Centro de Reinserci\u00f3n Social de La Pila, fue escenario de una emotiva convivencia con &hellip; <\/p>\n","protected":false},"author":1,"featured_media":91180,"comment_status":"open","ping_status":"open","sticky":false,"template":"","format":"standard","meta":{"footnotes":""},"categories":[7,11,4,12,5],"tags":[],"class_list":["post-91179","post","type-post","status-publish","format-standard","has-post-thumbnail","hentry","category-ciudad","category-estado","category-inicio","category-nacional","category-politica"],"_links":{"self":[{"href":"https:\/\/amanecerhuasteco.com\/portal\/wp-json\/wp\/v2\/posts\/91179","targetHints":{"allow":["GET"]}}],"collection":[{"href":"https:\/\/amanecerhuasteco.com\/portal\/wp-json\/wp\/v2\/posts"}],"about":[{"href":"https:\/\/amanecerhuasteco.com\/portal\/wp-json\/wp\/v2\/types\/post"}],"author":[{"embeddable":true,"href":"https:\/\/amanecerhuasteco.com\/portal\/wp-json\/wp\/v2\/users\/1"}],"replies":[{"embeddable":true,"href":"https:\/\/amanecerhuasteco.com\/portal\/wp-json\/wp\/v2\/comments?post=91179"}],"version-history":[{"count":1,"href":"https:\/\/amanecerhuasteco.com\/portal\/wp-json\/wp\/v2\/posts\/91179\/revisions"}],"predecessor-version":[{"id":91181,"href":"https:\/\/amanecerhuasteco.com\/portal\/wp-json\/wp\/v2\/posts\/91179\/revisions\/91181"}],"wp:featuredmedia":[{"embeddable":true,"href":"https:\/\/amanecerhuasteco.com\/portal\/wp-json\/wp\/v2\/media\/91180"}],"wp:attachment":[{"href":"https:\/\/amanecerhuasteco.com\/portal\/wp-json\/wp\/v2\/media?parent=91179"}],"wp:term":[{"taxonomy":"category","embeddable":true,"href":"https:\/\/amanecerhuasteco.com\/portal\/wp-json\/wp\/v2\/categories?post=91179"},{"taxonomy":"post_tag","embeddable":true,"href":"https:\/\/amanecerhuasteco.com\/portal\/wp-json\/wp\/v2\/tags?post=91179"}],"curies":[{"name":"wp","href":"https:\/\/api.w.org\/{rel}","templated":true}]}}