{"id":91203,"date":"2023-12-16T07:15:44","date_gmt":"2023-12-16T13:15:44","guid":{"rendered":"http:\/\/amanecerhuasteco.com\/portal\/?p=91203"},"modified":"2023-12-16T07:15:44","modified_gmt":"2023-12-16T13:15:44","slug":"inicia-periodo-vacacional-en-educacion-basica","status":"publish","type":"post","link":"https:\/\/amanecerhuasteco.com\/portal\/inicia-periodo-vacacional-en-educacion-basica\/","title":{"rendered":"Inicia periodo vacacional en educaci\u00f3n b\u00e1sica"},"content":{"rendered":"<p><strong>\u00a0<\/strong><\/p>\n<p>&nbsp;<\/p>\n<ul>\n<li><strong>Las y los m\u00e1s de 560 mil alumnos de educaci\u00f3n b\u00e1sica disfrutar\u00e1n de su periodo vacacional del 18 de diciembre de 2023 al 8 de enero del 2024<\/strong><\/li>\n<\/ul>\n<p>&nbsp;<\/p>\n<p>La Secretar\u00eda de Educaci\u00f3n de Gobierno del Estado (SEGE), inform\u00f3 que, las y los m\u00e1s de 560 mil alumnos que conforman educaci\u00f3n b\u00e1sica en escuelas p\u00fablicas y privadas gozar\u00e1n de su periodo vacacional invernal del 18 de diciembre del 2023 al 8 de enero del 2024, de acuerdo con lo estipulado en el calendario oficial de la Secretar\u00eda de Educaci\u00f3n P\u00fablica (SEP).<\/p>\n<p>El titular de la dependencia estatal, Juan Carlos Torres Cedillo, detall\u00f3 que este viernes 15 de diciembre es el \u00faltimo d\u00eda de actividades escolares de las ni\u00f1as, ni\u00f1os y adolescentes de educaci\u00f3n preescolar, primaria y secundaria, as\u00ed como de los 40 mil docentes, aunque estos se integrar\u00e1n a una jornada de capacitaci\u00f3n del 3 al 5 de enero del 2024.<\/p>\n<p>Dijo que, de acuerdo con lo instruido por el Gobernador Ricardo Gallardo Cardona, este taller intensivo de formaci\u00f3n continua es ideal para el dise\u00f1o de proyectos en apoyo a la educaci\u00f3n de ni\u00f1as y ni\u00f1os de toda la Entidad.<\/p>\n<p>Torres Cedillo dese\u00f3 una feliz navidad y pr\u00f3spero a\u00f1o 2024 a las y los alumnos, madres y padres de familia, docentes y a toda la comunidad educativa, para que disfruten en unidad y armon\u00eda, adem\u00e1s los llam\u00f3 para que en este periodo vacacional cuiden su salud para prevenir enfermedades respiratorias como el Covid-19, influenza, entre otras.<\/p>\n","protected":false},"excerpt":{"rendered":"<p>\u00a0 &nbsp; Las y los m\u00e1s de 560 mil alumnos de educaci\u00f3n b\u00e1sica disfrutar\u00e1n de su periodo vacacional del 18 de diciembre de 2023 al 8 de enero del 2024 &nbsp; La Secretar\u00eda de Educaci\u00f3n de Gobierno del Estado (SEGE), inform\u00f3 que, las y los &hellip; <\/p>\n","protected":false},"author":1,"featured_media":91204,"comment_status":"open","ping_status":"open","sticky":false,"template":"","format":"standard","meta":{"footnotes":""},"categories":[7,11,4,12,5],"tags":[],"class_list":["post-91203","post","type-post","status-publish","format-standard","has-post-thumbnail","hentry","category-ciudad","category-estado","category-inicio","category-nacional","category-politica"],"_links":{"self":[{"href":"https:\/\/amanecerhuasteco.com\/portal\/wp-json\/wp\/v2\/posts\/91203","targetHints":{"allow":["GET"]}}],"collection":[{"href":"https:\/\/amanecerhuasteco.com\/portal\/wp-json\/wp\/v2\/posts"}],"about":[{"href":"https:\/\/amanecerhuasteco.com\/portal\/wp-json\/wp\/v2\/types\/post"}],"author":[{"embeddable":true,"href":"https:\/\/amanecerhuasteco.com\/portal\/wp-json\/wp\/v2\/users\/1"}],"replies":[{"embeddable":true,"href":"https:\/\/amanecerhuasteco.com\/portal\/wp-json\/wp\/v2\/comments?post=91203"}],"version-history":[{"count":1,"href":"https:\/\/amanecerhuasteco.com\/portal\/wp-json\/wp\/v2\/posts\/91203\/revisions"}],"predecessor-version":[{"id":91205,"href":"https:\/\/amanecerhuasteco.com\/portal\/wp-json\/wp\/v2\/posts\/91203\/revisions\/91205"}],"wp:featuredmedia":[{"embeddable":true,"href":"https:\/\/amanecerhuasteco.com\/portal\/wp-json\/wp\/v2\/media\/91204"}],"wp:attachment":[{"href":"https:\/\/amanecerhuasteco.com\/portal\/wp-json\/wp\/v2\/media?parent=91203"}],"wp:term":[{"taxonomy":"category","embeddable":true,"href":"https:\/\/amanecerhuasteco.com\/portal\/wp-json\/wp\/v2\/categories?post=91203"},{"taxonomy":"post_tag","embeddable":true,"href":"https:\/\/amanecerhuasteco.com\/portal\/wp-json\/wp\/v2\/tags?post=91203"}],"curies":[{"name":"wp","href":"https:\/\/api.w.org\/{rel}","templated":true}]}}