{"id":91215,"date":"2023-12-16T07:45:39","date_gmt":"2023-12-16T13:45:39","guid":{"rendered":"http:\/\/amanecerhuasteco.com\/portal\/?p=91215"},"modified":"2023-12-16T07:45:39","modified_gmt":"2023-12-16T13:45:39","slug":"regidores-de-cabildo-vallense-aprueban-presupuesto-de-egresos-2024","status":"publish","type":"post","link":"https:\/\/amanecerhuasteco.com\/portal\/regidores-de-cabildo-vallense-aprueban-presupuesto-de-egresos-2024\/","title":{"rendered":"Regidores de cabildo vallense aprueban presupuesto de egresos 2024"},"content":{"rendered":"<p>&nbsp;<\/p>\n<p>&nbsp;<\/p>\n<p>Ciudad Valles, S.L.P.- Los integrantes de Cabildo llevaron a cabo este jueves por la tarde las sesiones Ordinarias 53 y 54, donde se aprobaron diversos puntos por mayor\u00eda.<\/p>\n<p>Entre lo aprobado, se encuentra el Proyecto del Presupueso de Egresos para el Ejercicio Fiscal 2024, as\u00ed como algunos ajustes, normas y criterios de la Tesorer\u00eda Municipal.<\/p>\n<p>Adem\u00e1s se aprob\u00f3 por mayor\u00eda, el Protocolo para Prevenir y Erradicar la Violencia laboral en el H. Ayuntamiento de Ciudad Valles.<\/p>\n<p>As\u00ed mismo de la solicitud de autorizaci\u00f3n de pago del arrendamiento del inmueble otorgado en comodato al INEGI, con vigencia del 1\u00b0 de noviembre del 2023 al 31 de diciembre del 2023.<\/p>\n<p>Adem\u00e1s los integrantes del Cabildo, entregaron un donativo al Vallest\u00f3n a la presidenta del DIF Municipal Ena Avenda\u00f1o Uscanga.<\/p>\n","protected":false},"excerpt":{"rendered":"<p>&nbsp; &nbsp; Ciudad Valles, S.L.P.- Los integrantes de Cabildo llevaron a cabo este jueves por la tarde las sesiones Ordinarias 53 y 54, donde se aprobaron diversos puntos por mayor\u00eda. Entre lo aprobado, se encuentra el Proyecto del Presupueso de Egresos para el Ejercicio Fiscal &hellip; <\/p>\n","protected":false},"author":1,"featured_media":91217,"comment_status":"open","ping_status":"open","sticky":false,"template":"","format":"standard","meta":{"footnotes":""},"categories":[7,11,4,12,5,1],"tags":[],"class_list":["post-91215","post","type-post","status-publish","format-standard","has-post-thumbnail","hentry","category-ciudad","category-estado","category-inicio","category-nacional","category-politica","category-sin-categoria"],"_links":{"self":[{"href":"https:\/\/amanecerhuasteco.com\/portal\/wp-json\/wp\/v2\/posts\/91215","targetHints":{"allow":["GET"]}}],"collection":[{"href":"https:\/\/amanecerhuasteco.com\/portal\/wp-json\/wp\/v2\/posts"}],"about":[{"href":"https:\/\/amanecerhuasteco.com\/portal\/wp-json\/wp\/v2\/types\/post"}],"author":[{"embeddable":true,"href":"https:\/\/amanecerhuasteco.com\/portal\/wp-json\/wp\/v2\/users\/1"}],"replies":[{"embeddable":true,"href":"https:\/\/amanecerhuasteco.com\/portal\/wp-json\/wp\/v2\/comments?post=91215"}],"version-history":[{"count":2,"href":"https:\/\/amanecerhuasteco.com\/portal\/wp-json\/wp\/v2\/posts\/91215\/revisions"}],"predecessor-version":[{"id":91218,"href":"https:\/\/amanecerhuasteco.com\/portal\/wp-json\/wp\/v2\/posts\/91215\/revisions\/91218"}],"wp:featuredmedia":[{"embeddable":true,"href":"https:\/\/amanecerhuasteco.com\/portal\/wp-json\/wp\/v2\/media\/91217"}],"wp:attachment":[{"href":"https:\/\/amanecerhuasteco.com\/portal\/wp-json\/wp\/v2\/media?parent=91215"}],"wp:term":[{"taxonomy":"category","embeddable":true,"href":"https:\/\/amanecerhuasteco.com\/portal\/wp-json\/wp\/v2\/categories?post=91215"},{"taxonomy":"post_tag","embeddable":true,"href":"https:\/\/amanecerhuasteco.com\/portal\/wp-json\/wp\/v2\/tags?post=91215"}],"curies":[{"name":"wp","href":"https:\/\/api.w.org\/{rel}","templated":true}]}}