{"id":91262,"date":"2023-12-18T08:56:59","date_gmt":"2023-12-18T14:56:59","guid":{"rendered":"http:\/\/amanecerhuasteco.com\/portal\/?p=91262"},"modified":"2023-12-18T08:56:59","modified_gmt":"2023-12-18T14:56:59","slug":"a-traves-del-instituto-de-desarrollo-humano-y-social-de-los-pueblos-y-comunidades-indigenas-se-realizo-una-expo-artesanal","status":"publish","type":"post","link":"https:\/\/amanecerhuasteco.com\/portal\/a-traves-del-instituto-de-desarrollo-humano-y-social-de-los-pueblos-y-comunidades-indigenas-se-realizo-una-expo-artesanal\/","title":{"rendered":"A trav\u00e9s del Instituto de Desarrollo Humano y Social de los Pueblos y Comunidades Ind\u00edgenas, se realiz\u00f3 una \u00abExpo Artesanal\u00bb."},"content":{"rendered":"<p><strong>\u00a0<\/strong><\/p>\n<p><strong>Gobierno brinda apoyo en promoci\u00f3n a artesanos potosinos<\/strong><\/p>\n<ul>\n<li><\/li>\n<\/ul>\n<p>El Gobierno del Estado, a trav\u00e9s del Instituto de Desarrollo Humano y Social de los Pueblos y Comunidades Ind\u00edgenas (Indepi), realiz\u00f3 la \u00abExpo Artesanal\u00bb, para impulsar el trabajo de las y los artesanos potosinos que habitan en las cuatro regiones.<\/p>\n<p>El titular del Indepi, Filem\u00f3n Hilario Flores, dijo que la instrucci\u00f3n del Gobernador Ricardo Gallardo Cardona es promover el rescate, desarrollo, mejoramiento para la comercializaci\u00f3n y protecci\u00f3n de la artesan\u00eda del Estado, por lo que en colaboraci\u00f3n con la Casa de las Artesan\u00edas de la Direcci\u00f3n de Fomento Artesanal de la Secretar\u00eda de Desarrollo Econ\u00f3mico (Sedeco), se realiz\u00f3 esta exposici\u00f3n.<\/p>\n<p>Dijo que, gracias al trabajo interinstitucional, se brind\u00f3 el espacio y las facilidades para que artesanas y artesanos de diversas regiones del Estado, se beneficiaran de la venta de sus productos, con lo que San Luis Potos\u00ed ya despeg\u00f3 hacia el empoderamiento econ\u00f3mico de las y los artesanos.<\/p>\n<p>Hilario Flores coment\u00f3 que, durante el desarrollo de esta exposici\u00f3n, se concientiz\u00f3 a emprendedores y clientes sobre el \u00abcomercio justo\u00bb, cuyo fin es no regatear los precios establecidos por los artesanos, \u00aby se impulsa un pago justo por un trabajo \u00fanico hecho a mano\u00bb.<\/p>\n","protected":false},"excerpt":{"rendered":"<p>\u00a0 Gobierno brinda apoyo en promoci\u00f3n a artesanos potosinos El Gobierno del Estado, a trav\u00e9s del Instituto de Desarrollo Humano y Social de los Pueblos y Comunidades Ind\u00edgenas (Indepi), realiz\u00f3 la \u00abExpo Artesanal\u00bb, para impulsar el trabajo de las y los artesanos potosinos que habitan &hellip; <\/p>\n","protected":false},"author":1,"featured_media":91263,"comment_status":"open","ping_status":"open","sticky":false,"template":"","format":"standard","meta":{"footnotes":""},"categories":[7,11,4,12,5],"tags":[],"class_list":["post-91262","post","type-post","status-publish","format-standard","has-post-thumbnail","hentry","category-ciudad","category-estado","category-inicio","category-nacional","category-politica"],"_links":{"self":[{"href":"https:\/\/amanecerhuasteco.com\/portal\/wp-json\/wp\/v2\/posts\/91262","targetHints":{"allow":["GET"]}}],"collection":[{"href":"https:\/\/amanecerhuasteco.com\/portal\/wp-json\/wp\/v2\/posts"}],"about":[{"href":"https:\/\/amanecerhuasteco.com\/portal\/wp-json\/wp\/v2\/types\/post"}],"author":[{"embeddable":true,"href":"https:\/\/amanecerhuasteco.com\/portal\/wp-json\/wp\/v2\/users\/1"}],"replies":[{"embeddable":true,"href":"https:\/\/amanecerhuasteco.com\/portal\/wp-json\/wp\/v2\/comments?post=91262"}],"version-history":[{"count":1,"href":"https:\/\/amanecerhuasteco.com\/portal\/wp-json\/wp\/v2\/posts\/91262\/revisions"}],"predecessor-version":[{"id":91264,"href":"https:\/\/amanecerhuasteco.com\/portal\/wp-json\/wp\/v2\/posts\/91262\/revisions\/91264"}],"wp:featuredmedia":[{"embeddable":true,"href":"https:\/\/amanecerhuasteco.com\/portal\/wp-json\/wp\/v2\/media\/91263"}],"wp:attachment":[{"href":"https:\/\/amanecerhuasteco.com\/portal\/wp-json\/wp\/v2\/media?parent=91262"}],"wp:term":[{"taxonomy":"category","embeddable":true,"href":"https:\/\/amanecerhuasteco.com\/portal\/wp-json\/wp\/v2\/categories?post=91262"},{"taxonomy":"post_tag","embeddable":true,"href":"https:\/\/amanecerhuasteco.com\/portal\/wp-json\/wp\/v2\/tags?post=91262"}],"curies":[{"name":"wp","href":"https:\/\/api.w.org\/{rel}","templated":true}]}}