{"id":91287,"date":"2023-12-19T08:11:19","date_gmt":"2023-12-19T14:11:19","guid":{"rendered":"http:\/\/amanecerhuasteco.com\/portal\/?p=91287"},"modified":"2023-12-19T08:11:19","modified_gmt":"2023-12-19T14:11:19","slug":"gobierno-aplicara-operativo-coheton-para-prevenir-accidentes","status":"publish","type":"post","link":"https:\/\/amanecerhuasteco.com\/portal\/gobierno-aplicara-operativo-coheton-para-prevenir-accidentes\/","title":{"rendered":"Gobierno aplicar\u00e1 \u00aboperativo cohet\u00f3n\u00bb para prevenir accidentes"},"content":{"rendered":"<p>&nbsp;<\/p>\n<p>&nbsp;<\/p>\n<ul>\n<li><strong>La Coordinaci\u00f3n Estatal de Protecci\u00f3n Civil (CEPC), encabezar\u00e1 durante el 24, 25 y 31 de diciembre el operativo de vigilancia.<\/strong><\/li>\n<\/ul>\n<p>&nbsp;<\/p>\n<p>Dependencias e instituciones de atenci\u00f3n de emergencias de San Luis Potos\u00ed, se encuentran listas para la aplicaci\u00f3n del \u201cOperativo Cohet\u00f3n\u201d, que llevar\u00e1 a cabo acciones de control de la venta de pirotecnia en la Entidad, la cual estar\u00e1 permitida solo los d\u00edas 24, 30 y 31 de diciembre, en apoyo a la prevenci\u00f3n de accidentes y la seguridad de los festejos decembrinos.<\/p>\n<p>El titular de la Coordinaci\u00f3n Estatal de Protecci\u00f3n Civil (CEPC), Mauricio Ordaz Flores, revel\u00f3 que los puestos autorizados para la venta de este tipo de productos deber\u00e1n instalarse con medidas de seguridad, separados cuando menos en ocho metros, no vender a menores de edad, contar con permiso, as\u00ed como con extintores, una cubeta de agua y una de arena y principalmente no vender pirotecnia prohibida.<\/p>\n<p>Dijo que, de acuerdo con la instrucci\u00f3n del Gobernador de San Luis Potos\u00ed Ricardo Gallardo Cardona, se har\u00e1n recorridos establecimientos en las avenidas y calles, en coordinaci\u00f3n con autoridades municipales, para detectar la venta prohibida de pirotecnia en la v\u00eda p\u00fablica, puestos ambulantes o en inmuebles, por lo que se establecer\u00e1 una coordinaci\u00f3n con los tres niveles de Gobierno.<\/p>\n<p>Finalmente, agreg\u00f3 que el operativo arrancar\u00e1 el 24 de diciembre en la zona metropolitana y se trabajar\u00e1 de la mano con Protecci\u00f3n Civil de la Capital y Bomberos, mientras que, en el resto del Estado, las coordinaciones municipales se estar\u00e1n organizando y colaborando con el personal de la Coordinaci\u00f3n Estatal de Protecci\u00f3n Civil, de la regi\u00f3n Media, Altiplano y Huasteca.<\/p>\n<p>&nbsp;<\/p>\n","protected":false},"excerpt":{"rendered":"<p>&nbsp; &nbsp; La Coordinaci\u00f3n Estatal de Protecci\u00f3n Civil (CEPC), encabezar\u00e1 durante el 24, 25 y 31 de diciembre el operativo de vigilancia. &nbsp; Dependencias e instituciones de atenci\u00f3n de emergencias de San Luis Potos\u00ed, se encuentran listas para la aplicaci\u00f3n del \u201cOperativo Cohet\u00f3n\u201d, que llevar\u00e1 &hellip; <\/p>\n","protected":false},"author":1,"featured_media":91288,"comment_status":"open","ping_status":"open","sticky":false,"template":"","format":"standard","meta":{"footnotes":""},"categories":[7,11,4,12,5],"tags":[],"class_list":["post-91287","post","type-post","status-publish","format-standard","has-post-thumbnail","hentry","category-ciudad","category-estado","category-inicio","category-nacional","category-politica"],"_links":{"self":[{"href":"https:\/\/amanecerhuasteco.com\/portal\/wp-json\/wp\/v2\/posts\/91287","targetHints":{"allow":["GET"]}}],"collection":[{"href":"https:\/\/amanecerhuasteco.com\/portal\/wp-json\/wp\/v2\/posts"}],"about":[{"href":"https:\/\/amanecerhuasteco.com\/portal\/wp-json\/wp\/v2\/types\/post"}],"author":[{"embeddable":true,"href":"https:\/\/amanecerhuasteco.com\/portal\/wp-json\/wp\/v2\/users\/1"}],"replies":[{"embeddable":true,"href":"https:\/\/amanecerhuasteco.com\/portal\/wp-json\/wp\/v2\/comments?post=91287"}],"version-history":[{"count":1,"href":"https:\/\/amanecerhuasteco.com\/portal\/wp-json\/wp\/v2\/posts\/91287\/revisions"}],"predecessor-version":[{"id":91289,"href":"https:\/\/amanecerhuasteco.com\/portal\/wp-json\/wp\/v2\/posts\/91287\/revisions\/91289"}],"wp:featuredmedia":[{"embeddable":true,"href":"https:\/\/amanecerhuasteco.com\/portal\/wp-json\/wp\/v2\/media\/91288"}],"wp:attachment":[{"href":"https:\/\/amanecerhuasteco.com\/portal\/wp-json\/wp\/v2\/media?parent=91287"}],"wp:term":[{"taxonomy":"category","embeddable":true,"href":"https:\/\/amanecerhuasteco.com\/portal\/wp-json\/wp\/v2\/categories?post=91287"},{"taxonomy":"post_tag","embeddable":true,"href":"https:\/\/amanecerhuasteco.com\/portal\/wp-json\/wp\/v2\/tags?post=91287"}],"curies":[{"name":"wp","href":"https:\/\/api.w.org\/{rel}","templated":true}]}}