{"id":91296,"date":"2023-12-19T08:18:54","date_gmt":"2023-12-19T14:18:54","guid":{"rendered":"http:\/\/amanecerhuasteco.com\/portal\/?p=91296"},"modified":"2023-12-19T08:18:54","modified_gmt":"2023-12-19T14:18:54","slug":"posada-navidena-reune-a-cientos-de-familias-en-santa-martha","status":"publish","type":"post","link":"https:\/\/amanecerhuasteco.com\/portal\/posada-navidena-reune-a-cientos-de-familias-en-santa-martha\/","title":{"rendered":"Posada Navide\u00f1a re\u00fane a cientos de familias en Santa Martha"},"content":{"rendered":"<p>&nbsp;<\/p>\n<p>Cientos de familias se reunieron en la tradicional posada navide\u00f1a que el Gobierno Municipal 2021-2024 de #Tamu\u00edn llev\u00f3 al poblado Santa Martha.<br \/>\nEl Presidente Municipal, Ing. Francisco Joel Limas Rivera, acompa\u00f1ado de la Presidenta del SMDIF, Lic. Ma. Del Socorro Segovia y de su equipo de trabajo llegaron hasta el poblado para divertir a los ni\u00f1os y ni\u00f1as en una fiesta por la Navidad.<br \/>\nNi\u00f1os, ni\u00f1as, j\u00f3venes y adultos participaron en los juegos y concursos, hicieron actividades recreativas y se divirtieron rompiendo las pi\u00f1atas en una gran fiesta.<br \/>\nSe les entregaron dulces y se comparti\u00f3 un refrigerio para terminar la convivencia familiar.<br \/>\nEl Gobierno Municipal sigue llevando las posadas a las comunidades y colonias.<\/p>\n","protected":false},"excerpt":{"rendered":"<p>&nbsp; Cientos de familias se reunieron en la tradicional posada navide\u00f1a que el Gobierno Municipal 2021-2024 de #Tamu\u00edn llev\u00f3 al poblado Santa Martha. El Presidente Municipal, Ing. Francisco Joel Limas Rivera, acompa\u00f1ado de la Presidenta del SMDIF, Lic. Ma. Del Socorro Segovia y de su &hellip; <\/p>\n","protected":false},"author":1,"featured_media":91297,"comment_status":"open","ping_status":"open","sticky":false,"template":"","format":"standard","meta":{"footnotes":""},"categories":[7,11,4,12,5],"tags":[],"class_list":["post-91296","post","type-post","status-publish","format-standard","has-post-thumbnail","hentry","category-ciudad","category-estado","category-inicio","category-nacional","category-politica"],"_links":{"self":[{"href":"https:\/\/amanecerhuasteco.com\/portal\/wp-json\/wp\/v2\/posts\/91296","targetHints":{"allow":["GET"]}}],"collection":[{"href":"https:\/\/amanecerhuasteco.com\/portal\/wp-json\/wp\/v2\/posts"}],"about":[{"href":"https:\/\/amanecerhuasteco.com\/portal\/wp-json\/wp\/v2\/types\/post"}],"author":[{"embeddable":true,"href":"https:\/\/amanecerhuasteco.com\/portal\/wp-json\/wp\/v2\/users\/1"}],"replies":[{"embeddable":true,"href":"https:\/\/amanecerhuasteco.com\/portal\/wp-json\/wp\/v2\/comments?post=91296"}],"version-history":[{"count":1,"href":"https:\/\/amanecerhuasteco.com\/portal\/wp-json\/wp\/v2\/posts\/91296\/revisions"}],"predecessor-version":[{"id":91298,"href":"https:\/\/amanecerhuasteco.com\/portal\/wp-json\/wp\/v2\/posts\/91296\/revisions\/91298"}],"wp:featuredmedia":[{"embeddable":true,"href":"https:\/\/amanecerhuasteco.com\/portal\/wp-json\/wp\/v2\/media\/91297"}],"wp:attachment":[{"href":"https:\/\/amanecerhuasteco.com\/portal\/wp-json\/wp\/v2\/media?parent=91296"}],"wp:term":[{"taxonomy":"category","embeddable":true,"href":"https:\/\/amanecerhuasteco.com\/portal\/wp-json\/wp\/v2\/categories?post=91296"},{"taxonomy":"post_tag","embeddable":true,"href":"https:\/\/amanecerhuasteco.com\/portal\/wp-json\/wp\/v2\/tags?post=91296"}],"curies":[{"name":"wp","href":"https:\/\/api.w.org\/{rel}","templated":true}]}}