{"id":91340,"date":"2023-12-21T11:46:46","date_gmt":"2023-12-21T17:46:46","guid":{"rendered":"http:\/\/amanecerhuasteco.com\/portal\/?p=91340"},"modified":"2023-12-21T11:46:46","modified_gmt":"2023-12-21T17:46:46","slug":"la-secretaria-de-educacion-estatal-sege-logro-el-reconocimiento-de-la-oficialia-mayor-del-ejecutivo-por-capacitar-a-347-trabajadoras-y-trabajadores","status":"publish","type":"post","link":"https:\/\/amanecerhuasteco.com\/portal\/la-secretaria-de-educacion-estatal-sege-logro-el-reconocimiento-de-la-oficialia-mayor-del-ejecutivo-por-capacitar-a-347-trabajadoras-y-trabajadores\/","title":{"rendered":"La Secretar\u00eda de Educaci\u00f3n Estatal (SEGE), logr\u00f3 el reconocimiento de la Oficial\u00eda Mayor del Ejecutivo por capacitar a 347 trabajadoras y trabajadores."},"content":{"rendered":"<p>EDUCACI\u00d3N, RUBRO CON MAYOR N\u00daMERO DE PERSONAL CAPACITADO<br \/>\n\u2022<\/p>\n<p>En apoyo las y los potosinos con la mejora permanente del servicio, la Secretar\u00eda de Educaci\u00f3n de Gobierno del Estado (SEGE), fue reconocida por la Oficial\u00eda Mayor del Ejecutivo como una de las dependencias con mejores resultados en capacitaci\u00f3n durante el 2023, al haber contribuido en la formaci\u00f3n de 347 trabajadoras y trabajadores de la educaci\u00f3n en 16 cursos.<br \/>\nEl titular de la dependencia, Juan Carlos Torres Cedillo, reconoci\u00f3 el esfuerzo de la Direcci\u00f3n de Administraci\u00f3n a trav\u00e9s de Recursos Humanos, por atender las actividades del Programa Anual de Capacitaci\u00f3n, como parte de la estrategia educativa implementada por el Gobernador de San Luis Potos\u00ed Ricardo Gallardo Cardona.<br \/>\n\u201cYa despegamos hacia la actualizaci\u00f3n y una mejor preparaci\u00f3n del personal educativo, para garantizar una educaci\u00f3n de calidad en las cuatro regiones\u201d, expres\u00f3.<br \/>\nTorres Cedillo felicit\u00f3 a todas y todos quienes participaron en alguno de los diversos cursos que se ofrecieron en este a\u00f1o y reiter\u00f3 el llamado a las y los integrantes de las oficinas administrativas a estar pendientes de las inscripciones a los cursos y capacitaciones que se tienen preparadas para el siguiente a\u00f1o.<\/p>\n","protected":false},"excerpt":{"rendered":"<p>EDUCACI\u00d3N, RUBRO CON MAYOR N\u00daMERO DE PERSONAL CAPACITADO \u2022 En apoyo las y los potosinos con la mejora permanente del servicio, la Secretar\u00eda de Educaci\u00f3n de Gobierno del Estado (SEGE), fue reconocida por la Oficial\u00eda Mayor del Ejecutivo como una de las dependencias con mejores &hellip; <\/p>\n","protected":false},"author":1,"featured_media":91341,"comment_status":"open","ping_status":"open","sticky":false,"template":"","format":"standard","meta":{"footnotes":""},"categories":[7,11,4,12,5],"tags":[],"class_list":["post-91340","post","type-post","status-publish","format-standard","has-post-thumbnail","hentry","category-ciudad","category-estado","category-inicio","category-nacional","category-politica"],"_links":{"self":[{"href":"https:\/\/amanecerhuasteco.com\/portal\/wp-json\/wp\/v2\/posts\/91340","targetHints":{"allow":["GET"]}}],"collection":[{"href":"https:\/\/amanecerhuasteco.com\/portal\/wp-json\/wp\/v2\/posts"}],"about":[{"href":"https:\/\/amanecerhuasteco.com\/portal\/wp-json\/wp\/v2\/types\/post"}],"author":[{"embeddable":true,"href":"https:\/\/amanecerhuasteco.com\/portal\/wp-json\/wp\/v2\/users\/1"}],"replies":[{"embeddable":true,"href":"https:\/\/amanecerhuasteco.com\/portal\/wp-json\/wp\/v2\/comments?post=91340"}],"version-history":[{"count":1,"href":"https:\/\/amanecerhuasteco.com\/portal\/wp-json\/wp\/v2\/posts\/91340\/revisions"}],"predecessor-version":[{"id":91342,"href":"https:\/\/amanecerhuasteco.com\/portal\/wp-json\/wp\/v2\/posts\/91340\/revisions\/91342"}],"wp:featuredmedia":[{"embeddable":true,"href":"https:\/\/amanecerhuasteco.com\/portal\/wp-json\/wp\/v2\/media\/91341"}],"wp:attachment":[{"href":"https:\/\/amanecerhuasteco.com\/portal\/wp-json\/wp\/v2\/media?parent=91340"}],"wp:term":[{"taxonomy":"category","embeddable":true,"href":"https:\/\/amanecerhuasteco.com\/portal\/wp-json\/wp\/v2\/categories?post=91340"},{"taxonomy":"post_tag","embeddable":true,"href":"https:\/\/amanecerhuasteco.com\/portal\/wp-json\/wp\/v2\/tags?post=91340"}],"curies":[{"name":"wp","href":"https:\/\/api.w.org\/{rel}","templated":true}]}}