{"id":91343,"date":"2023-12-21T11:54:24","date_gmt":"2023-12-21T17:54:24","guid":{"rendered":"http:\/\/amanecerhuasteco.com\/portal\/?p=91343"},"modified":"2023-12-21T11:54:24","modified_gmt":"2023-12-21T17:54:24","slug":"unidos-industriales-y-productores-buscan-amplificar-la-voz-del-campo-para-enfrentar-retos-agricolas","status":"publish","type":"post","link":"https:\/\/amanecerhuasteco.com\/portal\/unidos-industriales-y-productores-buscan-amplificar-la-voz-del-campo-para-enfrentar-retos-agricolas\/","title":{"rendered":"Unidos, industriales y productores buscan amplificar la voz del campo para enfrentar retos agr\u00edcolas"},"content":{"rendered":"<p>&nbsp;<\/p>\n<p>&nbsp;<\/p>\n<ul>\n<li>Firman convenio de colaboraci\u00f3n la Asociaci\u00f3n de Productores de Hortalizas del Yaqui y Mayo (APHYM) y la Uni\u00f3n Mexicana de Fabricantes y Formuladores de Agroqu\u00edmicos (UMFFAAC)<\/li>\n<li>El objetivo es impulsar un campo m\u00e1s productivo, lograr crecimiento econ\u00f3mico y la generaci\u00f3n de empleos<\/li>\n<\/ul>\n<p>&nbsp;<\/p>\n<p>La colaboraci\u00f3n entre productores e industriales del sector rural es fundamental para enfrentar la crisis que afecta al campo. Esta alianza tiene como objetivo \u00a0amplificar la voz del sector agr\u00edcola para que las preocupaciones y necesidades sean escuchadas por los responsables de la toma de decisiones en los distintos niveles de gobierno.<\/p>\n<p>As\u00ed lo aseguraron Luis Eduardo Gonz\u00e1lez Cepeda, presidente de la Uni\u00f3n Mexicana de Fabricantes y Formuladores de Agroqu\u00edmicos (UMFFAAC) y Benjam\u00edn Esquer Astiazar\u00e1n, presidente de la Asociaci\u00f3n de Productores de Hortalizas del Yaqui y Mayo (APHYM) al firmar un convenio de colaboraci\u00f3n entre ambas agrupaciones.<\/p>\n<p>En la firma de convenio, el representante de los industriales de protecci\u00f3n de cultivos, Luis Eduardo Gonz\u00e1lez, destac\u00f3 que esta mayor cercan\u00eda entre agricultores e industriales fortalecer\u00e1 la producci\u00f3n de m\u00e1s y mejores alimentos por parte de los socios de la APHYM, quienes generan cultivos valorados en m\u00e1s de 450 millones de d\u00f3lares al a\u00f1o.<\/p>\n<p>El convenio proporcionar\u00e1 capacitaci\u00f3n en el manejo y uso de agroqu\u00edmicos, calibraci\u00f3n de equipos, control de malezas y reconocimiento de plagas. Adem\u00e1s, se organizar\u00e1n foros con expertos e investigadores para utilizar la ciencia en la mejora de la producci\u00f3n de alimentos saludables y seguros.<\/p>\n<p>Benjam\u00edn Esquer resalt\u00f3 la importancia de un manejo responsable de los agroqu\u00edmicos en un contexto de crisis econ\u00f3mica, fluctuaciones en la paridad peso-d\u00f3lar, aumento en importaciones y desaf\u00edos en la contrataci\u00f3n de mano de obra. \u201cEste convenio nos permite alinear nuestros esfuerzos para enfrentar los desaf\u00edos actuales y lograr un mejor resultado para el campo\u201d, afirm\u00f3.<\/p>\n<p>Ambos dirigentes coincidieron en la importancia de crear sinergias entre productores e industriales. Enfatizaron que la colaboraci\u00f3n es fundamental para lograr un campo m\u00e1s productivo, obtener un crecimiento econ\u00f3mico sostenible \u00a0y generar el empleo necesario en el sector agr\u00edcola.<\/p>\n<p>La UMFFAAC, con m\u00e1s de cuatro d\u00e9cadas de experiencia, contribuir\u00e1 con sus programas de Atenci\u00f3n a inTOXicaciones (ATOX) y Uso Responsable de Agroqu\u00edmicos (PURA), reforzando su compromiso con pr\u00e1cticas sostenibles y seguras en el sector agr\u00edcola. Por su parte, APHYM quien representa a 108 socios en Sonora, gestionando 13 mil hect\u00e1reas de cultivo de hortalizas.<\/p>\n<p>&nbsp;<\/p>\n<p>&#8212;<\/p>\n","protected":false},"excerpt":{"rendered":"<p>&nbsp; &nbsp; Firman convenio de colaboraci\u00f3n la Asociaci\u00f3n de Productores de Hortalizas del Yaqui y Mayo (APHYM) y la Uni\u00f3n Mexicana de Fabricantes y Formuladores de Agroqu\u00edmicos (UMFFAAC) El objetivo es impulsar un campo m\u00e1s productivo, lograr crecimiento econ\u00f3mico y la generaci\u00f3n de empleos &nbsp; &hellip; <\/p>\n","protected":false},"author":1,"featured_media":91344,"comment_status":"open","ping_status":"open","sticky":false,"template":"","format":"standard","meta":{"footnotes":""},"categories":[7,11,4,12,5],"tags":[],"class_list":["post-91343","post","type-post","status-publish","format-standard","has-post-thumbnail","hentry","category-ciudad","category-estado","category-inicio","category-nacional","category-politica"],"_links":{"self":[{"href":"https:\/\/amanecerhuasteco.com\/portal\/wp-json\/wp\/v2\/posts\/91343","targetHints":{"allow":["GET"]}}],"collection":[{"href":"https:\/\/amanecerhuasteco.com\/portal\/wp-json\/wp\/v2\/posts"}],"about":[{"href":"https:\/\/amanecerhuasteco.com\/portal\/wp-json\/wp\/v2\/types\/post"}],"author":[{"embeddable":true,"href":"https:\/\/amanecerhuasteco.com\/portal\/wp-json\/wp\/v2\/users\/1"}],"replies":[{"embeddable":true,"href":"https:\/\/amanecerhuasteco.com\/portal\/wp-json\/wp\/v2\/comments?post=91343"}],"version-history":[{"count":1,"href":"https:\/\/amanecerhuasteco.com\/portal\/wp-json\/wp\/v2\/posts\/91343\/revisions"}],"predecessor-version":[{"id":91345,"href":"https:\/\/amanecerhuasteco.com\/portal\/wp-json\/wp\/v2\/posts\/91343\/revisions\/91345"}],"wp:featuredmedia":[{"embeddable":true,"href":"https:\/\/amanecerhuasteco.com\/portal\/wp-json\/wp\/v2\/media\/91344"}],"wp:attachment":[{"href":"https:\/\/amanecerhuasteco.com\/portal\/wp-json\/wp\/v2\/media?parent=91343"}],"wp:term":[{"taxonomy":"category","embeddable":true,"href":"https:\/\/amanecerhuasteco.com\/portal\/wp-json\/wp\/v2\/categories?post=91343"},{"taxonomy":"post_tag","embeddable":true,"href":"https:\/\/amanecerhuasteco.com\/portal\/wp-json\/wp\/v2\/tags?post=91343"}],"curies":[{"name":"wp","href":"https:\/\/api.w.org\/{rel}","templated":true}]}}