{"id":91349,"date":"2023-12-21T11:58:31","date_gmt":"2023-12-21T17:58:31","guid":{"rendered":"http:\/\/amanecerhuasteco.com\/portal\/?p=91349"},"modified":"2023-12-21T11:58:31","modified_gmt":"2023-12-21T17:58:31","slug":"caravana-navidena-en-la-zona-indigena-tenek-encabezo-el-alcalde-david-medina","status":"publish","type":"post","link":"https:\/\/amanecerhuasteco.com\/portal\/caravana-navidena-en-la-zona-indigena-tenek-encabezo-el-alcalde-david-medina\/","title":{"rendered":"Caravana navide\u00f1a en la zona ind\u00ecgena T\u00e8nek, encabezo el alcalde David Medina"},"content":{"rendered":"<p>&nbsp;<\/p>\n<p>&nbsp;<\/p>\n<p>Ciudad Valles, S.L.P.- El Presidente Municipal David Armando Medina Salazar, encabez\u00f3 la Caravana Navide\u00f1a que llev\u00f3 sonrisas y juguetes a miles de ni\u00f1os de la zona t\u00e9nek.<\/p>\n<p>La traves\u00eda navide\u00f1a abarc\u00f3 ejidos y comunidades de esta cordillera, donde la magia de la temporada cobr\u00f3 vida en las familias que habitan estos lugares.<\/p>\n<p>El recorrido, cargado de esp\u00edritu festivo, tuvo como objetivo principal brindar momentos de felicidad a los m\u00e1s peque\u00f1os, quienes recibieron con entusiasmo los obsequios entregados con cari\u00f1o.<\/p>\n<p>La iniciativa no solo se limit\u00f3 a distribuir juguetes, sino que tambi\u00e9n llev\u00f3 consigo un mensaje de amor y felicidad, fortaleciendo los lazos en estas fechas especiales.<\/p>\n<p>La presencia del Presidente Municipal y su esposa y Presidenta del DIF Ena Avenda\u00f1o Uscanga en la caravana, a\u00f1adi\u00f3 un toque personal y solidario, destacando su compromiso con el bienestar de los habitantes.<\/p>\n<p>Ciudad Valles vivi\u00f3 una noche llena de esperanza y celebraci\u00f3n, fortaleciendo el compromiso de amor y uni\u00f3n de todos.<\/p>\n","protected":false},"excerpt":{"rendered":"<p>&nbsp; &nbsp; Ciudad Valles, S.L.P.- El Presidente Municipal David Armando Medina Salazar, encabez\u00f3 la Caravana Navide\u00f1a que llev\u00f3 sonrisas y juguetes a miles de ni\u00f1os de la zona t\u00e9nek. La traves\u00eda navide\u00f1a abarc\u00f3 ejidos y comunidades de esta cordillera, donde la magia de la temporada &hellip; <\/p>\n","protected":false},"author":1,"featured_media":91350,"comment_status":"open","ping_status":"open","sticky":false,"template":"","format":"standard","meta":{"footnotes":""},"categories":[7,11,4,12,5],"tags":[],"class_list":["post-91349","post","type-post","status-publish","format-standard","has-post-thumbnail","hentry","category-ciudad","category-estado","category-inicio","category-nacional","category-politica"],"_links":{"self":[{"href":"https:\/\/amanecerhuasteco.com\/portal\/wp-json\/wp\/v2\/posts\/91349","targetHints":{"allow":["GET"]}}],"collection":[{"href":"https:\/\/amanecerhuasteco.com\/portal\/wp-json\/wp\/v2\/posts"}],"about":[{"href":"https:\/\/amanecerhuasteco.com\/portal\/wp-json\/wp\/v2\/types\/post"}],"author":[{"embeddable":true,"href":"https:\/\/amanecerhuasteco.com\/portal\/wp-json\/wp\/v2\/users\/1"}],"replies":[{"embeddable":true,"href":"https:\/\/amanecerhuasteco.com\/portal\/wp-json\/wp\/v2\/comments?post=91349"}],"version-history":[{"count":2,"href":"https:\/\/amanecerhuasteco.com\/portal\/wp-json\/wp\/v2\/posts\/91349\/revisions"}],"predecessor-version":[{"id":91352,"href":"https:\/\/amanecerhuasteco.com\/portal\/wp-json\/wp\/v2\/posts\/91349\/revisions\/91352"}],"wp:featuredmedia":[{"embeddable":true,"href":"https:\/\/amanecerhuasteco.com\/portal\/wp-json\/wp\/v2\/media\/91350"}],"wp:attachment":[{"href":"https:\/\/amanecerhuasteco.com\/portal\/wp-json\/wp\/v2\/media?parent=91349"}],"wp:term":[{"taxonomy":"category","embeddable":true,"href":"https:\/\/amanecerhuasteco.com\/portal\/wp-json\/wp\/v2\/categories?post=91349"},{"taxonomy":"post_tag","embeddable":true,"href":"https:\/\/amanecerhuasteco.com\/portal\/wp-json\/wp\/v2\/tags?post=91349"}],"curies":[{"name":"wp","href":"https:\/\/api.w.org\/{rel}","templated":true}]}}