{"id":91359,"date":"2023-12-21T12:15:05","date_gmt":"2023-12-21T18:15:05","guid":{"rendered":"http:\/\/amanecerhuasteco.com\/portal\/?p=91359"},"modified":"2023-12-21T12:15:05","modified_gmt":"2023-12-21T18:15:05","slug":"en-comisiones-se-analiza-en-comisiones-una-iniciativa-de-reforma-para-incluir-al-sector-indigena-y-afrodescendiente-en-la-ley-de-salud","status":"publish","type":"post","link":"https:\/\/amanecerhuasteco.com\/portal\/en-comisiones-se-analiza-en-comisiones-una-iniciativa-de-reforma-para-incluir-al-sector-indigena-y-afrodescendiente-en-la-ley-de-salud\/","title":{"rendered":"En comisiones se analiza en comisiones una iniciativa de reforma para incluir al sector ind\u00edgena y afrodescendiente en la ley de salud  \u00a0"},"content":{"rendered":"<p>&nbsp;<\/p>\n<table width=\"100\">\n<tbody>\n<tr>\n<td width=\"100\"><\/td>\n<\/tr>\n<\/tbody>\n<\/table>\n<p>&nbsp;<\/p>\n<p><strong>NECESARIO DISE\u00d1AR POL\u00cdTICAS P\u00daBLICAS QUE PERMITAN LA CREACI\u00d3N DE INSTITUCIONES Y LA PUESTA EN MARCHA DE PROGRAMAS QUE POR DIVERSAS CONDICIONES INTEGRAN LOS GRUPOS VULNERABLES<\/strong><\/p>\n<p>Se analiza en comisiones una iniciativa de reforma para incluir al sector ind\u00edgena y afrodescendiente en la Ley de Salud del Estado, para que exista un marco jur\u00eddico adecuado para dise\u00f1ar pol\u00edticas p\u00fablicas que permitan la creaci\u00f3n de instituciones y la puesta en marcha de programas que por diversas condiciones integran los grupos vulnerables.<\/p>\n<p>La propuesta fue presentada por los diputados Jos\u00e9 Luis Fern\u00e1ndez Mart\u00ednez, Eloy Franklin Sarabia, Nadia Esmeralda Ochoa Lim\u00f3n, Roberto Ulises Mendoza Padr\u00f3n, Edgar Alejandro Anaya Escobedo, Dolores Eliza Garc\u00eda Rom\u00e1n, y Martha Patricia Aradillas Aradillas integrantes del Grupo Parlamentario del Partido Verde Ecologista de M\u00e9xico, as\u00ed como Ren\u00e9 Oyarvide Ibarra, Cinthia Ver\u00f3nica Segovia Colunga, y Salvador Isa\u00eds Rodr\u00edguez, integrantes del Grupo Parlamentario del Partido del Trabajo.<\/p>\n<p>En la exposici\u00f3n de motivos se\u00f1alan que existen sectores de la sociedad, que debido a determinadas condiciones son m\u00e1s propensos a que sus derechos humanos sean violados. Son aquellas personas o grupos que, por sus caracter\u00edsticas de desventaja por edad, sexo, estado civil, nivel educativo, origen \u00e9tnico, situaci\u00f3n o condici\u00f3n f\u00edsica y\/o mental; requieren de un esfuerzo adicional para incorporarse al desarrollo y a la convivencia.<\/p>\n<p>\u201cNuestra Ley de Salud del Estado hace referencia a estos grupos en su art\u00edculo 23 enlistando la mayor\u00eda de los grupos vulnerables con excepci\u00f3n de los dos siguientes: ind\u00edgenas y afromexicanos. Estos sectores sociales se caracterizan por una inadecuada protecci\u00f3n integral, plena y efectiva a sus derechos humanos debido a la falta de reconocimiento jur\u00eddico y social; aun a pesar de que recientemente se ha fortalecido su determinaci\u00f3n jur\u00eddica en el art\u00edculo segundo de la propia Constituci\u00f3n Pol\u00edtica de los Estados Unidos Mexicanos\u201d.<\/p>\n<p>Establecen que \u201cel Estado Mexicano debe contar con el marco jur\u00eddico adecuado para dise\u00f1ar pol\u00edticas p\u00fablicas que permitan la creaci\u00f3n de instituciones y la puesta en marcha de programas que por diversas condiciones integran los grupos vulnerables. Resulta necesario que nuestras legislaciones adopten en sus disposiciones la protecci\u00f3n para todos aquellos pertenecientes a estos grupos vulnerables pues de no ser as\u00ed agravar\u00eda el estado de indefensi\u00f3n en el que se encuentran vulnerando a\u00fan m\u00e1s sus garant\u00edas constitucionales y sus derechos humanos\u201d.<\/p>\n<p>La iniciativa fue turnada a las comisiones correspondientes para su an\u00e1lisis y posterior dictamen.<\/p>\n<p>&#8212;<\/p>\n","protected":false},"excerpt":{"rendered":"<p>&nbsp; &nbsp; NECESARIO DISE\u00d1AR POL\u00cdTICAS P\u00daBLICAS QUE PERMITAN LA CREACI\u00d3N DE INSTITUCIONES Y LA PUESTA EN MARCHA DE PROGRAMAS QUE POR DIVERSAS CONDICIONES INTEGRAN LOS GRUPOS VULNERABLES Se analiza en comisiones una iniciativa de reforma para incluir al sector ind\u00edgena y afrodescendiente en la Ley &hellip; <\/p>\n","protected":false},"author":1,"featured_media":91360,"comment_status":"open","ping_status":"open","sticky":false,"template":"","format":"standard","meta":{"footnotes":""},"categories":[7,23,11,4],"tags":[],"class_list":["post-91359","post","type-post","status-publish","format-standard","has-post-thumbnail","hentry","category-ciudad","category-congreso","category-estado","category-inicio"],"_links":{"self":[{"href":"https:\/\/amanecerhuasteco.com\/portal\/wp-json\/wp\/v2\/posts\/91359","targetHints":{"allow":["GET"]}}],"collection":[{"href":"https:\/\/amanecerhuasteco.com\/portal\/wp-json\/wp\/v2\/posts"}],"about":[{"href":"https:\/\/amanecerhuasteco.com\/portal\/wp-json\/wp\/v2\/types\/post"}],"author":[{"embeddable":true,"href":"https:\/\/amanecerhuasteco.com\/portal\/wp-json\/wp\/v2\/users\/1"}],"replies":[{"embeddable":true,"href":"https:\/\/amanecerhuasteco.com\/portal\/wp-json\/wp\/v2\/comments?post=91359"}],"version-history":[{"count":1,"href":"https:\/\/amanecerhuasteco.com\/portal\/wp-json\/wp\/v2\/posts\/91359\/revisions"}],"predecessor-version":[{"id":91361,"href":"https:\/\/amanecerhuasteco.com\/portal\/wp-json\/wp\/v2\/posts\/91359\/revisions\/91361"}],"wp:featuredmedia":[{"embeddable":true,"href":"https:\/\/amanecerhuasteco.com\/portal\/wp-json\/wp\/v2\/media\/91360"}],"wp:attachment":[{"href":"https:\/\/amanecerhuasteco.com\/portal\/wp-json\/wp\/v2\/media?parent=91359"}],"wp:term":[{"taxonomy":"category","embeddable":true,"href":"https:\/\/amanecerhuasteco.com\/portal\/wp-json\/wp\/v2\/categories?post=91359"},{"taxonomy":"post_tag","embeddable":true,"href":"https:\/\/amanecerhuasteco.com\/portal\/wp-json\/wp\/v2\/tags?post=91359"}],"curies":[{"name":"wp","href":"https:\/\/api.w.org\/{rel}","templated":true}]}}